{"id":366957,"date":"2026-04-15T04:49:17","date_gmt":"2026-04-15T04:49:17","guid":{"rendered":"https:\/\/www.europesays.com\/pl\/366957\/"},"modified":"2026-04-15T04:49:17","modified_gmt":"2026-04-15T04:49:17","slug":"elektryczny-nissan-juke-wyglada-jak-nie-z-tej-ziemi-japonczycy-zaszaleli","status":"publish","type":"post","link":"https:\/\/www.europesays.com\/pl\/366957\/","title":{"rendered":"Elektryczny Nissan Juke wygl\u0105da jak nie z tej ziemi. Japo\u0144czycy zaszaleli"},"content":{"rendered":"<p>Koniec oczekiwania \u2014 przed pa\u0144stwem pierwszy w pe\u0142ni elektryczny Nissan Juke. Japo\u0144czykom uda\u0142o si\u0119 dokona\u0107 niemo\u017cliwego, bo jego wygl\u0105d szokuje jeszcze bardziej ni\u017c stylistyka pierwszej generacji tego crossovera. Trzecie wcielenie Juke\u2019a wygl\u0105da jak samoch\u00f3d wyci\u0105gni\u0119ty \u017cywcem z prymitywnej gry komputerowej z ko\u0144c\u00f3wki ubieg\u0142ego wieku. To uk\u0142on w stron\u0119 szalej\u0105cej mody na lata 90.? &#8222;Zetki&#8221; b\u0119d\u0105 zachwycone.<\/p>\n<p> Dalszy ci\u0105g artyku\u0142u pod materia\u0142em wideo Nowy Nissan Juke kontynuuje tradycj\u0119 tego modelu<\/p>\n<p>Trzecia generacja Nissana Juke\u2019a zadebiutowa\u0142a podczas wydarzenia Nissan Vision w Japonii, gdzie producent przedstawi\u0142 swoje d\u0142ugoterminowe plany rozwoju oraz nowe technologie. Wed\u0142ug przedstawicieli marki elektryczny nap\u0119d w Juke\u2019u to naturalna odpowied\u017a na zmieniaj\u0105ce si\u0119 oczekiwania europejskich klient\u00f3w i coraz bardziej konkurencyjny rynek samochod\u00f3w elektrycznych.<\/p>\n<p>     Nowy Nissan Juke zachowuje wyrazisty, <a href=\"https:\/\/www.auto-swiat.pl\/testy\/testy-nowych-samochodow\/nissan-juke-hybrid-ceny-osiagi-i-wyposazenie-najbardziej-spodobalo-mi-sie-wnetrze\/pesfc6y\" id=\"419ceabc-6426-4708-ad5a-ff698e42c8e1\" rel=\"nofollow noopener\" target=\"_blank\">rozpoznawalny styl, kt\u00f3ry od lat wyr\u00f3\u017cnia ten model na tle konkurencji<\/a>. Pierwszy Juke zadebiutowa\u0142 w 2010 r. i od razu trafi\u0142 do worka samochod\u00f3w z kategorii &#8222;kochaj albo rzu\u0107&#8221;. Tych, kt\u00f3rzy wybrali pierwsz\u0105 opcj\u0119, jest ju\u017c w Europie ponad 1,5 mln \u2014 nic dziwnego, \u017ce Nissan nie schodzi z tej \u015bcie\u017cki.     <\/p>\n<blockquote class=\"ods-o-quote\">\n<p class=\"ods-o-quote__paragraph\">Juke od zawsze wyr\u00f3\u017cnia\u0142 si\u0119 odwa\u017cnym designem i gotowo\u015bci\u0105 do prze\u0142amywania konwencji. W trzeciej generacji przenosimy tego ducha do ery elektromobilno\u015bci<\/p>\n<\/blockquote>\n<p>\u2014 powiedzia\u0142a Cl\u00edodhna Lyons, regionalna wiceprezes Nissana ds. planowania produkt\u00f3w i us\u0142ug w regionie AMIEO.<\/p>\n<p> <img decoding=\"async\" src=\"https:\/\/cdn.auto-swiat.pl\/1\/ykak9lBaHR0cHM6Ly9vY2RuLmV1L3B1bHNjbXMvTURBXy82YTdlYjM1OTFmYmE1YmQ3NTdmZDI1YTkwZjU4YWVjNy5qcGeRlQLNB1jNBCLCw94AAqEwB6ExBA\" height=\"529\" width=\"940\" alt=\"Nissan Juke EV (2026)\" loading=\"lazy\" class=\"ods-c-image__img ods-c-image__img--viewport-width\"\/> <\/p>\n<p>Nissan Juke EV (2026)Nissan<\/p>\n<p> Jakie silniki b\u0119dzie mia\u0142 Nissan Juke III?Jedynym odej\u015bciem od tradycji jest nap\u0119d \u2014 elektryczny, a to zupe\u0142nie nowy rozdzia\u0142 dla Juke\u2019a. Nie dla samego Nissana, bo dzi\u0119ki kompaktowemu Leafowi <a href=\"https:\/\/www.auto-swiat.pl\/ev\/wiadomosci\/gwarancja-na-akumulator-w-aucie-elektrycznym-to-fikcja-8-lat-tak-ale-tylko-na-soh\/kk2ssk2\" id=\"4ddd06d2-85ec-4f1d-b47e-73b3a1a2a6a5\" rel=\"nofollow noopener\" target=\"_blank\">firma zbiera do\u015bwiadczenia na polu elektromobilno\u015bci ju\u017c od ponad 15 lat<\/a>. W pe\u0142ni elektryczna wersja tego crossovera do\u0142\u0105czy do bezemisyjnej gamy sk\u0142adaj\u0105cej si\u0119 ju\u017c nie tylko z Leafa, ale te\u017c nowej Micry, SUV-a Ariya czy dostawczego Townstara. <\/p>\n<p>Elektryczny Nissan Juke zosta\u0142 zbudowany na wykorzystywanej przez auta aliansu Renault-Nissan-Mitsubishi platformie CMF-EV i b\u0119dzie produkowany obok Leafa w brytyjskiej fabryce w Sunderland. Japo\u0144czycy nie ujawnili jeszcze specyfikacji technicznej, ale zapowiedzieli, \u017ce Juke zostanie wyposa\u017cony w technologi\u0119 Vehicle-to-Grid (V2G) umo\u017cliwiaj\u0105c\u0105 integracj\u0119 auta z domowym ekosystemem energetycznym.<\/p>\n<p> <img decoding=\"async\" src=\"https:\/\/cdn.auto-swiat.pl\/1\/anIk9lBaHR0cHM6Ly9vY2RuLmV1L3B1bHNjbXMvTURBXy81ZWZiN2IyMzM3M2QyZjUzNmZjMjY5NmZlZDlkNjhkYS5qcGeRlQLNB1jNBCLCw94AAqEwB6ExBA\" height=\"529\" width=\"940\" alt=\"Nissan Juke EV (2026)\" loading=\"lazy\" class=\"ods-c-image__img ods-c-image__img--viewport-width\"\/> <\/p>\n<p>Nissan Juke EV (2026)Nissan<\/p>\n<p> Czy to koniec spalinowego Nissana Juke\u2019a?<\/p>\n<p>To, \u017ce trzecia generacja Juke\u2019a b\u0119dzie oferowana wy\u0142\u0105cznie jako auto elektryczne, nie oznacza, \u017ce Nissan zrezygnuje z dotychczas dost\u0119pnych nap\u0119d\u00f3w hybrydowych. Technologia e-Power zapewniaj\u0105ca wra\u017cenia zbli\u017cone do jazdy autem elektrycznym, ale bez konieczno\u015bci \u0142adowania akumulatora, b\u0119dzie nadal rozwijana.<\/p>\n<blockquote class=\"ods-o-quote\">\n<p class=\"ods-o-quote__paragraph\">Modele hybrydowe, takie jak Qashqai e\u2011Power oraz Juke HEV, pozostan\u0105 istotnym elementem oferty, gwarantuj\u0105c klientom dost\u0119p do technologii dopasowanych do ich aktualnych potrzeb<\/p>\n<\/blockquote>\n<p>\u2014 zapewniaj\u0105 przedstawiciele marki.<\/p>\n<p> <img decoding=\"async\" src=\"https:\/\/cdn.auto-swiat.pl\/1\/tkPk9lBaHR0cHM6Ly9vY2RuLmV1L3B1bHNjbXMvTURBXy8wMDRkMzU0YjU5OTdhOWJlYWJjYTQ1NjE1M2U2NDY1Zi5qcGeRlQLNB1jNBObCw94AAqEwB6ExBA\" height=\"627\" width=\"940\" alt=\"Hybrydowy Nissan Juke drugiej generacji\" loading=\"lazy\" class=\"ods-c-image__img ods-c-image__img--viewport-width\"\/> <\/p>\n<p>Hybrydowy Nissan Juke drugiej generacjiNissan<\/p>\n<p> Kiedy elektryczny Nissan Juke trafi do sprzeda\u017cy?<\/p>\n<p>Samoch\u00f3d pokazany podczas wydarzenia Nissan Vision jest w wersji produkcyjnej, wi\u0119c debiut rynkowy to ju\u017c tylko kwestia czasu. Pierwsza faza testowej produkcji nowego Juke\u2019a za kilka tygodni ruszy w brytyjskiej fabryce Nissana. Elektryczny Juke trafi do salon\u00f3w wiosn\u0105 2027 r., ale ma tak oryginaln\u0105 stylistyk\u0119, \u017ce nie zestarzeje si\u0119 do tego czasu.<\/p>\n<p>   1\/5 Nissan Juke EV (2026)       <img class=\"ods-a-photo ods-a-photo--background\" src=\"https:\/\/cdn.auto-swiat.pl\/1\/xMJk9lBaHR0cHM6Ly9vY2RuLmV1L3B1bHNjbXMvTURBXy82YTdlYjM1OTFmYmE1YmQ3NTdmZDI1YTkwZjU4YWVjNy5qcGeRkwXNB1jNBCLeAAKhMAehMQQ\" height=\"529\" width=\"940\" alt=\"Nissan Juke EV (2026)\" loading=\"lazy\" fetchpriority=\"auto\" decoding=\"auto\"\/>    <\/p>\n<p>Nissan<\/p>\n<p>         2\/5 Nissan Juke EV (2026)       <img class=\"ods-a-photo ods-a-photo--background\" src=\"https:\/\/cdn.auto-swiat.pl\/1\/eD9k9lBaHR0cHM6Ly9vY2RuLmV1L3B1bHNjbXMvTURBXy81ZWZiN2IyMzM3M2QyZjUzNmZjMjY5NmZlZDlkNjhkYS5qcGeRkwXNB1jNBCLeAAKhMAehMQQ\" height=\"529\" width=\"940\" alt=\"Nissan Juke EV (2026)\" loading=\"lazy\" fetchpriority=\"auto\" decoding=\"auto\"\/>    <\/p>\n<p>Nissan<\/p>\n<p>                3\/5 Nissan Juke EV (2026)       <img class=\"ods-a-photo ods-a-photo--background\" src=\"https:\/\/cdn.auto-swiat.pl\/1\/AE_k9lBaHR0cHM6Ly9vY2RuLmV1L3B1bHNjbXMvTURBXy9mMDAwYTM4OWEyNWVhNzRlYTJmMGZkN2U1ZWUyZmZiNC5qcGeRkwXNB1jNBCLeAAKhMAehMQQ\" height=\"529\" width=\"940\" alt=\"Nissan Juke EV (2026)\" loading=\"lazy\" fetchpriority=\"auto\" decoding=\"auto\"\/>    <\/p>\n<p>Nissan<\/p>\n<p>         4\/5 Nissan Juke EV (2026)       <img class=\"ods-a-photo ods-a-photo--background\" src=\"https:\/\/cdn.auto-swiat.pl\/1\/C8Ik9lBaHR0cHM6Ly9vY2RuLmV1L3B1bHNjbXMvTURBXy9jZmFlMGYzMTliYzlhYWZmNWU0NzFkN2ZkNGQ1ZjM0Ni5qcGeRkwXNB1jNBCDeAAKhMAehMQQ\" height=\"528\" width=\"940\" alt=\"Nissan Juke EV (2026)\" loading=\"lazy\" fetchpriority=\"auto\" decoding=\"auto\"\/>    <\/p>\n<p>Nissan<\/p>\n<p>                5\/5 Nissan Juke EV (2026)       <img class=\"ods-a-photo ods-a-photo--background\" src=\"https:\/\/cdn.auto-swiat.pl\/1\/fAfk9lBaHR0cHM6Ly9vY2RuLmV1L3B1bHNjbXMvTURBXy82ODc1NTU4YzM5ZDk3NmQ4NzA3ZjFmMzhhYTc3NmQ5OC5qcGeRkwXNB1jNBCDeAAKhMAehMQQ\" height=\"528\" width=\"940\" alt=\"Nissan Juke EV (2026)\" loading=\"lazy\" fetchpriority=\"auto\" decoding=\"auto\"\/>    <\/p>\n<p>Nissan<\/p>\n","protected":false},"excerpt":{"rendered":"Koniec oczekiwania \u2014 przed pa\u0144stwem pierwszy w pe\u0142ni elektryczny Nissan Juke. Japo\u0144czykom uda\u0142o si\u0119 dokona\u0107 niemo\u017cliwego, bo jego&hellip;\n","protected":false},"author":2,"featured_media":366958,"comment_status":"","ping_status":"","sticky":false,"template":"","format":"standard","meta":{"footnotes":"","_share_on_mastodon":"0"},"categories":[16],"tags":[210,113,61195,112,20184,14617,64832,48,3078,6852,46,42,38,40,39,41,47,26],"class_list":["post-366957","post","type-post","status-publish","format-standard","has-post-thumbnail","category-biznes","tag-aktualnosci","tag-biznes","tag-bottomfeed_styl","tag-business","tag-crossover","tag-elektryczny_suv","tag-juke","tag-nat_styl","tag-nissan","tag-nissan_juke","tag-omp","tag-pl","tag-poland","tag-polish","tag-polska","tag-polski","tag-screening_general","tag-wiadomosci"],"share_on_mastodon":{"url":"https:\/\/pubeurope.com\/@pl\/116406922231230760","error":""},"_links":{"self":[{"href":"https:\/\/www.europesays.com\/pl\/wp-json\/wp\/v2\/posts\/366957","targetHints":{"allow":["GET"]}}],"collection":[{"href":"https:\/\/www.europesays.com\/pl\/wp-json\/wp\/v2\/posts"}],"about":[{"href":"https:\/\/www.europesays.com\/pl\/wp-json\/wp\/v2\/types\/post"}],"author":[{"embeddable":true,"href":"https:\/\/www.europesays.com\/pl\/wp-json\/wp\/v2\/users\/2"}],"replies":[{"embeddable":true,"href":"https:\/\/www.europesays.com\/pl\/wp-json\/wp\/v2\/comments?post=366957"}],"version-history":[{"count":0,"href":"https:\/\/www.europesays.com\/pl\/wp-json\/wp\/v2\/posts\/366957\/revisions"}],"wp:featuredmedia":[{"embeddable":true,"href":"https:\/\/www.europesays.com\/pl\/wp-json\/wp\/v2\/media\/366958"}],"wp:attachment":[{"href":"https:\/\/www.europesays.com\/pl\/wp-json\/wp\/v2\/media?parent=366957"}],"wp:term":[{"taxonomy":"category","embeddable":true,"href":"https:\/\/www.europesays.com\/pl\/wp-json\/wp\/v2\/categories?post=366957"},{"taxonomy":"post_tag","embeddable":true,"href":"https:\/\/www.europesays.com\/pl\/wp-json\/wp\/v2\/tags?post=366957"}],"curies":[{"name":"wp","href":"https:\/\/api.w.org\/{rel}","templated":true}]}}