{"id":367398,"date":"2026-04-15T09:46:09","date_gmt":"2026-04-15T09:46:09","guid":{"rendered":"https:\/\/www.europesays.com\/pl\/367398\/"},"modified":"2026-04-15T09:46:09","modified_gmt":"2026-04-15T09:46:09","slug":"co-dalej-ze-zbigniewem-ziobra-jest-wniosek-o-trybunal-stanu-250-stron","status":"publish","type":"post","link":"https:\/\/www.europesays.com\/pl\/367398\/","title":{"rendered":"Co dalej ze Zbigniewem Ziobr\u0105? Jest wniosek o Trybuna\u0142 Stanu. &#8222;250 stron&#8221;"},"content":{"rendered":"<p class=\"Paragraph_desktopParagraph__U31Gm\">\u2014 Dzi\u015b sk\u0142adamy wniosek o Trybuna\u0142 Stanu dla Zbigniewa Ziobro, podpisany przez pos\u0142anki i pos\u0142\u00f3w klub\u00f3w tworz\u0105cych koalicj\u0119 15. pa\u017adziernika \u2014 poinformowa\u0142 szef klubu KO na \u015brodowej konferencji prasowej w Sejmie.<\/p>\n<p class=\"VideoPlayerText_videoPlayerText__iDwyz\">Dalszy ci\u0105g materia\u0142u pod wideo<\/p>\n<p>Zbigniew Ziobro stanie przed Trybuna\u0142em Stanu? Jest wniosek <\/p>\n<p class=\"Paragraph_desktopParagraph__U31Gm\">Jak doda\u0142, wniosek zawiera \u0142\u0105cznie 51 zarzut\u00f3w, w tym &#8222;25 dotycz\u0105cych pope\u0142nienia delikt\u00f3w konstytucyjnych oraz 26 zwi\u0105zanych z podejrzeniem pope\u0142nienia przest\u0119pstw pospolitych&#8221;. \u2014 Dokument liczy ponad 250 stron, zawiera 117 dowod\u00f3w i przewiduje przes\u0142uchanie 68 os\u00f3b przed Komisj\u0105 Odpowiedzialno\u015bci Konstytucyjnej \u2014 podkre\u015bli\u0142 Konwi\u0144ski.<\/p>\n<p class=\"Paragraph_desktopParagraph__U31Gm\">Przekaza\u0142, \u017ce przedstawicielem wnioskodawc\u00f3w zosta\u0142 sekretarz klubu KO Jaros\u0142aw Urbaniak. W ocenie Konwi\u0144skiego Urbaniak jest &#8222;jednym z bardziej zorientowanych pos\u0142\u00f3w w Sejmie, je\u015bli chodzi o przest\u0119pcz\u0105 dzia\u0142alno\u015b\u0107 Zbigniewa Ziobro&#8221;. \u2014 Wielokrotnie ju\u017c si\u0119 panem Ziobro zajmowa\u0142 na Komisji Regulaminowej, Spraw Poselskich i Immunitetowych \u2014 doda\u0142.<\/p>\n<p>Zbigniew Ziobro i Trybuna\u0142 Stanu. Parali\u017c w s\u0105dzie <\/p>\n<p class=\"Paragraph_desktopParagraph__U31Gm\">Przypomnijmy, \u017ce w Trybunale Stanu trwa konflikt, kt\u00f3ry parali\u017cuje t\u0119 instytucj\u0119 od 2023 r. Pierwsza prezes S\u0105du Najwy\u017cszego Ma\u0142gorzata Manowska, kt\u00f3ra pe\u0142ni rol\u0119 przewodnicz\u0105cej, odmawia zwo\u0142ania posiedzenia pe\u0142nego sk\u0142adu trybuna\u0142u.<\/p>\n<p class=\"Paragraph_desktopParagraph__U31Gm\">Wniosek o poci\u0105gni\u0119cie pos\u0142a do odpowiedzialno\u015bci konstytucyjnej i karnej przed Trybuna\u0142em Stanu wymaga wst\u0119pnego wniosku z\u0142o\u017conego przez co najmniej 115 pos\u0142\u00f3w. Wniosek taki marsza\u0142ek Sejmu kieruje do Komisji Odpowiedzialno\u015bci Konstytucyjnej, kt\u00f3ra wszczyna post\u0119powanie. Komisja przedstawia Sejmowi sprawozdanie wraz z wnioskiem o poci\u0105gni\u0119cie do odpowiedzialno\u015bci przed Trybuna\u0142em Stanu lub wyst\u0119puje o umorzenie post\u0119powania. Sejm podejmuje uchwa\u0142\u0119 o postawienie danej osoby przed Trybuna\u0142em Stanu wi\u0119kszo\u015bci\u0105 3\/5 g\u0142os\u00f3w (276 pos\u0142\u00f3w) w obecno\u015bci co najmniej po\u0142owy ustawowej liczby pos\u0142\u00f3w.<\/p>\n","protected":false},"excerpt":{"rendered":"\u2014 Dzi\u015b sk\u0142adamy wniosek o Trybuna\u0142 Stanu dla Zbigniewa Ziobro, podpisany przez pos\u0142anki i pos\u0142\u00f3w klub\u00f3w tworz\u0105cych koalicj\u0119&hellip;\n","protected":false},"author":2,"featured_media":367399,"comment_status":"","ping_status":"","sticky":false,"template":"","format":"standard","meta":{"footnotes":"","_share_on_mastodon":"0"},"categories":[12],"tags":[32,33,244,36,37,27,67,7107,34,35,28,31,53,25,52,68,51,55,42,38,40,39,41,984,47,29,30,789,65,50,26,4070],"class_list":["post-367398","post","type-post","status-publish","format-standard","has-post-thumbnail","category-polska","tag-breaking-news","tag-breakingnews","tag-ctr_tst","tag-featured-news","tag-featurednews","tag-headlines","tag-intextvideo_splayer","tag-koalicja_rzadzaca","tag-latest-news","tag-latestnews","tag-naglowki","tag-najwazniejsze-artykuly","tag-new_header","tag-news","tag-onet3","tag-onet3d","tag-onet3d_2i","tag-phx","tag-pl","tag-poland","tag-polish","tag-polska","tag-polski","tag-prawo_sady_sedziowie_sedzia_sad_sadownictwo_prawnik_prawnicy_prawniczka","tag-screening_general","tag-top-stories","tag-topstories","tag-trybunal_stanu","tag-update_me","tag-v2021","tag-wiadomosci","tag-zbigniew_ziobro_polityk"],"share_on_mastodon":{"url":"","error":"Validation failed: Text character limit of 500 exceeded"},"_links":{"self":[{"href":"https:\/\/www.europesays.com\/pl\/wp-json\/wp\/v2\/posts\/367398","targetHints":{"allow":["GET"]}}],"collection":[{"href":"https:\/\/www.europesays.com\/pl\/wp-json\/wp\/v2\/posts"}],"about":[{"href":"https:\/\/www.europesays.com\/pl\/wp-json\/wp\/v2\/types\/post"}],"author":[{"embeddable":true,"href":"https:\/\/www.europesays.com\/pl\/wp-json\/wp\/v2\/users\/2"}],"replies":[{"embeddable":true,"href":"https:\/\/www.europesays.com\/pl\/wp-json\/wp\/v2\/comments?post=367398"}],"version-history":[{"count":0,"href":"https:\/\/www.europesays.com\/pl\/wp-json\/wp\/v2\/posts\/367398\/revisions"}],"wp:featuredmedia":[{"embeddable":true,"href":"https:\/\/www.europesays.com\/pl\/wp-json\/wp\/v2\/media\/367399"}],"wp:attachment":[{"href":"https:\/\/www.europesays.com\/pl\/wp-json\/wp\/v2\/media?parent=367398"}],"wp:term":[{"taxonomy":"category","embeddable":true,"href":"https:\/\/www.europesays.com\/pl\/wp-json\/wp\/v2\/categories?post=367398"},{"taxonomy":"post_tag","embeddable":true,"href":"https:\/\/www.europesays.com\/pl\/wp-json\/wp\/v2\/tags?post=367398"}],"curies":[{"name":"wp","href":"https:\/\/api.w.org\/{rel}","templated":true}]}}