{"id":367530,"date":"2026-04-15T10:59:10","date_gmt":"2026-04-15T10:59:10","guid":{"rendered":"https:\/\/www.europesays.com\/pl\/367530\/"},"modified":"2026-04-15T10:59:10","modified_gmt":"2026-04-15T10:59:10","slug":"polska-i-korea-wzmacniaja-strategiczne-partnerstwo","status":"publish","type":"post","link":"https:\/\/www.europesays.com\/pl\/367530\/","title":{"rendered":"Polska i Korea wzmacniaj\u0105 strategiczne partnerstwo"},"content":{"rendered":"<p>   <a href=\"https:\/\/defence24.pl\/strona-autora\/defence24\" target=\"_self\" class=\"article-author-block__avatar-wrap\" rel=\"nofollow noopener\"><img loading=\"lazy\" decoding=\"async\" src=\"https:\/\/www.europesays.com\/pl\/wp-content\/uploads\/2025\/12\/6bX4RbeqT7ZPuqRvszHLwZXGhC3ZbkkEG20NP5wn.z3l1.png\" alt=\"\"  width=\"100\" height=\"100\" author=\"Pawe\u0142 Korzeniewski\" caption=\"\" fullscreen=\"https:\/\/cdn.defence24.pl\/2021\/10\/07\/1920xpx\/2021\/10\/07\/originals\/6bX4RbeqT7ZPuqRvszHLwZXGhC3ZbkkEG20NP5wn.qa4v.png\" class=\"img article-author-block__avatar img-avatar\"\/><\/a>  <\/p>\n<p>\u201eNasze pa\u0144stwa od wielu lat buduj\u0105 szczeg\u00f3lne relacje, zar\u00f3wno w obszarze gospodarczym, jak i geopolitycznym\u201d \u2013 powiedzia\u0142 premier Donald Tusk podczas wizyty w Korei Po\u0142udniowej. Warszawa i Seul postanowi\u0142y podnie\u015b\u0107 rang\u0119 stosunk\u00f3w do wszechstronnego partnerstwa strategicznego. Korea Po\u0142udniowa jest najwi\u0119kszym azjatyckim inwestorem w naszym kraju. Kluczowym elementem tych relacji jest wsp\u00f3\u0142praca w przemy\u015ble zbrojeniowym, kt\u00f3r\u0105 Polska zamierza rozwija\u0107, koncentruj\u0105c si\u0119 na transferze technologii, polonizacji nabywanego uzbrojenia oraz przenoszeniu cz\u0119\u015bci produkcji do kraju.<\/p>\n<p>  <img decoding=\"async\" src=\"https:\/\/www.europesays.com\/pl\/wp-content\/uploads\/2026\/04\/wEsrLrxUKzDB5vVHXycKuqo78qrXxlK3Ka4oEjY5.l7ti.jpg\" alt=\"\"  width=\"800\" height=\"450\" author=\"www.gov.pl\" fetchpriority=\"high\" class=\"img image-with-caption__image\"\/><br \/>\n        Autor. www.gov.pl<\/p>\n<p class=\"paragraph-module\">Wsp\u00f3\u0142praca strategiczna b\u0119dzie tak\u017ce wzmacniana w obszarach cyfryzacji, sztucznej inteligencji, p\u00f3\u0142przewodnik\u00f3w, eksploracji przestrzeni kosmicznej, energetyki, infrastruktury i transportu. Wizyta <a href=\"https:\/\/defence24.pl\/polityka-obronna\/historyczna-wizyta-premiera-w-azji-polska-wzmacnia-relacje-z-korea-i-japonia\" rel=\"nofollow noopener\" target=\"_blank\">szefa polskiego rz\u0105du w Korei Po\u0142udniowej jest pierwsz\u0105 tej rangi<\/a> od 27 lat.<\/p>\n<p>    Strategiczne partnerstwo Polski i Korei Po\u0142udniowej  <\/p>\n<p class=\"paragraph-module\">Od wielu lat Polska i Korea Po\u0142udniowa buduj\u0105 bliskie relacje, zar\u00f3wno w kontek\u015bcie gospodarczym, jak i geopolitycznym.<\/p>\n<p>        Dzi\u0119ki naszej determinacji mogli\u015bmy dzisiaj podnie\u015b\u0107 rang\u0119 naszych stosunk\u00f3w dwustronnych do poziomu wszechstronnego partnerstwa strategicznego. Kluczowym elementem naszych relacji jest wsp\u00f3\u0142dzia\u0142anie w dziedzinie przemys\u0142u militarnego. Si\u0142\u0105 nap\u0119dow\u0105 polsko-korea\u0144skich stosunk\u00f3w jest oczywi\u015bcie wsp\u00f3\u0142praca przemys\u0142\u00f3w zbrojeniowych, kt\u00f3r\u0105 chcemy kontynuowa\u0107 i wzmacnia\u0107 w kierunku transferu technologii, polonizacji nabywanego uzbrojenia oraz przenoszenia cz\u0119\u015bci produkcji do naszego kraju. Polska i Korea b\u0119d\u0105 wsp\u00f3lnie d\u0105\u017cy\u0107 do zr\u00f3wnowa\u017cenia relacji gospodarczych, aby oba pa\u0144stwa czerpa\u0142y takie same korzy\u015bci ze wsp\u00f3\u0142pracy. Ciesz\u0119 si\u0119 z perspektywy zwi\u0119kszenia dost\u0119pu polskich produkt\u00f3w do rynku po\u0142udniowokorea\u0144skiego, w tym dla eksportu naszej \u017cywno\u015bci. B\u0119dziemy nad tym pracowa\u0107 z po\u017cytkiem dla obu naszych pa\u0144stw i narod\u00f3w.<\/p>\n<p>premier Donald Tusk    <\/p>\n<p class=\"paragraph-module\">Na strategiczny charakter relacji mi\u0119dzy Warszaw\u0105 a Seulem zwr\u00f3ci\u0142 uwag\u0119 prezydent Korei Po\u0142udniowej Lee Jae Myung.<\/p>\n<p class=\"paragraph-module\">Przez blisko 37 lat Korea i Polska buduj\u0105 solidne i przyjazne stosunki oparte na wsp\u00f3\u0142pracy w wielu dziedzinach \u2013 politycznej, gospodarczej, kulturalnej oraz dotycz\u0105cej wymiany osobowej. Polska sta\u0142a si\u0119 dla Korei jednym z pi\u0119ciu najwi\u0119kszych partner\u00f3w handlowych w\u015br\u00f3d pa\u0144stw Unii Europejskiej \u2013 podkre\u015bli\u0142 Lee Jae Myung.<\/p>\n<p class=\"paragraph-module\">Relacje Polski i Korei Po\u0142udniowej wchodz\u0105 obecnie w now\u0105 faz\u0119 \u2013 bardziej ambitn\u0105 i opart\u0105 na wsp\u00f3lnych interesach gospodarczych.<\/p>\n<p>   <img loading=\"lazy\" decoding=\"async\" alt=\"YouTube cover video\" src=\"data:image\/png;base64,iVBORw0KGgoAAAANSUhEUgAAAAEAAAABCAQAAAC1HAwCAAAAC0lEQVR42mNkYAAAAAYAAjCB0C8AAAAASUVORK5CYII=\" width=\"480\" height=\"360\" class=\"img embed-youtube__thumbnail\"\/>    Warszawa i Seul zacie\u015bniaj\u0105 wsp\u00f3\u0142prac\u0119 w sektorach innowacyjnych i geopolityce  <\/p>\n<p class=\"paragraph-module\">Korea Po\u0142udniowa jest najwi\u0119kszym azjatyckim inwestorem w Polsce. Nasz kraj jest zainteresowany dalszym przyci\u0105ganiem korea\u0144skiego kapita\u0142u.<\/p>\n<p class=\"paragraph-module\">Osobi\u015bcie zadbam o to, aby warunki dla tych inwestycji by\u0142y optymalne. Obaj z prezydentem uznali\u015bmy za zasadne wzmocnienie strategicznej wsp\u00f3\u0142pracy w takich sektorach jak cyfryzacja, sztuczna inteligencja, p\u00f3\u0142przewodniki, eksploracja przestrzeni kosmicznej, a tak\u017ce w sektorze energetycznym, infrastruktury i transportu \u2013zapowiedzia\u0142 prezes Rady Ministr\u00f3w.<\/p>\n<p class=\"paragraph-module\">Oba kraje b\u0119d\u0105 tak\u017ce przywi\u0105zywa\u0107 du\u017c\u0105 wag\u0119 do rozwijania wsp\u00f3\u0142pracy dotycz\u0105cej kultury, nauki, o\u015bwiaty oraz turystyki. Polska i Korea b\u0119d\u0105 r\u00f3wnie\u017c wspiera\u0107 si\u0119 na arenie mi\u0119dzynarodowej.<\/p>\n<p class=\"paragraph-module\">Polska w Europie, a Korea w Azji \u2013 b\u0119dziemy wsp\u00f3lnie dzia\u0142a\u0107 na rzecz stabilizacji sytuacji geopolitycznej. \u017byjemy w czasach wielkich wstrz\u0105s\u00f3w, naznaczonych wojnami i konfliktami. Musimy budowa\u0107 nowy \u0142ad mi\u0119dzynarodowy. Polska i Korea b\u0119d\u0105 wsp\u00f3\u0142pracowa\u0107 w celu zapewnienia stabilno\u015bci tego nowego, wy\u0142aniaj\u0105cego si\u0119 \u015bwiata \u2013 zaznaczy\u0142 Donald Tusk.<\/p>\n<p class=\"paragraph-module\">Podczas wizyty w Seulu szef polskiego rz\u0105du spotka\u0142 si\u0119 tak\u017ce z korea\u0144skim premierem Kim Min Seokiem i przewodnicz\u0105cym Zgromadzenia Narodowego Woo Won Shikiem. Rozmawia\u0142 r\u00f3wnie\u017c z przedstawicielami korea\u0144skich przedsi\u0119biorstw i zrzesze\u0144 biznesowych.<\/p>\n","protected":false},"excerpt":{"rendered":"\u201eNasze pa\u0144stwa od wielu lat buduj\u0105 szczeg\u00f3lne relacje, zar\u00f3wno w obszarze gospodarczym, jak i geopolitycznym\u201d \u2013 powiedzia\u0142 premier&hellip;\n","protected":false},"author":2,"featured_media":367531,"comment_status":"","ping_status":"","sticky":false,"template":"","format":"standard","meta":{"footnotes":"","_share_on_mastodon":"0"},"categories":[12],"tags":[965,65092,42,38,40,39,41,5522,1746,99,65093],"class_list":["post-367530","post","type-post","status-publish","format-standard","has-post-thumbnail","category-polska","tag-korea-poludniowa","tag-lee-jae-myung","tag-pl","tag-poland","tag-polish","tag-polska","tag-polski","tag-republika-korei","tag-seul","tag-tusk","tag-wspolpraca-polsko-koreanska"],"share_on_mastodon":{"url":"https:\/\/pubeurope.com\/@pl\/116408376683155333","error":""},"_links":{"self":[{"href":"https:\/\/www.europesays.com\/pl\/wp-json\/wp\/v2\/posts\/367530","targetHints":{"allow":["GET"]}}],"collection":[{"href":"https:\/\/www.europesays.com\/pl\/wp-json\/wp\/v2\/posts"}],"about":[{"href":"https:\/\/www.europesays.com\/pl\/wp-json\/wp\/v2\/types\/post"}],"author":[{"embeddable":true,"href":"https:\/\/www.europesays.com\/pl\/wp-json\/wp\/v2\/users\/2"}],"replies":[{"embeddable":true,"href":"https:\/\/www.europesays.com\/pl\/wp-json\/wp\/v2\/comments?post=367530"}],"version-history":[{"count":0,"href":"https:\/\/www.europesays.com\/pl\/wp-json\/wp\/v2\/posts\/367530\/revisions"}],"wp:featuredmedia":[{"embeddable":true,"href":"https:\/\/www.europesays.com\/pl\/wp-json\/wp\/v2\/media\/367531"}],"wp:attachment":[{"href":"https:\/\/www.europesays.com\/pl\/wp-json\/wp\/v2\/media?parent=367530"}],"wp:term":[{"taxonomy":"category","embeddable":true,"href":"https:\/\/www.europesays.com\/pl\/wp-json\/wp\/v2\/categories?post=367530"},{"taxonomy":"post_tag","embeddable":true,"href":"https:\/\/www.europesays.com\/pl\/wp-json\/wp\/v2\/tags?post=367530"}],"curies":[{"name":"wp","href":"https:\/\/api.w.org\/{rel}","templated":true}]}}