{"id":367780,"date":"2026-04-15T13:25:10","date_gmt":"2026-04-15T13:25:10","guid":{"rendered":"https:\/\/www.europesays.com\/pl\/367780\/"},"modified":"2026-04-15T13:25:10","modified_gmt":"2026-04-15T13:25:10","slug":"po-tragedii-w-lomiankach-mial-namawiac-pasazera-by-wzial-wine-na-siebie","status":"publish","type":"post","link":"https:\/\/www.europesays.com\/pl\/367780\/","title":{"rendered":"Po tragedii w \u0141omiankach mia\u0142 namawia\u0107 pasa\u017cera, by wzi\u0105\u0142 win\u0119 na siebie"},"content":{"rendered":"<p class=\"Paragraph_desktopParagraph__U31Gm\">Portal brd24.pl dotar\u0142 do szczeg\u00f3\u0142\u00f3w dotycz\u0105cych tragedii, kt\u00f3r\u0105 w niedziel\u0119 (12 kwietnia) oko\u0142o 18.00 w \u0141omiankach spowodowa\u0142 kierowca osobowego Audi. Wiadomo, \u017ce to on uderzy\u0142 w prawid\u0142owo jad\u0105c\u0105 Toyot\u0105 grup\u0119 m\u0142odych znajomych, kt\u00f3rzy wracali po spotkaniu do Warszawy. Byli ju\u017c prawie na przedmie\u015bciach stolicy, gdy pijany kierowca uderzy\u0142 w ty\u0142 ich auta, doprowadzi\u0142 do dachowania i wpadni\u0119cia Toyoty na przeciwny pas ruchu.<\/p>\n<p>\u015awiadek: on jecha\u0142 slalomem <\/p>\n<p class=\"Paragraph_desktopParagraph__U31Gm\">Skontaktowa\u0142 si\u0119 z nami \u015bwiadek wypadku, kt\u00f3ry w chwili tego zdarzenia jecha\u0142 na pasie obok Toyoty. Nie chcia\u0142 opowiada\u0107 o tym, co dzia\u0142o si\u0119 po tragedii i jak wygl\u0105da\u0142o miejsce wypadku. \u2014 To by\u0142o straszne\u2026 \u2014 wspomina w rozmowie z brd24.pl. \u2014 Jecha\u0142em obok tej Toyoty, r\u00f3wnolegle. Oni byli na wysoko\u015bci moich tylnych drzwi, gdy to Audi w nich uderzy\u0142o. Kierowca tego Audi jecha\u0142 slalomem mi\u0119dzy samochodami \u2014 opowiada. Wed\u0142ug \u015bwiadk\u00f3w auto porusza\u0142o si\u0119 z du\u017c\u0105 pr\u0119dko\u015bci\u0105.<\/p>\n<p class=\"Paragraph_desktopParagraph__U31Gm\">Prokuratura mia\u0142a na pocz\u0105tku powa\u017cny problem z ustaleniem samochodu i sprawcy, bo uciek\u0142 z miejsca wypadku. W tym miejscu drogi krajowej nie by\u0142o \u017cadnego monitoringu. Jednak odzew \u015bwiadk\u00f3w by\u0142 ogromny. Zg\u0142osi\u0142o si\u0119 wiele os\u00f3b, kt\u00f3re opowiedzia\u0142y przebieg zdarzenia, ale te\u017c wielu z nich przekaza\u0142o nagrania z samochodowych rejestrator\u00f3w.<\/p>\n<p class=\"Paragraph_desktopParagraph__U31Gm\">\u2014 Na podstawie innych monitoring\u00f3w dysponujemy zapisami tego, kto wchodzi\u0142 do auta i zaczyna\u0142 jazd\u0119, kto jecha\u0142 potem i kto wysiada\u0142 \u2014 m\u00f3wi brd24.pl prokurator Piotr A. Skiba, rzecznik Prokuratury Okr\u0119gowej w Warszawie.<\/p>\n<p>Wypili litr w\u00f3dki i popili sze\u015bcioma piwami <\/p>\n<p class=\"Paragraph_desktopParagraph__U31Gm\">Jeszcze w nocy policjantom uda\u0142o si\u0119 zatrzyma\u0107 kierowc\u0119 Audi i jego pasa\u017cera. Sprawc\u0105 wypadku okaza\u0142 si\u0119 44-letni Patryk R. Mia\u0142 dwa s\u0105dowe zakazy prowadzenia pojazd\u00f3w. Pierwszy dosta\u0142 w 2023 r. za to, \u017ce prowadzi\u0142 pojazd w stanie nietrze\u017awo\u015bci. Ten zakaz obowi\u0105zuje go do 2028 r. Nic sobie z tego jednak nie robi\u0142. Mimo zakazu je\u017adzi\u0142 dalej i jeszcze ucieka\u0142 przed policyjn\u0105 kontrol\u0105. Za to w tym roku dosta\u0142\u2026 kolejny zakaz prowadzenia pojazd\u00f3w. Wyrok og\u0142oszono dwa miesi\u0105ce przed tragedi\u0105 w \u0141omiankach. S\u0105d nie zdecydowa\u0142 si\u0119 na pozbawienie wolno\u015bci cz\u0142owieka, kt\u00f3ry udowodni\u0142, \u017ce nie przestrzega zakaz\u00f3w i ucieka przed policj\u0105 po drodze.<\/p>\n<p class=\"Paragraph_desktopParagraph__U31Gm\">Pasa\u017cerem Patryka R. by\u0142 33-letni Piotr B. \u2014 Z zezna\u0144 wynika, \u017ce mia\u0142 \u015bwiadomo\u015b\u0107, i\u017c Patryk R. ma dwa s\u0105dowe zakazy prowadzenia pojazd\u00f3w. Wsiad\u0142 jednak z nim do samochodu \u2014 informuje prokurator Skiba.<\/p>\n<p class=\"Paragraph_desktopParagraph__U31Gm\">Zanim Patryk R. doprowadzi\u0142 do wypadku, cztery godziny wcze\u015bniej obaj m\u0119\u017cczy\u017ani pili alkohol. Ci dwaj brukarze z zawodu mi\u0119dzy 13 a 14 w niedziel\u0119 wypili litr w\u00f3dki. Popili to w sumie sze\u015bcioma piwami. Ile promili mia\u0142 kierowca w trakcie wypadku, oszacuje dopiero bieg\u0142y \u2014 kt\u00f3ry przeprowadzi retrospektywn\u0105 analiz\u0119. Przy zatrzymaniu, po prawie o\u015bmiu godzinach od wypadku, kierowca mia\u0142 w organizmie jeszcze oko\u0142o 0,5 promila.<\/p>\n<p>Dwoje nastolatk\u00f3w nie \u017cyje, 20-latek w krytycznym stanie <\/p>\n<p class=\"Paragraph_desktopParagraph__U31Gm\">Po zatrzymaniu kierowca i pasa\u017cer pr\u00f3bowali umniejsza\u0107 swoj\u0105 win\u0119. Jak ustali\u0142 brd24.pl Patryk R. pr\u00f3bowa\u0142 nam\u00f3wi\u0107 Piotra B., by to on na siebie wzi\u0105\u0142 win\u0119 i poda\u0142, \u017ce to on kierowa\u0142 samochodem. Pasa\u017cer si\u0119 nie zgodzi\u0142.<\/p>\n<p class=\"Paragraph_desktopParagraph__U31Gm\">W osobowej Toyocie, kt\u00f3r\u0105 uderzy\u0142 kierowca Audi, podr\u00f3\u017cowa\u0142y trzy m\u0142ode osoby. Wraca\u0142y ze spotkania do Warszawy. Na miejscu zgin\u0119\u0142a 19-letnia kobieta i 15-letni ch\u0142opiec. Do szpitala przewieziono 20-letniego kierowc\u0119 Toyoty. Jego stan jest krytyczny. Lekarze wci\u0105\u017c walcz\u0105 o uratowanie mu \u017cycia.<\/p>\n<p class=\"Paragraph_desktopParagraph__U31Gm\">Patryk R. us\u0142ysza\u0142 trzy zarzuty. B\u0119dzie odpowiada\u0142 za spowodowanie wypadku \u015bmiertelnego pod wp\u0142ywem alkoholu po\u0142\u0105czonego z ucieczk\u0105 z miejsca zdarzenia i nieudzieleniem pomocy pokrzywdzonym, zignorowanie zakazu prowadzenia pojazd\u00f3w oraz za posiadanie \u015brodk\u00f3w odurzaj\u0105cych, kt\u00f3re policja znalaz\u0142a po przeszukaniu jego domu. Za wszystko grozi mu maksymalnie w Polsce pozbawienie wolno\u015bci od 5 do 20 lat.<\/p>\n<p class=\"Paragraph_desktopParagraph__U31Gm\">Prokuratura nie zdecydowa\u0142a si\u0119 jeszcze na postawienie zarzutu spowodowania katastrofy w ruchu l\u0105dowym. Trudno\u015bci\u0105 jest tu polskie orzecznictwo. Niekt\u00f3rzy s\u0119dziowie uznaj\u0105, \u017ce do katastrofy dochodzi, gdy poszkodowanych czy zagro\u017conych jest osiem os\u00f3b, niekt\u00f3rzy uwa\u017caj\u0105, \u017ce musi ich by\u0107 dziesi\u0119\u0107. Jednak w przypadku \u0141omianek opr\u00f3cz dw\u00f3ch ofiar \u015bmiertelnych obra\u017cenia odnios\u0142o \u2014 jak informowa\u0142y s\u0142u\u017cby \u2014 w sumie 11 os\u00f3b. Taki zarzut powinien si\u0119 wi\u0119c pojawi\u0107. Spowodowa\u0142by, \u017ce Patrykowi R. grozi\u0142oby maksymalnie nie 20, a 30 lat wi\u0119zienia.<\/p>\n<p class=\"Paragraph_desktopParagraph__U31Gm\">Piotra B. b\u0119dzie odpowiada\u0142 za nieudzielenie pomocy ofiarom wypadku. Grozi mu do 3 lat wi\u0119zienia.<\/p>\n<p class=\"Paragraph_desktopParagraph__U31Gm\">14 kwietnia p\u00f3\u017anym wieczorem odby\u0142o si\u0119 posiedzenie s\u0105du, kt\u00f3ry rozpatrzy\u0142 wniosek prokuratury o tymczasowe aresztowanie obu m\u0119\u017cczyzn. Da\u0142 zgod\u0119 na zatrzymanie ich na trzy miesi\u0105ce w areszcie \u015bledczym.<\/p>\n<p>Za\u0142amani stra\u017cacy: zrobili\u015bmy wszystko, co w naszej mocy <\/p>\n<p class=\"Paragraph_desktopParagraph__U31Gm\">Po wypadku w \u0141omiankach stra\u017cacy z tej miejscowo\u015bci, kt\u00f3rzy pomagali ofiarom, opublikowali poruszaj\u0105cy wpis. Przyznali, \u017ce widzieli ju\u017c wiele na drogach, ale skutku tej tragedii spowodowa\u0142y, \u017ce odbyli rozmowy, kt\u00f3re pomog\u0142y im poradzi\u0107 sobie z tak\u0105 sytuacj\u0105.<\/p>\n<p><img decoding=\"async\" class=\"Image_image__0tuHp Image_autoHeight__f2n87 \" height=\"553\" width=\"800\" src=\"https:\/\/www.europesays.com\/pl\/wp-content\/uploads\/2026\/04\/w9wk9kpTURBXy9iNjBjYzBmZDlkYjgyZWI1ZGEyZGJmMzJjMjdkNWE1Ni5qcGeSlQLNA6wAwsOVAgDNAkvCw94AA6EwAaExAaEzw.jpeg\" alt=\"Stra\u017cacy byli bardzo poruszeni tragedi\u0105, w kt\u00f3rej nie\u015bli pomoc poszkodowanym Fot. OSP \u0141omianki\" loading=\"lazy\" \/>brd24.pl<\/p>\n<p>Stra\u017cacy byli bardzo poruszeni tragedi\u0105, w kt\u00f3rej nie\u015bli pomoc poszkodowanym Fot. OSP \u0141omianki<\/p>\n<p class=\"Paragraph_desktopParagraph__U31Gm\">&#8222;Zrobili\u015bmy wszystko, co by\u0142o w naszej mocy&#8221; \u2014 napisali na Facebooku druhowie z OSP w \u0141omiankach. \u2014 &#8222;Zdarzenie bardzo nas poruszy\u0142o. Swoj\u0105 skal\u0105, jak i skutkami. Bezpo\u015brednio po powrocie d\u0142ugo rozmawiali\u015bmy, podsumowuj\u0105c dzia\u0142ania oraz dziel\u0105c si\u0119 do\u015bwiadczeniami i sposobami radzenia sobie w takich sytuacjach. Wielu z nas, tak\u017ce tych m\u0142odszych, widzia\u0142o ju\u017c wiele, jednak tym razem wyra\u017anie da\u0142o si\u0119 odczu\u0107 ogrom towarzysz\u0105cych nam emocji&#8221;.<\/p>\n","protected":false},"excerpt":{"rendered":"Portal brd24.pl dotar\u0142 do szczeg\u00f3\u0142\u00f3w dotycz\u0105cych tragedii, kt\u00f3r\u0105 w niedziel\u0119 (12 kwietnia) oko\u0142o 18.00 w \u0141omiankach spowodowa\u0142 kierowca&hellip;\n","protected":false},"author":2,"featured_media":367781,"comment_status":"","ping_status":"","sticky":false,"template":"","format":"standard","meta":{"footnotes":"","_share_on_mastodon":"0"},"categories":[5],"tags":[12359,32,33,36,37,27,34,35,1565,28,31,53,25,52,68,51,55,42,38,40,39,41,47,29,30,50,26],"class_list":["post-367780","post","type-post","status-publish","format-standard","has-post-thumbnail","category-naglowki","tag-brd24pl","tag-breaking-news","tag-breakingnews","tag-featured-news","tag-featurednews","tag-headlines","tag-latest-news","tag-latestnews","tag-ms","tag-naglowki","tag-najwazniejsze-artykuly","tag-new_header","tag-news","tag-onet3","tag-onet3d","tag-onet3d_2i","tag-phx","tag-pl","tag-poland","tag-polish","tag-polska","tag-polski","tag-screening_general","tag-top-stories","tag-topstories","tag-v2021","tag-wiadomosci"],"share_on_mastodon":{"url":"https:\/\/pubeurope.com\/@pl\/116408950852764696","error":""},"_links":{"self":[{"href":"https:\/\/www.europesays.com\/pl\/wp-json\/wp\/v2\/posts\/367780","targetHints":{"allow":["GET"]}}],"collection":[{"href":"https:\/\/www.europesays.com\/pl\/wp-json\/wp\/v2\/posts"}],"about":[{"href":"https:\/\/www.europesays.com\/pl\/wp-json\/wp\/v2\/types\/post"}],"author":[{"embeddable":true,"href":"https:\/\/www.europesays.com\/pl\/wp-json\/wp\/v2\/users\/2"}],"replies":[{"embeddable":true,"href":"https:\/\/www.europesays.com\/pl\/wp-json\/wp\/v2\/comments?post=367780"}],"version-history":[{"count":0,"href":"https:\/\/www.europesays.com\/pl\/wp-json\/wp\/v2\/posts\/367780\/revisions"}],"wp:featuredmedia":[{"embeddable":true,"href":"https:\/\/www.europesays.com\/pl\/wp-json\/wp\/v2\/media\/367781"}],"wp:attachment":[{"href":"https:\/\/www.europesays.com\/pl\/wp-json\/wp\/v2\/media?parent=367780"}],"wp:term":[{"taxonomy":"category","embeddable":true,"href":"https:\/\/www.europesays.com\/pl\/wp-json\/wp\/v2\/categories?post=367780"},{"taxonomy":"post_tag","embeddable":true,"href":"https:\/\/www.europesays.com\/pl\/wp-json\/wp\/v2\/tags?post=367780"}],"curies":[{"name":"wp","href":"https:\/\/api.w.org\/{rel}","templated":true}]}}