{"id":368621,"date":"2026-04-15T21:36:08","date_gmt":"2026-04-15T21:36:08","guid":{"rendered":"https:\/\/www.europesays.com\/pl\/368621\/"},"modified":"2026-04-15T21:36:08","modified_gmt":"2026-04-15T21:36:08","slug":"nowy-sondaz-w-niemczech-skrajna-prawica-z-przewaga-nad-innymi-partiami","status":"publish","type":"post","link":"https:\/\/www.europesays.com\/pl\/368621\/","title":{"rendered":"Nowy sonda\u017c w Niemczech. Skrajna prawica z przewag\u0105 nad innymi partiami"},"content":{"rendered":"<p>W por\u00f3wnaniu z analogicznym badaniem z marca popularno\u015b\u0107 AfD wzros\u0142a o punkt procentowy, a chadek\u00f3w \u2014 spad\u0142a o trzy. 23 proc. to najni\u017cszy wynik CDU\/CSU w sonda\u017cach YouGov od grudnia 2021 r.<\/p>\n<p> Dalszy ci\u0105g artyku\u0142u pod materia\u0142em wideo <\/p>\n<p>Gdyby wybory parlamentarne w Niemczech odby\u0142y si\u0119 w kwietniu, w Bundestagu znalaz\u0142oby si\u0119 tak\u017ce socjaldemokratyczne SPD z poparciem na poziomie 13 proc. W parlamentarnych \u0142awach zasiedliby r\u00f3wnie\u017c przedstawiciele Zielonych (14 proc.) oraz Lewicy (10 proc.). Do parlamentu nie dosta\u0142aby si\u0119 natomiast liberalna FDP (4 proc.).<\/p>\n<p>     Problemy niemieckiego rz\u0105du<\/p>\n<p>YouGov przeprowadza\u0142 sonda\u017c od pi\u0105tku do poniedzia\u0142ku, czyli w czasie, gdy niemiecki rz\u0105d zmaga\u0142 si\u0119 z trudno\u015bciami w skutecznym reagowaniu na gwa\u0142towny wzrost cen energii, spowodowany wojn\u0105 w Iranie.<\/p>\n<p>Powodem do niepokoju dla kanclerza musi by\u0107 rosn\u0105ce w\u015br\u00f3d Niemc\u00f3w rozczarowanie jego prac\u0105. W kwietniowym sonda\u017cu YouGov niezadowolenie z dzia\u0142a\u0144 szefa rz\u0105du zadeklarowa\u0142o 79 proc. respondent\u00f3w.<\/p>\n","protected":false},"excerpt":{"rendered":"W por\u00f3wnaniu z analogicznym badaniem z marca popularno\u015b\u0107 AfD wzros\u0142a o punkt procentowy, a chadek\u00f3w \u2014 spad\u0142a o&hellip;\n","protected":false},"author":2,"featured_media":368622,"comment_status":"","ping_status":"","sticky":false,"template":"","format":"standard","meta":{"footnotes":"","_share_on_mastodon":"0"},"categories":[14],"tags":[854,61195,32,33,345,27,34,35,28,31,48,25,295,46,40,41,47,231,80,29,30,26,82,83,84],"class_list":["post-368621","post","type-post","status-publish","format-standard","has-post-thumbnail","category-swiat","tag-afd","tag-bottomfeed_styl","tag-breaking-news","tag-breakingnews","tag-friedrich_merz","tag-headlines","tag-latest-news","tag-latestnews","tag-naglowki","tag-najwazniejsze-artykuly","tag-nat_styl","tag-news","tag-niemcy","tag-omp","tag-polish","tag-polski","tag-screening_general","tag-sondaze","tag-swiat","tag-top-stories","tag-topstories","tag-wiadomosci","tag-world","tag-world-news","tag-worldnews"],"share_on_mastodon":{"url":"https:\/\/pubeurope.com\/@pl\/116410881530784677","error":""},"_links":{"self":[{"href":"https:\/\/www.europesays.com\/pl\/wp-json\/wp\/v2\/posts\/368621","targetHints":{"allow":["GET"]}}],"collection":[{"href":"https:\/\/www.europesays.com\/pl\/wp-json\/wp\/v2\/posts"}],"about":[{"href":"https:\/\/www.europesays.com\/pl\/wp-json\/wp\/v2\/types\/post"}],"author":[{"embeddable":true,"href":"https:\/\/www.europesays.com\/pl\/wp-json\/wp\/v2\/users\/2"}],"replies":[{"embeddable":true,"href":"https:\/\/www.europesays.com\/pl\/wp-json\/wp\/v2\/comments?post=368621"}],"version-history":[{"count":0,"href":"https:\/\/www.europesays.com\/pl\/wp-json\/wp\/v2\/posts\/368621\/revisions"}],"wp:featuredmedia":[{"embeddable":true,"href":"https:\/\/www.europesays.com\/pl\/wp-json\/wp\/v2\/media\/368622"}],"wp:attachment":[{"href":"https:\/\/www.europesays.com\/pl\/wp-json\/wp\/v2\/media?parent=368621"}],"wp:term":[{"taxonomy":"category","embeddable":true,"href":"https:\/\/www.europesays.com\/pl\/wp-json\/wp\/v2\/categories?post=368621"},{"taxonomy":"post_tag","embeddable":true,"href":"https:\/\/www.europesays.com\/pl\/wp-json\/wp\/v2\/tags?post=368621"}],"curies":[{"name":"wp","href":"https:\/\/api.w.org\/{rel}","templated":true}]}}