{"id":368788,"date":"2026-04-15T23:25:12","date_gmt":"2026-04-15T23:25:12","guid":{"rendered":"https:\/\/www.europesays.com\/pl\/368788\/"},"modified":"2026-04-15T23:25:12","modified_gmt":"2026-04-15T23:25:12","slug":"dorota-wellman-o-otylosci-nagle-poruszyla-temat-ozempiku-nie-musze-go-brac","status":"publish","type":"post","link":"https:\/\/www.europesays.com\/pl\/368788\/","title":{"rendered":"Dorota Wellman o oty\u0142o\u015bci. Nagle poruszy\u0142a temat Ozempiku: nie musz\u0119 go bra\u0107"},"content":{"rendered":"<p class=\"Paragraph_desktopParagraph__U31Gm\"><a href=\"https:\/\/plejada.pl\/temat\/dorota-wellman-dziennikarka\/yypl6k3\" id=\"d9739a86-a4a4-4e39-99a3-e8250c1562d2\" rel=\"nofollow noopener\" target=\"_blank\">Dorota Wellman<\/a> od lat cieszy si\u0119 ogromn\u0105 sympati\u0105 widz\u00f3w. Jej pogodne usposobienie, szczero\u015b\u0107 i bezkompromisowo\u015b\u0107 sprawi\u0142y, \u017ce sta\u0142a si\u0119 jedn\u0105 z najbardziej rozpoznawalnych i lubianych twarzy polskiej telewizji. Mimo to wielokrotnie staje si\u0119 celem internetowego hejtu. W jednym z ostatnich wywiad\u00f3w przyzna\u0142a, \u017ce regularnie s\u0142yszy pod swoim adresem obra\u017aliwe okre\u015blenia, takie jak &#8222;\u015bwinia&#8221;, &#8222;baleron&#8221; czy &#8222;wieloryb&#8221;.<\/p>\n<p>Dorota Wellman m\u00f3wi\u0142a o Ozempku. Nagle wspomnia\u0142a o hollywoodzkich diwach <\/p>\n<p class=\"Paragraph_desktopParagraph__U31Gm\">W rozmowie z Karolem Paciorkiem, kt\u00f3ra ukaza\u0142a si\u0119 na kanale Imponderabilia, prowadz\u0105ca &#8222;Dzie\u0144 Dobry TVN&#8221; opowiedzia\u0142a o sytuacji, w kt\u00f3rej postanowi\u0142a nie pozostawi\u0107 hejtu bez odpowiedzi. <a href=\"https:\/\/plejada.pl\/newsy\/dorota-wellman-zaskoczyla-swojego-hejtera-przyjechala-do-jego-pracy\/yfxl39r\" id=\"2a261cad-3417-4567-a7f6-f48ab5630271\" rel=\"nofollow noopener\" target=\"_blank\">Wellman odnalaz\u0142a jednego z internetowych napastnik\u00f3w<\/a> i odwiedzi\u0142a go w miejscu pracy. W efekcie m\u0119\u017cczyzna nie wytrzyma\u0142 konfrontacji i si\u0119 rozp\u0142aka\u0142.<\/p>\n<p class=\"Paragraph_desktopParagraph__U31Gm\">Wellman wyr\u00f3\u017cnia si\u0119 nie tylko dystansem do siebie, ale tak\u017ce sylwetk\u0105, kt\u00f3ra nigdy nie by\u0142a dla niej tematem tabu. W trakcie wywiadu zdradzi\u0142a co s\u0105dzi na temat ruchu body positive.<\/p>\n<blockquote>\n<p class=\"Paragraph_desktopParagraph__U31Gm\">Ju\u017c go nie ma. Ju\u017c wszyscy chc\u0105 by\u0107 tylko szczupli i pi\u0119kni. Bez wysi\u0142ku. (&#8230;) Nasze diwy hollywoodzkie naprawd\u0119 by\u0142y szczup\u0142e, a teraz wygl\u0105daj\u0105 jak szkieletory. I jest to naprawd\u0119 przera\u017caj\u0105ce. To jest w okolicach anoreksji i jest to niebezpieczne dla zdrowia i \u017cycia<\/p>\n<\/blockquote>\n<p class=\"Paragraph_desktopParagraph__U31Gm\">\u2014 oceni\u0142a gorzko.<\/p>\n<p class=\"Paragraph_desktopParagraph__U31Gm\">Dziennikarka, kt\u00f3ra ostatnio schud\u0142a bez wspomagania popularnym lekiem na cukrzyc\u0119, nie ukrywa, co s\u0105dzi o stosowaniu Ozempicu w celach innych ni\u017c medyczne.<\/p>\n<p class=\"Paragraph_desktopParagraph__U31Gm\">&#8222;Oty\u0142o\u015b\u0107 jest chorob\u0105 wynikaj\u0105c\u0105 z bardzo r\u00f3\u017cnych dolegliwo\u015bci. Na to jest lekarstwo i powinno by\u0107 stosowane w przypadku, kiedy lekarz nam to zaleci. To, \u017ce jest taki lek, to jest b\u0142ogos\u0142awie\u0144stwo i powiedzmy sobie wprost: taki lek mo\u017ce uratowa\u0107 \u017cycie. Ale je\u017celi jest stosowany dla jeszcze szczuplejszej sylwetki, jeszcze w\u0119\u017cszej twarzy wygl\u0105daj\u0105cej jak trupia, to naprawd\u0119 my\u015bl\u0119, \u017ce jest to fanaberia&#8221; \u2014 ocenia dziennikarka.<\/p>\n<p class=\"Paragraph_desktopParagraph__U31Gm\">Dorota Wellman zwraca te\u017c uwag\u0119 na finansowy aspekt leczenia. Jak zauwa\u017ca, w Polsce jest ono &#8222;niewiarygodnie drogie&#8221;.<\/p>\n<p class=\"Paragraph_desktopParagraph__U31Gm\">&#8222;Wyda\u0107 na przyk\u0142ad 2 tys. z\u0142 miesi\u0119cznie na te zastrzyki jest ogromnym wysi\u0142kiem finansowym. A dla niekt\u00f3rych to sprawa \u017cycia i \u015bmierci. Nie dlatego, \u017ce si\u0119 n********i, tylko dlatego, \u017ce s\u0105 chorzy. Jest tysi\u0105c powod\u00f3w, dla kt\u00f3rych ludzie s\u0105 otyli, nie tylko dlatego, \u017ce jedz\u0105 chipsy&#8221;\u2014 podsumowuje Wellman.<\/p>\n<p class=\"Paragraph_desktopParagraph__U31Gm\">Na pytanie, czy kiedykolwiek kusi\u0142 j\u0105 Ozempic, dziennikarka odpowiada stanowczo:<\/p>\n<blockquote>\n<p class=\"Paragraph_desktopParagraph__U31Gm\">Nie, bo nie musz\u0119 go bra\u0107. Nie mam podwy\u017cszonego cukru, nie mam cukrzycy. Straci\u0142am ostatnio par\u0119 kilogram\u00f3w, bo pracowa\u0142am nad tym z lekarzem ze wzgl\u0119du na to, \u017ce mia\u0142am k\u0142opoty z sercem po pandemii. Nie stosowa\u0142am jednak leku. Natomiast je\u017celi b\u0119d\u0119 musia\u0142a wzi\u0105\u0107 ze wzgl\u0119du na cukrzyc\u0119, to wtedy wezm\u0119, je\u015bli przepisze mi to lekarz.<\/p>\n<\/blockquote>\n<p><img decoding=\"async\" class=\"Image_image__0tuHp Image_autoHeight__f2n87 \" height=\"587\" width=\"391\" src=\"https:\/\/www.europesays.com\/pl\/wp-content\/uploads\/2026\/04\/hzCk9kpTURBXy8wN2NjMmFhMzhjYjk4NGMwZTRlZmU3N2Q3NTU2ZDU0Zi5qcGeSlQLNA6wAwsOVAgDNAkvCw94AA6EwAaExAaEzw.jpeg\" alt=\"Dorota Wellman\" loading=\"lazy\" \/>Piotr Andrzejczak \/ MW Media<\/p>\n<p>Dorota Wellman<\/p>\n<p class=\"Paragraph_desktopParagraph__U31Gm\">Dzi\u0119kujemy, \u017ce przeczyta\u0142a\u015b\/e\u015b nasz artyku\u0142 do ko\u0144ca. W serwisie Plejada.pl ka\u017cdego dnia piszemy o najwa\u017cniejszych wydarzeniach show-biznesowych. B\u0105d\u017a na bie\u017c\u0105co!<a rel=\"nofollow noopener\" href=\"https:\/\/profile.google.com\/cp\/Cg0vZy8xMWJ6X19wdHBx\" id=\"a384733a-c071-4d10-a833-a34ff05932af\" target=\"_blank\"> Obserwuj<\/a> Plejad\u0119 w Google. Odwied\u017a nas tak\u017ce na<a rel=\"nofollow noopener\" href=\"https:\/\/www.facebook.com\/plejadapl\" id=\"91d58463-c0d9-4d86-b8fb-b7a9dcb80c0d\" target=\"_blank\"> Facebooku<\/a>,<a rel=\"nofollow noopener\" href=\"https:\/\/www.instagram.com\/plejadapl\/\" id=\"65a44e83-768b-4115-82c0-620b055dc13f\" target=\"_blank\"> Instagramie<\/a>,<a rel=\"nofollow noopener\" href=\"https:\/\/www.youtube.com\/c\/plejada\" id=\"6a311a43-3c28-49b7-af9a-31d70ebb6c06\" target=\"_blank\"> YouTubie<\/a> oraz<a rel=\"nofollow noopener\" href=\"https:\/\/www.tiktok.com\/@plejada_pl\" id=\"387098e5-6451-47f2-b16f-57ae0f9c0412\" target=\"_blank\"> TikToku<\/a>.<\/p>\n<p class=\"Paragraph_desktopParagraph__U31Gm\">Chcesz podzieli\u0107 si\u0119 ciekawym newsem lub zaproponowa\u0107 temat? Skontaktuj si\u0119 z nami, pisz\u0105c maila na adres: <a href=\"https:\/\/www.onet.pl\/styl-zycia\/plejada\/dorota-wellman-o-otylosci-nagle-poruszyla-temat-ozempiku-nie-musze-go-brac\/mailto:plejada@redakcjaonet.pl\" id=\"8c439f9a-7247-4dbb-8792-17239f058fab\" rel=\"nofollow noopener\" target=\"_blank\">plejada@redakcjaonet.pl<\/a><\/p>\n<p><script async src=\"\/\/www.instagram.com\/embed.js\"><\/script><script async src=\"\/\/www.tiktok.com\/embed.js\"><\/script><\/p>\n","protected":false},"excerpt":{"rendered":"Dorota Wellman od lat cieszy si\u0119 ogromn\u0105 sympati\u0105 widz\u00f3w. Jej pogodne usposobienie, szczero\u015b\u0107 i bezkompromisowo\u015b\u0107 sprawi\u0142y, \u017ce sta\u0142a&hellip;\n","protected":false},"author":2,"featured_media":368789,"comment_status":"","ping_status":"","sticky":false,"template":"","format":"standard","meta":{"footnotes":"","_share_on_mastodon":"0"},"categories":[22],"tags":[244,65383,122,67,11223,53,52,68,51,16782,55,42,38,40,39,41,123,47,196,65,50],"class_list":["post-368788","post","type-post","status-publish","format-standard","has-post-thumbnail","category-rozrywka","tag-ctr_tst","tag-dorota_wellman_dziennikarka","tag-entertainment","tag-intextvideo_splayer","tag-nadwaga_otylosc","tag-new_header","tag-onet3","tag-onet3d","tag-onet3d_2i","tag-ozempic","tag-phx","tag-pl","tag-poland","tag-polish","tag-polska","tag-polski","tag-rozrywka","tag-screening_general","tag-styl_zycia","tag-update_me","tag-v2021"],"share_on_mastodon":{"url":"https:\/\/pubeurope.com\/@pl\/116411310202871360","error":""},"_links":{"self":[{"href":"https:\/\/www.europesays.com\/pl\/wp-json\/wp\/v2\/posts\/368788","targetHints":{"allow":["GET"]}}],"collection":[{"href":"https:\/\/www.europesays.com\/pl\/wp-json\/wp\/v2\/posts"}],"about":[{"href":"https:\/\/www.europesays.com\/pl\/wp-json\/wp\/v2\/types\/post"}],"author":[{"embeddable":true,"href":"https:\/\/www.europesays.com\/pl\/wp-json\/wp\/v2\/users\/2"}],"replies":[{"embeddable":true,"href":"https:\/\/www.europesays.com\/pl\/wp-json\/wp\/v2\/comments?post=368788"}],"version-history":[{"count":0,"href":"https:\/\/www.europesays.com\/pl\/wp-json\/wp\/v2\/posts\/368788\/revisions"}],"wp:featuredmedia":[{"embeddable":true,"href":"https:\/\/www.europesays.com\/pl\/wp-json\/wp\/v2\/media\/368789"}],"wp:attachment":[{"href":"https:\/\/www.europesays.com\/pl\/wp-json\/wp\/v2\/media?parent=368788"}],"wp:term":[{"taxonomy":"category","embeddable":true,"href":"https:\/\/www.europesays.com\/pl\/wp-json\/wp\/v2\/categories?post=368788"},{"taxonomy":"post_tag","embeddable":true,"href":"https:\/\/www.europesays.com\/pl\/wp-json\/wp\/v2\/tags?post=368788"}],"curies":[{"name":"wp","href":"https:\/\/api.w.org\/{rel}","templated":true}]}}