{"id":369153,"date":"2026-04-16T04:01:41","date_gmt":"2026-04-16T04:01:41","guid":{"rendered":"https:\/\/www.europesays.com\/pl\/369153\/"},"modified":"2026-04-16T04:01:41","modified_gmt":"2026-04-16T04:01:41","slug":"pierwsze-w-polsce-postepowanie-za-nielegalny-wyscig-policja-potwierdza","status":"publish","type":"post","link":"https:\/\/www.europesays.com\/pl\/369153\/","title":{"rendered":"Pierwsze w Polsce post\u0119powanie za &#8222;nielegalny wy\u015bcig&#8221;. Policja potwierdza"},"content":{"rendered":"<p class=\"Paragraph_desktopParagraph__U31Gm\">Ruszy\u0142o pierwsze w kraju post\u0119powanie dotycz\u0105ce nowego przest\u0119pstwa, kt\u00f3re do Kodeksu karnego wesz\u0142o 29 stycznia tego roku. Chodzi o nielegalny wy\u015bcig, za kt\u00f3ry obecnie nie grozi ju\u017c mandat, ale post\u0119powanie przed s\u0105dem i kara pozbawienia wolno\u015bci.<\/p>\n<p class=\"Paragraph_desktopParagraph__U31Gm\">Dwa dni temu portal brd24.pl zauwa\u017cy\u0142, \u017ce film z rejestratora jednego z kierowc\u00f3w pokazuje zachowanie, kt\u00f3re jest obecnie przest\u0119pstwem. Chodzi o film nagrany w Bydgoszczy 12 kwietnia.<\/p>\n<p class=\"Paragraph_desktopParagraph__U31Gm\">Wida\u0107 na nim dw\u00f3ch kierowc\u00f3w \u2014 BMW na toru\u0144skich numerach oraz czarnego mercedesa z warszawsk\u0105 rejestracj\u0105, kt\u00f3rzy dwukrotnie zatrzymuj\u0105 si\u0119 na ulicy tylko po to, by potem gwa\u0142townie ruszy\u0107 i \u015bciga\u0107 si\u0119 na s\u0105siednich pasach ruchu. Zrobili to na ulicy Jagiello\u0144skiej, na wysoko\u015bci Poczty G\u0142\u00f3wnej i chwil\u0119 p\u00f3\u017aniej po przejechaniu ronda Jagiello\u0144skiego.<\/p>\n<p class=\"Paragraph_desktopParagraph__U31Gm\">Policja: prowadzimy post\u0119powanie w art. 178c Kodeksu karnego<\/p>\n<p class=\"Paragraph_desktopParagraph__U31Gm\">Po naszych pytaniach i po przedstawieniu publikacji prasowej Policja z Bydgoszczy odpowiedzia\u0142a, \u017ce funkcjonariusze zajmuj\u0105 si\u0119 sytuacj\u0105 zarejestrowan\u0105 na filmie.<\/p>\n<p class=\"Paragraph_desktopParagraph__U31Gm\">&#8222;W tej sprawie policjanci z Komisariatu Policji Bydgoszcz-\u015ar\u00f3dmie\u015bcie prowadz\u0105 post\u0119powanie w kierunku art. 178c Kodeksu karnego&#8221; \u2014 poinformowa\u0142a brd24.pl nadkom. Lidia Kowalska z Zespo\u0142u Komunikacji Spo\u0142ecznej Komendy Miejskiej Policji w Bydgoszczy.<\/p>\n<p class=\"Paragraph_desktopParagraph__U31Gm\">Wszcz\u0119to zatem pierwsze post\u0119powanie dotycz\u0105ce przest\u0119pstwa &#8222;nielegalnych wy\u015bcig\u00f3w&#8221;. Przypomnijmy, \u017ce przest\u0119pstwem tym jest: &#8222;rywalizacja kieruj\u0105cych co najmniej dwoma pojazdami mechanicznymi w ruchu l\u0105dowym, w szczeg\u00f3lno\u015bci z zamiarem pokonania odcinka drogi w jak najkr\u00f3tszym czasie, z naruszeniem zasad bezpiecze\u0144stwa w ruchu l\u0105dowym&#8221;.<\/p>\n<p class=\"Paragraph_desktopParagraph__U31Gm\">W takiej sprawie funkcjonariusze, po zebraniu dowod\u00f3w, powinni skierowa\u0107 zawiadomienie do s\u0105du.<\/p>\n","protected":false},"excerpt":{"rendered":"Ruszy\u0142o pierwsze w kraju post\u0119powanie dotycz\u0105ce nowego przest\u0119pstwa, kt\u00f3re do Kodeksu karnego wesz\u0142o 29 stycznia tego roku. Chodzi&hellip;\n","protected":false},"author":2,"featured_media":369154,"comment_status":"","ping_status":"","sticky":false,"template":"","format":"standard","meta":{"footnotes":"","_share_on_mastodon":"0"},"categories":[51613],"tags":[64980,12359,7132,1565,53,52,68,51,55,42,38,40,39,41,47,50,26],"class_list":["post-369153","post","type-post","status-publish","format-standard","has-post-thumbnail","category-bydgoszcz","tag-benefit_tst2","tag-brd24pl","tag-bydgoszcz","tag-ms","tag-new_header","tag-onet3","tag-onet3d","tag-onet3d_2i","tag-phx","tag-pl","tag-poland","tag-polish","tag-polska","tag-polski","tag-screening_general","tag-v2021","tag-wiadomosci"],"share_on_mastodon":{"url":"https:\/\/pubeurope.com\/@pl\/116412395226355963","error":""},"_links":{"self":[{"href":"https:\/\/www.europesays.com\/pl\/wp-json\/wp\/v2\/posts\/369153","targetHints":{"allow":["GET"]}}],"collection":[{"href":"https:\/\/www.europesays.com\/pl\/wp-json\/wp\/v2\/posts"}],"about":[{"href":"https:\/\/www.europesays.com\/pl\/wp-json\/wp\/v2\/types\/post"}],"author":[{"embeddable":true,"href":"https:\/\/www.europesays.com\/pl\/wp-json\/wp\/v2\/users\/2"}],"replies":[{"embeddable":true,"href":"https:\/\/www.europesays.com\/pl\/wp-json\/wp\/v2\/comments?post=369153"}],"version-history":[{"count":0,"href":"https:\/\/www.europesays.com\/pl\/wp-json\/wp\/v2\/posts\/369153\/revisions"}],"wp:featuredmedia":[{"embeddable":true,"href":"https:\/\/www.europesays.com\/pl\/wp-json\/wp\/v2\/media\/369154"}],"wp:attachment":[{"href":"https:\/\/www.europesays.com\/pl\/wp-json\/wp\/v2\/media?parent=369153"}],"wp:term":[{"taxonomy":"category","embeddable":true,"href":"https:\/\/www.europesays.com\/pl\/wp-json\/wp\/v2\/categories?post=369153"},{"taxonomy":"post_tag","embeddable":true,"href":"https:\/\/www.europesays.com\/pl\/wp-json\/wp\/v2\/tags?post=369153"}],"curies":[{"name":"wp","href":"https:\/\/api.w.org\/{rel}","templated":true}]}}