{"id":369225,"date":"2026-04-16T04:52:11","date_gmt":"2026-04-16T04:52:11","guid":{"rendered":"https:\/\/www.europesays.com\/pl\/369225\/"},"modified":"2026-04-16T04:52:11","modified_gmt":"2026-04-16T04:52:11","slug":"polacy-w-sondazu-o-sobieranskiej-grendzie-tusk-dostal-podpowiedz-wprost","status":"publish","type":"post","link":"https:\/\/www.europesays.com\/pl\/369225\/","title":{"rendered":"Polacy w sonda\u017cu o Sobiera\u0144skiej-Grendzie. Tusk dosta\u0142 podpowied\u017a \u2013 Wprost"},"content":{"rendered":"\n<p>&#13;<br \/>\nP\u00f3\u0142 \u017cartem, p\u00f3\u0142 serio m\u00f3wi si\u0119, \u017ce\u00a0z\u00a0obsadzeniem stanowiska ministra zdrowia szefowie rz\u0105d\u00f3w maj\u0105 najwi\u0119kszy problem. Bo\u00a0system opieki zdrowotnej jest jak dziura bez dna, do\u00a0kt\u00f3rej niezale\u017cnie, ile pieni\u0119dzy si\u0119 wsypie, wci\u0105\u017c b\u0119d\u0105 odczuwalne braki. Bo\u00a0kolejki do\u00a0specjalist\u00f3w s\u0105 wci\u0105\u017c d\u0142ugie, a\u00a0nigdy nie\u00a0b\u0119dzie sytuacji, w\u00a0kt\u00f3rej wszyscy pacjenci b\u0119d\u0105 zadowoleni ze\u00a0sposobu rozwi\u0105zywania ich problem\u00f3w, a\u00a0co za\u00a0tym idzie \u2013\u00a0jako\u015bci leczenia. &#13;\n<\/p>\n<p>Stanowisko dla\u00a0politycznego sapera. Sobiera\u0144ska-Grenda na\u00a0polu minowym<\/p>\n<p>&#13;<br \/>\nPrzez 2,5 roku, od\u00a0kiedy u\u00a0w\u0142adzy jest koalicja 15 pa\u017adziernika z\u00a0Donaldem Tuskiem na\u00a0czele, zosta\u0142a przeprowadzona <a href=\"https:\/\/www.wprost.pl\/polityka\/12079714\/rekonstrukcja-rzadu-donalda-tuska-w-sieci-zawrzalo.html\" target=\"_blank\" rel=\"nofollow noopener\">jedna rekonstrukcja rz\u0105du<\/a>. W\u00a0jej ramach ze\u00a0stanowiskiem po\u017cegna\u0142a si\u0119 m.in. minister zdrowia Izabela Leszczyna. W\u00a0lipcu 2025\u00a0r. zast\u0105pi\u0142a j\u0105 Jolanta Sobiera\u0144ska-Grenda. &#13;\n<\/p>\n<p>&#13;<br \/>\n\u2013 Odk\u0105d jestem na\u00a0tym stanowisku, czyli ponad osiem miesi\u0119cy, stawiam jasno diagnoz\u0119. I\u00a0nie boj\u0119 si\u0119 o\u00a0tym m\u00f3wi\u0107, \u017ce\u00a0pomimo \u017ce\u00a0w\u00a0tym roku mamy bud\u017cet rekordowy, czyli 248 mld z\u0142otych og\u00f3lnie na\u00a0ochron\u0119 zdrowia, to\u00a0wiemy, \u017ce\u00a0do\u00a0bud\u017cetu NFZ-tu b\u0119dzie nam brakowa\u0142o na\u00a0dzie\u0144 dzisiejszy 18 mld z\u0142otych \u2013\u00a0powiedzia\u0142a Jolanta Sobiera\u0144ska-Grenda na\u00a0antenie RMF FM. \u2013\u00a0W\u00a0zwi\u0105zku z\u00a0tym my\u015bl\u0119, \u017ce\u00a0m\u00f3wienie w\u00a0spos\u00f3b bardzo transparentny, ale\u00a0r\u00f3wnie\u017c w\u00a0spos\u00f3b uczciwy o\u00a0tym, w\u00a0kt\u00f3rym miejscu jeste\u015bmy, jest wynikiem odpowiedzialno\u015bci \u2013\u00a0doda\u0142a minister zdrowia. &#13;\n<\/p>\n<p>Minister zdrowia do\u00a0dymisji? Polacy podpowiedzieli Tuskowi. Nowy sonda\u017c<\/p>\n<p>&#13;<br \/>\nW po\u0142owie marca 2026\u00a0r. pojawi\u0142y si\u0119 spekulacje, \u017ce\u00a0jeszcze przed wakacjami <a href=\"https:\/\/www.wprost.pl\/kraj\/12280203\/barbara-nowacka-odejdzie-z-men-pilne-doniesienia-z-rzadu.html\" target=\"_blank\" rel=\"nofollow noopener\">Donald Tusk przeprowadzi kolejn\u0105 rekonstrukcj\u0119 rz\u0105du,<\/a> a\u00a0stanowiska mia\u0142yby straci\u0107 szefowe resort\u00f3w kultury, edukacji i\u00a0zdrowia. Premier zdementowa\u0142 te\u00a0pog\u0142oski, m\u00f3wi\u0105c, \u017ce\u00a0\u201enie ma\u00a0w\u00a0tej chwili takich plan\u00f3w\u201d. Stanowisko szefa polskiego rz\u0105du postanowili\u015bmy zestawi\u0107 z\u00a0opiniami Polek i\u00a0Polak\u00f3w. &#13;\n<\/p>\n<p> W najnowszym sonda\u017cu <a href=\"https:\/\/swresearch.pl\/\" target=\"_blank\" rel=\"nofollow noopener\">SW Research<\/a> dla\u00a0\u201eWprost\u201d zapytali\u015bmy respondent\u00f3w, czy\u00a0Jolanta Sobiera\u0144ska-Grenda powinna zosta\u0107 zdymisjonowana. 41 proc. badanych uwa\u017ca, \u017ce\u00a0minister zdrowia powinna po\u017cegna\u0107 si\u0119 ze\u00a0stanowiskiem, a\u00a015,3 proc. jest przeciw. A\u017c\u00a043,7 proc. nie\u00a0ma\u00a0zdania w\u00a0sprawie. <\/p>\n","protected":false},"excerpt":{"rendered":"&#13; P\u00f3\u0142 \u017cartem, p\u00f3\u0142 serio m\u00f3wi si\u0119, \u017ce\u00a0z\u00a0obsadzeniem stanowiska ministra zdrowia szefowie rz\u0105d\u00f3w maj\u0105 najwi\u0119kszy problem. Bo\u00a0system opieki&hellip;\n","protected":false},"author":2,"featured_media":369226,"comment_status":"","ping_status":"","sticky":false,"template":"","format":"standard","meta":{"footnotes":"","_share_on_mastodon":"0"},"categories":[62713],"tags":[1345,64711,11341,907,3512,11343,366,231,99,65514,43315],"class_list":["post-369225","post","type-post","status-publish","format-standard","has-post-thumbnail","category-donald-tusk","tag-donald-tusk","tag-magdalena-frindt","tag-ministerstwo-zdrowia","tag-polityka","tag-premium","tag-sobieranska-grenda","tag-sondaz","tag-sondaze","tag-tusk","tag-tylko-u-nas","tag-wprost"],"share_on_mastodon":{"url":"https:\/\/pubeurope.com\/@pl\/116412595873858464","error":""},"_links":{"self":[{"href":"https:\/\/www.europesays.com\/pl\/wp-json\/wp\/v2\/posts\/369225","targetHints":{"allow":["GET"]}}],"collection":[{"href":"https:\/\/www.europesays.com\/pl\/wp-json\/wp\/v2\/posts"}],"about":[{"href":"https:\/\/www.europesays.com\/pl\/wp-json\/wp\/v2\/types\/post"}],"author":[{"embeddable":true,"href":"https:\/\/www.europesays.com\/pl\/wp-json\/wp\/v2\/users\/2"}],"replies":[{"embeddable":true,"href":"https:\/\/www.europesays.com\/pl\/wp-json\/wp\/v2\/comments?post=369225"}],"version-history":[{"count":0,"href":"https:\/\/www.europesays.com\/pl\/wp-json\/wp\/v2\/posts\/369225\/revisions"}],"wp:featuredmedia":[{"embeddable":true,"href":"https:\/\/www.europesays.com\/pl\/wp-json\/wp\/v2\/media\/369226"}],"wp:attachment":[{"href":"https:\/\/www.europesays.com\/pl\/wp-json\/wp\/v2\/media?parent=369225"}],"wp:term":[{"taxonomy":"category","embeddable":true,"href":"https:\/\/www.europesays.com\/pl\/wp-json\/wp\/v2\/categories?post=369225"},{"taxonomy":"post_tag","embeddable":true,"href":"https:\/\/www.europesays.com\/pl\/wp-json\/wp\/v2\/tags?post=369225"}],"curies":[{"name":"wp","href":"https:\/\/api.w.org\/{rel}","templated":true}]}}