{"id":369361,"date":"2026-04-16T06:35:08","date_gmt":"2026-04-16T06:35:08","guid":{"rendered":"https:\/\/www.europesays.com\/pl\/369361\/"},"modified":"2026-04-16T06:35:08","modified_gmt":"2026-04-16T06:35:08","slug":"toyota-buduje-oprogramowanie-w-polsce-wroclaw-otrzymal-centrum-it-na-cala-europe","status":"publish","type":"post","link":"https:\/\/www.europesays.com\/pl\/369361\/","title":{"rendered":"Toyota buduje oprogramowanie w Polsce. Wroc\u0142aw otrzyma\u0142 centrum IT na ca\u0142\u0105 Europ\u0119"},"content":{"rendered":"<p>Toyota Motor Europe oficjalnie og\u0142osi\u0142a utworzenie nowego oddzia\u0142u informatycznego na\u00a0mapie Polski.<\/p>\n<p>We\u00a0Wroc\u0142awiu powstanie Toyota Digital Hub, czyli miejsce, w\u00a0kt\u00f3rym\u00a0specjali\u015bci b\u0119d\u0105 tworzy\u0107 systemy nap\u0119dzaj\u0105ce us\u0142ugi japo\u0144skiej marki na\u00a0Starym Kontynencie. Zamiast czyta\u0107 laurki o\u00a0sukcesach rynkowych, sprawdzamy, co\u00a0ten ruch oznacza dla rodzimej bran\u017cy i\u00a0czy\u00a0faktycznie mamy do\u00a0czynienia z\u00a0wielkim prze\u0142omem.<\/p>\n<p>To\u00a0kolejny wyra\u017any sygna\u0142, \u017ce\u00a0giganci motoryzacyjni przenosz\u0105 ci\u0119\u017car rozwoju z\u00a0ta\u015bm monta\u017cowych w\u00a0stron\u0119 oprogramowania. Nowy oddzia\u0142 w\u00a0planach ma\u00a0zatrudnienie oko\u0142o 200 ekspert\u00f3w z\u00a0bran\u017cy informatycznej. Warto jednak zachowa\u0107 analityczny ch\u0142\u00f3d \u2013 taka skala projektu sugeruje raczej utworzenie wysoce wyspecjalizowanej plac\u00f3wki wsparcia ni\u017c pe\u0142noprawnego, globalnego centrum badawczo-rozwojowego z\u00a0prawdziwego zdarzenia. Niemniej, to\u00a0wci\u0105\u017c solidny zastrzyk nowej wiedzy dla lokalnego rynku.<\/p>\n<p>Co\u00a0dok\u0142adnie b\u0119d\u0105 robi\u0107 programi\u015bci we\u00a0Wroc\u0142awiu?<\/p>\n<p>Zespo\u0142y specjalist\u00f3w zajm\u0105 si\u0119 trzema g\u0142\u00f3wnymi filarami:<\/p>\n<p>Rozwojem aplikacji mobilnych MyToyota oraz\u00a0LexusLink+, z\u00a0kt\u00f3rych\u00a0na\u00a0co\u00a0dzie\u0144 korzystaj\u0105 niemal dwa miliony europejskich u\u017cytkownik\u00f3w. Aplikacje te\u00a0pozwalaj\u0105 mi\u0119dzy innymi na\u00a0zdalne sprawdzanie stanu na\u0142adowania baterii czy\u00a0zarz\u0105dzaniefunkcjami pojazdu.<br \/>\nTworzeniem chmury obliczeniowej, kt\u00f3ra\u00a0jest niezb\u0119dna do\u00a0obs\u0142ugi us\u0142ug sieciowych (connected) w\u00a0autach obu marek.<br \/>\nZapewnieniem \u015bcis\u0142ego wsparcia z\u00a0zakresu cyberbezpiecze\u0144stwa.<\/p>\n<p>Co\u00a0wa\u017cne, wroc\u0142awska plac\u00f3wka ma\u00a0r\u00f3wnie\u017c wspiera\u0107 globalne prace nad\u00a0koncepcj\u0105 Software-Defined Vehicles (SDV), czyli pojazdami, kt\u00f3rych\u00a0mo\u017cliwo\u015bci i\u00a0funkcje s\u0105\u00a0ca\u0142kowicie okre\u015blane przez\u00a0oprogramowanie pok\u0142adowe. To\u00a0najwa\u017cniejszy element tej\u00a0uk\u0142adanki, pokazuj\u0105cy, \u017ce\u00a0japo\u0144ska marka wchodzi znacznie g\u0142\u0119biej w\u00a0zaawansowany kod, a\u00a0nie\u00a0tylko\u00a0\u201erobi aplikacje\u201d.<\/p>\n<p>Rozbudowa struktur na\u00a0Dolnym \u015al\u0105sku<\/p>\n<p>Wyb\u00f3r Wroc\u0142awia nie\u00a0jest dzie\u0142em przypadku. Przedstawiciele japo\u0144skiej marki przyznaj\u0105, \u017ce\u00a0decyzja podyktowana jest \u0142atwym dost\u0119pem do\u00a0wykwalifikowanej kadry in\u017cynierskiej oraz\u00a0obecno\u015bci\u0105 silnych uczelni technicznych w\u00a0regionie. Warto przypomnie\u0107, \u017ce\u00a0od\u00a02015 roku w\u00a0stolicy Dolnego \u015al\u0105ska funkcjonuje ju\u017c Centrum Us\u0142ug Wsp\u00f3lnych japo\u0144skiej marki, obs\u0142uguj\u0105ce skomplikowane sprawy ksi\u0119gowe i\u00a0podatkowe na\u00a0ca\u0142\u0105 Europ\u0119.<\/p>\n<p>Sama Toyota jest obecna w\u00a0Polsce od\u00a01991 roku. Posiada tu\u00a0nie\u00a0tylko\u00a0struktury dystrybucyjne, ale\u00a0r\u00f3wnie\u017c dwie du\u017ce fabryki zlokalizowane w\u00a0Wa\u0142brzychu i\u00a0Jelczu-Laskowicach. Pracuje w\u00a0nich niemal 2800 os\u00f3b, a\u00a0z\u00a0ta\u015bm zje\u017cd\u017caj\u0105 nowoczesne nap\u0119dy hybrydowe, trafiaj\u0105ce do\u00a0aut montowanych w\u00a0europejskich zak\u0142adach.<\/p>\n<p>\t\t\t<a href=\"https:\/\/imagazine.pl\/author\/darekhalas\/\" title=\"Avatar u\u017cytkownika: Dariusz Ha\u0142as\" rel=\"nofollow noopener\" target=\"_blank\"><img alt=\"\" src=\"https:\/\/www.europesays.com\/pl\/wp-content\/uploads\/2026\/04\/d264f1d6b15701a8c782a48c5fe5889f.png\"  class=\"avatar avatar-250 photo\" height=\"250\" width=\"250\" fetchpriority=\"high\" decoding=\"async\"\/><\/a><\/p>\n","protected":false},"excerpt":{"rendered":"Toyota Motor Europe oficjalnie og\u0142osi\u0142a utworzenie nowego oddzia\u0142u informatycznego na\u00a0mapie Polski. We\u00a0Wroc\u0142awiu powstanie Toyota Digital Hub, czyli miejsce,&hellip;\n","protected":false},"author":2,"featured_media":369362,"comment_status":"","ping_status":"","sticky":false,"template":"","format":"standard","meta":{"footnotes":"","_share_on_mastodon":"0"},"categories":[51607],"tags":[5575,25048,65594,56635,1244,4981,42,38,40,39,41,65595,65596,3083,1853],"class_list":["post-369361","post","type-post","status-publish","format-standard","has-post-thumbnail","category-wroclaw","tag-aplikacje-mobilne","tag-automotive","tag-connected-cars","tag-inwestycje-it","tag-lexus","tag-oprogramowanie","tag-pl","tag-poland","tag-polish","tag-polska","tag-polski","tag-rynek-pracy-it","tag-software-defined-vehicles","tag-toyota","tag-wroclaw"],"share_on_mastodon":{"url":"https:\/\/pubeurope.com\/@pl\/116413000829889057","error":""},"_links":{"self":[{"href":"https:\/\/www.europesays.com\/pl\/wp-json\/wp\/v2\/posts\/369361","targetHints":{"allow":["GET"]}}],"collection":[{"href":"https:\/\/www.europesays.com\/pl\/wp-json\/wp\/v2\/posts"}],"about":[{"href":"https:\/\/www.europesays.com\/pl\/wp-json\/wp\/v2\/types\/post"}],"author":[{"embeddable":true,"href":"https:\/\/www.europesays.com\/pl\/wp-json\/wp\/v2\/users\/2"}],"replies":[{"embeddable":true,"href":"https:\/\/www.europesays.com\/pl\/wp-json\/wp\/v2\/comments?post=369361"}],"version-history":[{"count":0,"href":"https:\/\/www.europesays.com\/pl\/wp-json\/wp\/v2\/posts\/369361\/revisions"}],"wp:featuredmedia":[{"embeddable":true,"href":"https:\/\/www.europesays.com\/pl\/wp-json\/wp\/v2\/media\/369362"}],"wp:attachment":[{"href":"https:\/\/www.europesays.com\/pl\/wp-json\/wp\/v2\/media?parent=369361"}],"wp:term":[{"taxonomy":"category","embeddable":true,"href":"https:\/\/www.europesays.com\/pl\/wp-json\/wp\/v2\/categories?post=369361"},{"taxonomy":"post_tag","embeddable":true,"href":"https:\/\/www.europesays.com\/pl\/wp-json\/wp\/v2\/tags?post=369361"}],"curies":[{"name":"wp","href":"https:\/\/api.w.org\/{rel}","templated":true}]}}