{"id":369423,"date":"2026-04-16T07:15:11","date_gmt":"2026-04-16T07:15:11","guid":{"rendered":"https:\/\/www.europesays.com\/pl\/369423\/"},"modified":"2026-04-16T07:15:11","modified_gmt":"2026-04-16T07:15:11","slug":"tv-republika-traci-wsparcie-widzow-nie-dociagniemy-do-konca-miesiaca","status":"publish","type":"post","link":"https:\/\/www.europesays.com\/pl\/369423\/","title":{"rendered":"TV Republika traci wsparcie widz\u00f3w. &#8222;Nie doci\u0105gniemy do ko\u0144ca miesi\u0105ca&#8221;"},"content":{"rendered":"<p class=\"Paragraph_desktopParagraph__U31Gm\">Telewizja Republika notuje wzrosty ogl\u0105dalno\u015bci, ale nie idzie to w parze z sytuacj\u0105 finansow\u0105 stacji. Mi\u0142osz K\u0142eczek podczas programu telewizyjnego nie kry\u0142 swoich obaw. Zaapelowa\u0142 o wsparcie, prezentuj\u0105c na ekranie telefonu dane dotycz\u0105ce wp\u0142at od widz\u00f3w.<\/p>\n<p>Mi\u0142osz K\u0142eczek rozczarowany wsparciem widz\u00f3w dla Republiki <\/p>\n<p class=\"Paragraph_desktopParagraph__U31Gm\">Dziennikarz ostrzeg\u0142 na wizji, \u017ce sytuacja finansowa stacji nie jest dobra i bez wsparcia widz\u00f3w TV Republika nie przetrwa. \u2014 S\u0142abo, fatalnie. Ta fioletowa kreska, czyli wsparcie dla <a href=\"https:\/\/kultura.onet.pl\/telewizja\/programy-telewizyjne\/tv-republika-podjelo-radykalna-decyzje-anna-popek-ma-problem\/ybj5gth\" id=\"8ac77660-8151-4a79-ab5e-324782c48741\" rel=\"nofollow noopener\" target=\"_blank\">Telewizji Republika<\/a>, jak tak dalej p\u00f3jdzie, to do ko\u0144ca miesi\u0105ca nie doci\u0105gniemy \u2014 przyzna\u0142.<\/p>\n<p class=\"Paragraph_desktopParagraph__U31Gm\">Zwr\u00f3ci\u0142 uwag\u0119, \u017ce reakcja widz\u00f3w na jego wcze\u015bniejszy apel by\u0142a natychmiastowa, ale bez regularnych przypomnie\u0144 wsparcie finansowe szybko s\u0142abnie. \u2014 Wczoraj apelowali\u015bmy z prezesem i ta przerywana linia to za wczoraj wynik, pa\u0144stwo zareagowali. A dzisiaj bez naszych apeli znowu jest lipa \u2014 doda\u0142.<\/p>\n<p class=\"Paragraph_desktopParagraph__U31Gm\">\u2014 Prosz\u0119 wspiera\u0107 nasz\u0105 telewizj\u0119, bo chcia\u0142bym si\u0119 mie\u0107 z kim k\u0142\u00f3ci\u0107 i o co k\u0142\u00f3ci\u0107 \u2014 apelowa\u0142, zach\u0119caj\u0105c do skanowania udost\u0119pnionego QR kodu.<\/p>\n<p class=\"Paragraph_desktopParagraph__U31Gm\">Po chwili K\u0142eczek poinformowa\u0142, \u017ce po jego kolejnym apelu &#8222;linia ruszy\u0142a w g\u00f3r\u0119&#8221;, a sytuacja na wykresie nieco si\u0119 poprawi\u0142a. \u2014 Przetrwamy jeszcze 1,5 roku, przetrwamy wszystko \u2014 podsumowa\u0142, sugeruj\u0105c, \u017ce pracownicy stacji licz\u0105 na zmian\u0119 sytuacji politycznej w kraju, kt\u00f3ra mog\u0142aby odmieni\u0107 losy Telewizji Republika.<\/p>\n","protected":false},"excerpt":{"rendered":"Telewizja Republika notuje wzrosty ogl\u0105dalno\u015bci, ale nie idzie to w parze z sytuacj\u0105 finansow\u0105 stacji. Mi\u0142osz K\u0142eczek podczas&hellip;\n","protected":false},"author":2,"featured_media":369424,"comment_status":"","ping_status":"","sticky":false,"template":"","format":"standard","meta":{"footnotes":"","_share_on_mastodon":"0"},"categories":[12],"tags":[32,33,244,105,36,37,27,34,35,29712,28,8426,31,53,25,52,68,51,55,42,38,40,39,41,61853,47,29,30,745,65,50,26],"class_list":["post-369423","post","type-post","status-publish","format-standard","has-post-thumbnail","category-polska","tag-breaking-news","tag-breakingnews","tag-ctr_tst","tag-ekonomia","tag-featured-news","tag-featurednews","tag-headlines","tag-latest-news","tag-latestnews","tag-milosz_kleczek","tag-naglowki","tag-najnowsze","tag-najwazniejsze-artykuly","tag-new_header","tag-news","tag-onet3","tag-onet3d","tag-onet3d_2i","tag-phx","tag-pl","tag-poland","tag-polish","tag-polska","tag-polski","tag-programy_telewizyjne","tag-screening_general","tag-top-stories","tag-topstories","tag-tv_republika_telewizja_republika","tag-update_me","tag-v2021","tag-wiadomosci"],"share_on_mastodon":{"url":"https:\/\/pubeurope.com\/@pl\/116413158138621621","error":""},"_links":{"self":[{"href":"https:\/\/www.europesays.com\/pl\/wp-json\/wp\/v2\/posts\/369423","targetHints":{"allow":["GET"]}}],"collection":[{"href":"https:\/\/www.europesays.com\/pl\/wp-json\/wp\/v2\/posts"}],"about":[{"href":"https:\/\/www.europesays.com\/pl\/wp-json\/wp\/v2\/types\/post"}],"author":[{"embeddable":true,"href":"https:\/\/www.europesays.com\/pl\/wp-json\/wp\/v2\/users\/2"}],"replies":[{"embeddable":true,"href":"https:\/\/www.europesays.com\/pl\/wp-json\/wp\/v2\/comments?post=369423"}],"version-history":[{"count":0,"href":"https:\/\/www.europesays.com\/pl\/wp-json\/wp\/v2\/posts\/369423\/revisions"}],"wp:featuredmedia":[{"embeddable":true,"href":"https:\/\/www.europesays.com\/pl\/wp-json\/wp\/v2\/media\/369424"}],"wp:attachment":[{"href":"https:\/\/www.europesays.com\/pl\/wp-json\/wp\/v2\/media?parent=369423"}],"wp:term":[{"taxonomy":"category","embeddable":true,"href":"https:\/\/www.europesays.com\/pl\/wp-json\/wp\/v2\/categories?post=369423"},{"taxonomy":"post_tag","embeddable":true,"href":"https:\/\/www.europesays.com\/pl\/wp-json\/wp\/v2\/tags?post=369423"}],"curies":[{"name":"wp","href":"https:\/\/api.w.org\/{rel}","templated":true}]}}