{"id":36961,"date":"2025-10-07T19:08:09","date_gmt":"2025-10-07T19:08:09","guid":{"rendered":"https:\/\/www.europesays.com\/pl\/36961\/"},"modified":"2025-10-07T19:08:09","modified_gmt":"2025-10-07T19:08:09","slug":"szef-inzynierii-sprzetowej-apple-john-ternus-moze-objac-stanowisko-dyrektora-generalnego-tim-cook-rozwaza-funkcje-prezesa","status":"publish","type":"post","link":"https:\/\/www.europesays.com\/pl\/36961\/","title":{"rendered":"Szef in\u017cynierii sprz\u0119towej Apple John Ternus mo\u017ce obj\u0105\u0107 stanowisko dyrektora generalnego. Tim Cook rozwa\u017ca funkcj\u0119 prezesa"},"content":{"rendered":"<p><img decoding=\"async\" class=\"teaserfoto\" src=\"https:\/\/www.europesays.com\/pl\/wp-content\/uploads\/2025\/10\/48490.png\" alt=\"Szef in\u017cynierii sprz\u0119towej Apple John Ternus mo\u017ce obj\u0105\u0107 stanowisko dyrektora generalnego. Tim Cook rozwa\u017ca funkcj\u0119 prezesa\"\/>Ka\u017cda epoka w wielkiej firmie technologicznej kiedy\u015b si\u0119 ko\u0144czy. Tim Cook, kt\u00f3ry przej\u0105\u0142 stery w Apple po Stevie Jobsie w 2011 roku, doprowadzi\u0142 firm\u0119 do rekordowych wycen. Jego kadencja to przede wszystkim mistrzostwo w zarz\u0105dzaniu operacjami i \u0142a\u0144cuchem dostaw. Jednak Cook zbli\u017ca si\u0119 do wieku emerytalnego, co naturalnie rodzi pytania o przysz\u0142o\u015b\u0107 lidera jednej z najwa\u017cniejszych sp\u00f3\u0142ek na \u015bwiecie. Proces wyboru nast\u0119pcy w firmie tej skali jest niezwykle z\u0142o\u017cony.<\/p>\n<p>Planowanie sukcesji w Apple nabiera tempa, a John Ternus, szef in\u017cynierii sprz\u0119towej, wyrasta na g\u0142\u00f3wnego kandydata do zast\u0105pienia Tima Cooka.<\/p>\n<p><a class=\"colorbox\" href=\"https:\/\/www.purepc.pl\/image\/news\/2025\/10\/07_szef_inzynierii_sprzetowej_apple_john_ternus_moze_objac_stanowisko_dyrektora_generalnego_tim_cook_rozwaza_funkcje_prezesa_1_b.jpg\" rel=\"nofollow noopener\" target=\"_blank\"><img decoding=\"async\" src=\"https:\/\/www.europesays.com\/pl\/wp-content\/uploads\/2025\/10\/07_szef_inzynierii_sprzetowej_apple_john_ternus_moze_objac_stanowisko_dyrektora_generalnego_tim_cook.jpeg\" alt=\"Szef in\u017cynierii sprz\u0119towej Apple John Ternus mo\u017ce obj\u0105\u0107 stanowisko dyrektora generalnego. Tim Cook rozwa\u017ca funkcj\u0119 prezesa [1]\"\/><\/a><\/p>\n<p><a title=\"Por\u00f3wnanie Apple iPhone 17 i iPhone 17 Pro. Sprawdzam, czy warto dop\u0142aca\u0107 do dro\u017cszego modelu\" href=\"https:\/\/www.purepc.pl\/porownanie-apple-iphone-17-iphone-17-pro-recenzja-test-opinia\" rel=\"nofollow noopener\" target=\"_blank\">Por\u00f3wnanie Apple iPhone 17 i iPhone 17 Pro. Sprawdzam, czy warto dop\u0142aca\u0107 do dro\u017cszego modelu<\/a><\/p>\n<p>Firma <a href=\"https:\/\/www.purepc.pl\/tagi\/apple\" rel=\"nofollow noopener\" target=\"_blank\">Apple<\/a> przygotowuje si\u0119 do najwa\u017cniejszej zmiany w kierownictwie od ponad dekady. Wed\u0142ug najnowszych informacji przekazanych przez <a href=\"https:\/\/www.bloomberg.com\/news\/newsletters\/2025-10-05\/who-will-be-apple-s-next-ceo-after-tim-cook-apple-shelves-vision-air-m5-ipad\" rel=\"nofollow noopener\" target=\"_blank\">Marka Gurmana z Bloomberga<\/a>, firma intensyfikuje przygotowania do sukcesji obecnego CEO <a href=\"https:\/\/www.purepc.pl\/tagi\/tim-cook\" rel=\"nofollow noopener\" target=\"_blank\">Tim Cook<\/a>, a g\u0142\u00f3wnym kandydatem na jego nast\u0119pc\u0119 staje si\u0119 J<a href=\"https:\/\/www.apple.com\/pl\/leadership\/john-ternus\/\" rel=\"nofollow noopener\" target=\"_blank\">ohn Ternus, Senior Vice President of Hardware Engineering<\/a>. 50-letni Ternus do\u0142\u0105czy\u0142 do Apple w 2001 roku jako cz\u0142onek zespo\u0142u projektowego. Absolwent University of Pennsylvania w dziedzinie in\u017cynierii mechanicznej przez lata wspina\u0142 si\u0119 po szczeblach kariery w firmie z Cupertino. W 2013 roku zosta\u0142 wiceprezesem in\u017cynierii sprz\u0119towej, odpowiadaj\u0105c za rozw\u00f3j <a href=\"https:\/\/www.purepc.pl\/tagi\/airpods\" rel=\"nofollow noopener\" target=\"_blank\">AirPods\u00f3w<\/a>, <a href=\"https:\/\/www.purepc.pl\/tagi\/mac\" rel=\"nofollow noopener\" target=\"_blank\">Mac\u00f3w<\/a> i <a href=\"https:\/\/www.purepc.pl\/tagi\/ipad\" rel=\"nofollow noopener\" target=\"_blank\">iPad\u00f3w<\/a>. Od 2020 roku nadzoruje tak\u017ce hardware <a href=\"https:\/\/www.purepc.pl\/tagi\/iphone\" rel=\"nofollow noopener\" target=\"_blank\">iPhone<\/a>, a w styczniu 2021 roku awansowa\u0142 na stanowisko Senior Vice President, zast\u0119puj\u0105c Dana Riccio. Bloomberg opisuje go jako charyzmatycznego i lubianego najm\u0142odszego cz\u0142onka zarz\u0105du Apple.<\/p>\n<p><a class=\"colorbox\" href=\"https:\/\/www.purepc.pl\/image\/news\/2025\/10\/07_szef_inzynierii_sprzetowej_apple_john_ternus_moze_objac_stanowisko_dyrektora_generalnego_tim_cook_rozwaza_funkcje_prezesa_0_b.jpg\" rel=\"nofollow noopener\" target=\"_blank\"><img decoding=\"async\" src=\"https:\/\/www.europesays.com\/pl\/wp-content\/uploads\/2025\/10\/1759864089_450_07_szef_inzynierii_sprzetowej_apple_john_ternus_moze_objac_stanowisko_dyrektora_generalnego_tim_cook.jpeg\" alt=\"Szef in\u017cynierii sprz\u0119towej Apple John Ternus mo\u017ce obj\u0105\u0107 stanowisko dyrektora generalnego. Tim Cook rozwa\u017ca funkcj\u0119 prezesa [2]\"\/><\/a><\/p>\n<p><a title=\"Recenzja Apple iPhone Air. Jest troch\u0119 lepszy, ni\u017c pocz\u0105tkowo s\u0105dzi\u0142em, co nie oznacza, \u017ce nie ma powa\u017cnych wad\" href=\"https:\/\/www.purepc.pl\/apple-iphone-air-recenzja-test-opinia\" rel=\"nofollow noopener\" target=\"_blank\">Recenzja Apple iPhone Air. Jest troch\u0119 lepszy, ni\u017c pocz\u0105tkowo s\u0105dzi\u0142em, co nie oznacza, \u017ce nie ma powa\u017cnych wad<\/a><\/p>\n<p>Gurman wskazuje, \u017ce Ternus ma idealny wiek na d\u0142ugofalow\u0105 sukcesj\u0119, czyli dok\u0142adnie tyle lat co Cook, gdy ten obejmowa\u0142 stanowisko CEO w 2011 roku. Firma ju\u017c teraz zwi\u0119ksza jego widoczno\u015b\u0107 publiczn\u0105, wystawiaj\u0105c go jako g\u0142\u00f3wn\u0105 twarz prezentacji produktowych, w tym ostatniego wydarzenia z <a href=\"https:\/\/www.purepc.pl\/tagi\/iphone-air\" rel=\"nofollow noopener\" target=\"_blank\">iPhone Air<\/a>. Analitycy podkre\u015blaj\u0105, \u017ce zarz\u0105d Apple prawdopodobnie preferuje technologa nad specjalist\u0105 od operacji czy sprzeda\u017cy, szczeg\u00f3lnie w dobie rozwoju <a href=\"https:\/\/www.purepc.pl\/tagi\/sztuczna-inteligencja\" rel=\"nofollow noopener\" target=\"_blank\">sztucznej inteligencji<\/a>, <a href=\"https:\/\/www.purepc.pl\/tagi\/augmented-reality\" rel=\"nofollow noopener\" target=\"_blank\">rzeczywisto<\/a><a href=\"https:\/\/www.purepc.pl\/tagi\/augmented-reality\" rel=\"nofollow noopener\" target=\"_blank\">\u015bci mieszanej<\/a> i automatyki domowej. R\u00f3wnolegle z planami sukcesji Apple podejmuje strategiczne decyzje o wstrzymaniu niekt\u00f3rych projekt\u00f3w. Firma wstrzymuje prace nad Vision Air, czyli l\u017cejsz\u0105 i ta\u0144sz\u0105 wersj\u0105 <a href=\"https:\/\/www.purepc.pl\/tagi\/vision-pro\" rel=\"nofollow noopener\" target=\"_blank\">Vision Pro<\/a>, kt\u00f3ra mia\u0142a pojawi\u0107 si\u0119 w 2027 roku.\u00a0Zasoby przeznaczone na ten projekt zostaj\u0105 przekierowane na rozw\u00f3j inteligentnych okular\u00f3w, kt\u00f3re maj\u0105 konkurowa\u0107 z produktami Meta Platforms. Decyzja ta pokazuje, jak Apple nadaje priorytety przysz\u0142o\u015bciowym technologiom nad iteracyjnymi ulepszeniami obecnych produkt\u00f3w. Wstrzymanie Vision Air mo\u017ce tak\u017ce sygnalizowa\u0107 zmian\u0119 strategii w segmencie urz\u0105dze\u0144 AR\/VR, gdzie firma szuka lepszego rozwi\u0105zania ni\u017c obecny Vision Pro za 3499 dolar\u00f3w.<\/p>\n<p>\u0179r\u00f3d\u0142o: Bloomberg, MacObserver, MacRumors<\/p>\n","protected":false},"excerpt":{"rendered":"Ka\u017cda epoka w wielkiej firmie technologicznej kiedy\u015b si\u0119 ko\u0144czy. Tim Cook, kt\u00f3ry przej\u0105\u0142 stery w Apple po Stevie&hellip;\n","protected":false},"author":2,"featured_media":36962,"comment_status":"","ping_status":"","sticky":false,"template":"","format":"standard","meta":{"footnotes":""},"categories":[20],"tags":[489,8523,10686,10687,10688,6203,10689,10690,8578,10691,120,118,119,42,38,40,39,41,8669,116,114,115,10692,121,117,10693,10694],"class_list":{"0":"post-36961","1":"post","2":"type-post","3":"status-publish","4":"format-standard","5":"has-post-thumbnail","7":"category-nauka-i-technika","8":"tag-apple","9":"tag-bloomberg","10":"tag-ceo","11":"tag-hardware-engineering","12":"tag-ipad","13":"tag-iphone","14":"tag-john-ternus","15":"tag-kierownictwo","16":"tag-mac","17":"tag-mark-gurman","18":"tag-nauka","19":"tag-nauka-i-technika","20":"tag-naukatechnika","21":"tag-pl","22":"tag-poland","23":"tag-polish","24":"tag-polska","25":"tag-polski","26":"tag-prawo-i-gospodarka","27":"tag-science","28":"tag-science-and-technology","29":"tag-sciencetechnology","30":"tag-sukcesja","31":"tag-technika","32":"tag-technology","33":"tag-tim-cook","34":"tag-vision-air"},"share_on_mastodon":{"url":"","error":""},"_links":{"self":[{"href":"https:\/\/www.europesays.com\/pl\/wp-json\/wp\/v2\/posts\/36961","targetHints":{"allow":["GET"]}}],"collection":[{"href":"https:\/\/www.europesays.com\/pl\/wp-json\/wp\/v2\/posts"}],"about":[{"href":"https:\/\/www.europesays.com\/pl\/wp-json\/wp\/v2\/types\/post"}],"author":[{"embeddable":true,"href":"https:\/\/www.europesays.com\/pl\/wp-json\/wp\/v2\/users\/2"}],"replies":[{"embeddable":true,"href":"https:\/\/www.europesays.com\/pl\/wp-json\/wp\/v2\/comments?post=36961"}],"version-history":[{"count":0,"href":"https:\/\/www.europesays.com\/pl\/wp-json\/wp\/v2\/posts\/36961\/revisions"}],"wp:featuredmedia":[{"embeddable":true,"href":"https:\/\/www.europesays.com\/pl\/wp-json\/wp\/v2\/media\/36962"}],"wp:attachment":[{"href":"https:\/\/www.europesays.com\/pl\/wp-json\/wp\/v2\/media?parent=36961"}],"wp:term":[{"taxonomy":"category","embeddable":true,"href":"https:\/\/www.europesays.com\/pl\/wp-json\/wp\/v2\/categories?post=36961"},{"taxonomy":"post_tag","embeddable":true,"href":"https:\/\/www.europesays.com\/pl\/wp-json\/wp\/v2\/tags?post=36961"}],"curies":[{"name":"wp","href":"https:\/\/api.w.org\/{rel}","templated":true}]}}