{"id":370467,"date":"2026-04-16T17:20:07","date_gmt":"2026-04-16T17:20:07","guid":{"rendered":"https:\/\/www.europesays.com\/pl\/370467\/"},"modified":"2026-04-16T17:20:07","modified_gmt":"2026-04-16T17:20:07","slug":"sprawa-slawomira-cenckiewicza-szef-skw-reaguje-w-dalszym-ciagu","status":"publish","type":"post","link":"https:\/\/www.europesays.com\/pl\/370467\/","title":{"rendered":"Sprawa S\u0142awomira Cenckiewicza. Szef SKW reaguje. &#8222;W dalszym ci\u0105gu&#8221;"},"content":{"rendered":"<p>W \u015brod\u0119 Naczelny S\u0105d Administracyjny oddali\u0142 skargi kasacyjne Kancelarii Prezesa Rady Ministr\u00f3w od wyrok\u00f3w Wojew\u00f3dzkiego S\u0105du Administracyjnego w Warszawie, kt\u00f3re uchyli\u0142y decyzj\u0119 o cofni\u0119ciu obecnemu szefowi BBN S\u0142awomirowi Cenckiewiczowi po\u015bwiadcze\u0144 bezpiecze\u0144stwa uprawniaj\u0105cych go do dost\u0119pu do informacji niejawnych. S\u0105d nie przychyli\u0142 si\u0119 do wniosku Cenckiewicza o umorzenie kontrolnego post\u0119powania sprawdzaj\u0105cego, pozostawiaj\u0105c to w gestii organu. W reakcji na to orzeczenie Cenckiewicz stwierdzi\u0142, \u017ce stanowi ono dow\u00f3d, \u017ce &#8222;nigdy nie utraci\u0142 dost\u0119pu do informacji niejawnych&#8221;.<\/p>\n<p> Dalszy ci\u0105g artyku\u0142u pod materia\u0142em wideo      <\/p>\n<p>Rzecznik ministra koordynatora s\u0142u\u017cb specjalnych Jacek Dobrzy\u0144ski zauwa\u017cy\u0142 natomiast, \u017ce wyrok NSA nie oznacza, \u017ce Cenckiewicz automatycznie odzyska\u0142 dost\u0119p do informacji niejawnych. &#8222;Wprost przeciwnie. Kontrolne post\u0119powanie sprawdzaj\u0105ce musi by\u0107 prowadzone zgodnie ze wskaz\u00f3wkami s\u0105d\u00f3w&#8221; \u2014 wskaza\u0142 Dobrzy\u0144ski.<\/p>\n<p>     SKW ponownie zajmie si\u0119 spraw\u0105<\/p>\n<p>Do sprawy odni\u00f3s\u0142 si\u0119 w rozmowie z PAP gen. bryg. Jaros\u0142aw Str\u00f3\u017cyk, szef S\u0142u\u017cby Kontrwywiadu Wojskowego, kt\u00f3ra prowadzi\u0142a post\u0119powanie w sprawie po\u015bwiadcze\u0144 Cenckiewicza. Jak m\u00f3wi\u0142, wyrok NSA &#8222;oznacza tyle, \u017ce musimy zastosowa\u0107 si\u0119 do wyroku Wojew\u00f3dzkiego S\u0105du Administracyjnego&#8221;, kt\u00f3ry uchyli\u0142 decyzj\u0119 SKW dot. odebrania po\u015bwiadcze\u0144 szefowi BBN. Szef SKW podkre\u015bli\u0142 jednocze\u015bnie, \u017ce wyrok nie uniewa\u017cni\u0142, a uchyli\u0142 decyzj\u0119 SKW w sprawie Cenckiewicza, co oznacza pozostawienie pola do ponownego zaj\u0119cia si\u0119 spraw\u0105.<\/p>\n<p>Szef SKW przytoczy\u0142 jednocze\u015bnie zdanie z uzasadnienia wyroku m\u00f3wi\u0105ce, \u017ce &#8222;przy ponownym rozpatrywaniu sprawy organ (czyli w tym przypadku SKW), uwzgl\u0119dni ocen\u0119 prawn\u0105 i wnioski przedstawione w niniejszym uzasadnieniu&#8221;. \u2014 To jest jedno zdanie, ale kluczowe dla jasnego i rzetelnego przedstawienia obecnego stanu rzeczy \u2014 zaznaczy\u0142. Szef SKW podkre\u015bli\u0142 jednocze\u015bnie, \u017ce wyrok nie uniewa\u017cni\u0142, a uchyli\u0142 decyzj\u0119 SKW w sprawie Cenckiewicza, co oznacza pozostawienie pola do ponownego zaj\u0119cia si\u0119 spraw\u0105.<\/p>\n<p>&#8222;Na tym etapie mamy dwie mo\u017cliwo\u015bci&#8221;<\/p>\n<p>W tej sytuacji \u2014 m\u00f3wi\u0142 \u2014 SKW ponownie zajmie si\u0119 spraw\u0105 szefa BBN, gdy tylko s\u0105d zwr\u00f3ci do SKW jej akta. \u2014 Ustawa o ochronie informacji niejawnych nakazuje nam ponowne rozpatrzenie sprawy, zgodnie z wytycznymi s\u0105du \u2014 zaznaczy\u0142. \u2014 Na tym etapie mamy dwie mo\u017cliwo\u015bci. Albo umorzy\u0107 post\u0119powanie, czyli je po prostu zako\u0144czy\u0107, albo wyda\u0107 ponown\u0105 decyzj\u0119 \u2014 powiedzia\u0142 szef SKW. Jak m\u00f3wi\u0142, gdyby s\u0105d uniewa\u017cni\u0142 wcze\u015bniejsz\u0105 decyzj\u0119 &#8222;S\u0142u\u017cba nie mia\u0142aby prawa prowadzi\u0107 kolejnego post\u0119powania&#8221;.<\/p>\n<p>Jak doda\u0142, w taki sam spos\u00f3b SKW dzia\u0142a\u0142a w przesz\u0142o\u015bci, chocia\u017cby w przypadku post\u0119powa\u0144 kontrolnych prowadzanych wobec swoich funkcjonariuszy.<\/p>\n<p>Wed\u0142ug gen. bryg. Str\u00f3\u017cyka podczas ponownego rozpatrywania sprawy b\u0119d\u0105 musia\u0142y by\u0107 uwzgl\u0119dnione tak\u017ce nowe fakty dotycz\u0105ce sprawdzanej osoby \u2014 np. wniesienie przez warszawsk\u0105 Prokuratur\u0119 Okr\u0119gow\u0105 aktu oskar\u017cenia wobec pana Cenckiewicza, zwi\u0105zanego z ujawnieniem w 2023 r. fragment\u00f3w jednego z plan\u00f3w obronnych RP o kryptonimie &#8222;Warta&#8221;. Szef SKW zaznaczy\u0142, \u017ce akt oskar\u017cenia zosta\u0142 skierowany do s\u0105du w 2025 r., a wi\u0119c ju\u017c po wszcz\u0119ciu post\u0119powania kontrolnego prowadzonego przez SKW.<\/p>\n","protected":false},"excerpt":{"rendered":"W \u015brod\u0119 Naczelny S\u0105d Administracyjny oddali\u0142 skargi kasacyjne Kancelarii Prezesa Rady Ministr\u00f3w od wyrok\u00f3w Wojew\u00f3dzkiego S\u0105du Administracyjnego w&hellip;\n","protected":false},"author":2,"featured_media":244520,"comment_status":"","ping_status":"","sticky":false,"template":"","format":"standard","meta":{"footnotes":"","_share_on_mastodon":"0"},"categories":[12],"tags":[787,61195,32,33,36,37,27,13294,49,34,35,28,31,48,56992,25,50520,46,1650,42,38,40,39,41,47,14119,2739,29,30,26],"class_list":["post-370467","post","type-post","status-publish","format-standard","has-post-thumbnail","category-polska","tag-bbn","tag-bottomfeed_styl","tag-breaking-news","tag-breakingnews","tag-featured-news","tag-featurednews","tag-headlines","tag-jaroslaw_strozyk","tag-kraj","tag-latest-news","tag-latestnews","tag-naglowki","tag-najwazniejsze-artykuly","tag-nat_styl","tag-newbb_tst1","tag-news","tag-nsa_naczelny_sad_administracyjny","tag-omp","tag-palac_prezydencki","tag-pl","tag-poland","tag-polish","tag-polska","tag-polski","tag-screening_general","tag-skw_kontrwywiad_wojskowy","tag-slawomir_cenckiewicz","tag-top-stories","tag-topstories","tag-wiadomosci"],"share_on_mastodon":{"url":"https:\/\/pubeurope.com\/@pl\/116415537154934298","error":""},"_links":{"self":[{"href":"https:\/\/www.europesays.com\/pl\/wp-json\/wp\/v2\/posts\/370467","targetHints":{"allow":["GET"]}}],"collection":[{"href":"https:\/\/www.europesays.com\/pl\/wp-json\/wp\/v2\/posts"}],"about":[{"href":"https:\/\/www.europesays.com\/pl\/wp-json\/wp\/v2\/types\/post"}],"author":[{"embeddable":true,"href":"https:\/\/www.europesays.com\/pl\/wp-json\/wp\/v2\/users\/2"}],"replies":[{"embeddable":true,"href":"https:\/\/www.europesays.com\/pl\/wp-json\/wp\/v2\/comments?post=370467"}],"version-history":[{"count":0,"href":"https:\/\/www.europesays.com\/pl\/wp-json\/wp\/v2\/posts\/370467\/revisions"}],"wp:featuredmedia":[{"embeddable":true,"href":"https:\/\/www.europesays.com\/pl\/wp-json\/wp\/v2\/media\/244520"}],"wp:attachment":[{"href":"https:\/\/www.europesays.com\/pl\/wp-json\/wp\/v2\/media?parent=370467"}],"wp:term":[{"taxonomy":"category","embeddable":true,"href":"https:\/\/www.europesays.com\/pl\/wp-json\/wp\/v2\/categories?post=370467"},{"taxonomy":"post_tag","embeddable":true,"href":"https:\/\/www.europesays.com\/pl\/wp-json\/wp\/v2\/tags?post=370467"}],"curies":[{"name":"wp","href":"https:\/\/api.w.org\/{rel}","templated":true}]}}