{"id":370846,"date":"2026-04-16T21:24:57","date_gmt":"2026-04-16T21:24:57","guid":{"rendered":"https:\/\/www.europesays.com\/pl\/370846\/"},"modified":"2026-04-16T21:24:57","modified_gmt":"2026-04-16T21:24:57","slug":"polityk-ko-o-decyzji-w-sprawie-toru-poznan-szok-i-zenada","status":"publish","type":"post","link":"https:\/\/www.europesays.com\/pl\/370846\/","title":{"rendered":"Polityk KO o decyzji w sprawie Toru Pozna\u0144: szok i \u017cenada"},"content":{"rendered":"<p>Tor Pozna\u0144 zosta\u0142 zamkni\u0119ty i wydawa\u0142o si\u0119, \u017ce niewiele mo\u017ce go jeszcze uratowa\u0107. Potem jednak obiekt zosta\u0142 ponownie otwarty. Powodem zamkni\u0119cia by\u0142o notoryczne przekraczanie norm ha\u0142asu o pi\u0119\u0107 decybeli, co stwierdzono ju\u017c na pocz\u0105tku 2023 r. Obiekt, b\u0119d\u0105cy jedynym w Polsce z mi\u0119dzynarodowymi licencjami FIA i FIM, od lat stanowi\u0142 serce krajowego motorsportu, goszcz\u0105c zar\u00f3wno profesjonalist\u00f3w, jak i amator\u00f3w.<\/p>\n<p> Dalszy ci\u0105g artyku\u0142u pod materia\u0142em wideo <\/p>\n<p>Decyzja GIO\u015a wywo\u0142a\u0142a fal\u0119 oburzenia. By\u0142y prezes \u017cu\u017clowego Falubazu Zielona G\u00f3ra, a obecnie pose\u0142 Koalicji Obywatelskiej, Robert Dowhan nie przebiera\u0142 w s\u0142owach. Wskazywa\u0142 na absurdalno\u015b\u0107 ca\u0142ej sytuacji: &#8222;Tor, kt\u00f3ry powsta\u0142 na obrze\u017cach Poznania 50 lat temu, na pustkowiu, obok lotniska, teraz przeszkadza tym, co tanio kupili dzia\u0142ki (bo przy torze) i pisali elaboraty do urz\u0119d\u00f3w! Tor, na kt\u00f3rym odbywa si\u0119 tyle imprez, szkole\u0144 (w tym dla policji), tak po prostu sobie, jedn\u0105 decyzj\u0105 zamkn\u0119\u0142a!&#8221; \u2014 grzmia\u0142 pose\u0142, odnosz\u0105c si\u0119 do Hanny Ko\u0144czal, obecnej GIO\u015a.<\/p>\n<p>     Robert Dowhan wskaza\u0142 polityczne pod\u0142o\u017ce decyzji<\/p>\n<p>Polityk nie omieszka\u0142 r\u00f3wnie\u017c zwr\u00f3ci\u0107 uwagi na potencjalne polityczne pod\u0142o\u017ce decyzji: &#8222;Wszystko zbiega si\u0119 w czasie z g\u0142osowaniem nad odwo\u0142aniem minister klimatu i \u015brodowiska. No c\u00f3\u017c. Co za zbieg okoliczno\u015bci. Jak mawia\u0142 klasyk: 'Dwie rzeczy s\u0105 niesko\u0144czone: wszech\u015bwiat i ludzka g\u0142upota, cho\u0107 do wszech\u015bwiata nie mam pewno\u015bci'&#8221; \u2014 podsumowa\u0142 sw\u00f3j wpis Dowhan, sugeruj\u0105c, \u017ce decyzja mo\u017ce by\u0107 elementem wi\u0119kszej politycznej rozgrywki.<\/p>\n<p>     Wobec decyzji GIO\u015a, Automobilklub Wielkopolski, zarz\u0105dzaj\u0105cy Torem Pozna\u0144, podj\u0105\u0142 natychmiastowe kroki prawne. <a href=\"https:\/\/przegladsportowy.onet.pl\/motorowe\/motocykle\/to-koniec-szokujaca-decyzja-wladz-poznania-poszlo-o-5-decybeli\/7eke0ds\" id=\"5e10af5a-e593-4cc8-b859-99ba52ce4cf4\" rel=\"nofollow noopener\" target=\"_blank\">Jak poinformowa\u0142 nas Bartosz Bieli\u0144ski, prezes Automobilklubu, w dniu og\u0142oszenia decyzji z\u0142o\u017cono wniosek o wstrzymanie jej wykonalno\u015bci. <\/a><\/p>\n<p>Decyzja o zamkni\u0119ciu toru zosta\u0142a p\u00f3\u017aniej zmieniona, o czym informowa\u0142 minister sportu, Jakub Rutnicki. &#8222;Wa\u017cna informacja dla ca\u0142ego \u015brodowiska sport\u00f3w motorowych. Bardzo si\u0119 ciesz\u0119, \u017ce dzi\u0119ki wsp\u00f3lnym dzia\u0142aniom Ministerstwa Sportu i Turystyki, Ministerstwa Klimatu i \u015arodowiska, Automobilklubu Wielkopolskiego i G\u0142\u00f3wnego Inspektorat Ochrony \u015arodowiska tor w Poznaniu pozostanie otwarty&#8221;.<\/p>\n<p>Jak si\u0119 okaza\u0142o, G\u0142\u00f3wny Inspektorat Ochrony \u015arodowiska wstrzyma\u0142 wcze\u015bniejsz\u0105 decyzj\u0119 o zamkni\u0119ciu Toru Pozna\u0144.<\/p>\n","protected":false},"excerpt":{"rendered":"Tor Pozna\u0144 zosta\u0142 zamkni\u0119ty i wydawa\u0142o si\u0119, \u017ce niewiele mo\u017ce go jeszcze uratowa\u0107. Potem jednak obiekt zosta\u0142 ponownie&hellip;\n","protected":false},"author":2,"featured_media":370847,"comment_status":"","ping_status":"","sticky":false,"template":"","format":"standard","meta":{"footnotes":"","_share_on_mastodon":"0"},"categories":[51609],"tags":[2211,2207,16472,48,46,42,38,40,39,41,1817,28927,65981,47,65105,130],"class_list":["post-370846","post","type-post","status-publish","format-standard","has-post-thumbnail","category-poznan","tag-_skom_","tag-bukmacherzy","tag-fia","tag-nat_styl","tag-omp","tag-pl","tag-poland","tag-polish","tag-polska","tag-polski","tag-poznan","tag-ps_omp_tst1","tag-robert_dowhan","tag-screening_general","tag-tor_poznan","tag-wiadomosci_sportowe"],"share_on_mastodon":{"url":"https:\/\/pubeurope.com\/@pl\/116416500613803956","error":""},"_links":{"self":[{"href":"https:\/\/www.europesays.com\/pl\/wp-json\/wp\/v2\/posts\/370846","targetHints":{"allow":["GET"]}}],"collection":[{"href":"https:\/\/www.europesays.com\/pl\/wp-json\/wp\/v2\/posts"}],"about":[{"href":"https:\/\/www.europesays.com\/pl\/wp-json\/wp\/v2\/types\/post"}],"author":[{"embeddable":true,"href":"https:\/\/www.europesays.com\/pl\/wp-json\/wp\/v2\/users\/2"}],"replies":[{"embeddable":true,"href":"https:\/\/www.europesays.com\/pl\/wp-json\/wp\/v2\/comments?post=370846"}],"version-history":[{"count":0,"href":"https:\/\/www.europesays.com\/pl\/wp-json\/wp\/v2\/posts\/370846\/revisions"}],"wp:featuredmedia":[{"embeddable":true,"href":"https:\/\/www.europesays.com\/pl\/wp-json\/wp\/v2\/media\/370847"}],"wp:attachment":[{"href":"https:\/\/www.europesays.com\/pl\/wp-json\/wp\/v2\/media?parent=370846"}],"wp:term":[{"taxonomy":"category","embeddable":true,"href":"https:\/\/www.europesays.com\/pl\/wp-json\/wp\/v2\/categories?post=370846"},{"taxonomy":"post_tag","embeddable":true,"href":"https:\/\/www.europesays.com\/pl\/wp-json\/wp\/v2\/tags?post=370846"}],"curies":[{"name":"wp","href":"https:\/\/api.w.org\/{rel}","templated":true}]}}