{"id":371387,"date":"2026-04-17T04:33:31","date_gmt":"2026-04-17T04:33:31","guid":{"rendered":"https:\/\/www.europesays.com\/pl\/371387\/"},"modified":"2026-04-17T04:33:31","modified_gmt":"2026-04-17T04:33:31","slug":"real-ma-nowy-rekord-poprzedni-padl-w-meczu-z-legia-warszawa","status":"publish","type":"post","link":"https:\/\/www.europesays.com\/pl\/371387\/","title":{"rendered":"Real ma nowy rekord. Poprzedni pad\u0142 w meczu z Legi\u0105 Warszawa"},"content":{"rendered":"\n<p class=\"contentpart contentpart--default contentpart--text\" data-position=\"0\">2 listopada 2016 roku <a href=\"https:\/\/sportowefakty.wp.pl\/pilka-nozna\/legia-warszawa\" rel=\"nofollow noopener\" target=\"_blank\">Legia Warszawa<\/a>\u00a0podejmowa\u0142a <a href=\"https:\/\/sportowefakty.wp.pl\/pilka-nozna\/real-madryt\" rel=\"nofollow noopener\" target=\"_blank\">Real Madryt<\/a>\u00a0w meczu <a href=\"https:\/\/sportowefakty.wp.pl\/pilka-nozna\/liga-mistrzow\" rel=\"nofollow noopener\" target=\"_blank\">Ligi Mistrz\u00f3w<\/a>. Spotkanie fatalnie zacz\u0119\u0142o si\u0119 dla &#8222;Wojskowych&#8221;, poniewa\u017c w 57 sekundzie Gareth Bale pokona\u0142 Arkadiusza Malarza.<\/p>\n<p class=\"contentpart contentpart--default contentpart--text\" data-position=\"1\">By\u0142 to najszybszy gol dla &#8222;Kr\u00f3lewskich&#8221; w historii tych rozgrywek. I pozosta\u0142 nim do 15 kwietnia 2026 roku. Od tego dnia autorem kolejnego rekordu jest <a href=\"https:\/\/sportowefakty.wp.pl\/pilka-nozna\/arda-guler\" rel=\"nofollow noopener\" target=\"_blank\">Arda Guler<\/a>. Reprezentant Turcji wykorzysta\u0142 fatalny b\u0142\u0105d Manuela Neuera i w 35. sekundzie trafi\u0142 do siatki (wi\u0119cej <a href=\"https:\/\/sportowefakty.wp.pl\/pilka-nozna\/1245396\/trzesienie-ziemi-w-monachium-juz-w-1-minucie-co-zrobil-manuel-neuer\" rel=\"nofollow noopener\" target=\"blank\">TUTAJ<\/a>).<\/p>\n<p>  <img decoding=\"async\" src=\"https:\/\/v.wpimg.pl\/X3dwLnN2d1IFFTpdYUl6R0ZNbgcnEHQREVV2TGEGbUtRT2MdOlZ2RBQUKABgQjQcDRotCStBd1IAAWMeIlM7VgwYIAorQAdEFFk_GCkQJQ\" alt=\"\" width=\"45\" height=\"58\" loading=\"lazy\"\/>  <\/p>\n<p class=\"contentpart contentpart--default contentpart--text\" data-position=\"2\">ZOBACZ WIDEO: Polacy o Lewandowskim. Powinien zosta\u0107 w Barcelonie?<\/p>\n<p class=\"contentpart contentpart--default contentpart--text\" data-position=\"4\">Pomocnik Realu rozgrywa\u0142 bardzo dobre zawody i popisa\u0142 si\u0119 te\u017c pi\u0119knym trafieniem z rzutu wolnego. Ostatecznie jednak jego zesp\u00f3\u0142 przegra\u0142 3:4 i odpad\u0142 w rozgrywek. Zawodnik go\u015bci ju\u017c po ostatnim gwizdku otrzyma\u0142 czerwon\u0105 kartk\u0119.<\/p>\n<p class=\"contentpart contentpart--default contentpart--text\" data-position=\"5\">Bayern Monachium awansowa\u0142 do p\u00f3\u0142fina\u0142u Ligi Mistrz\u00f3w, w kt\u00f3rym jego przeciwnikiem b\u0119dzie Paris Saint-Germain. W drugiej parze tego etapu rozgrywek Arsenal zmierzy si\u0119 z Atletico Madryt.<\/p>\n<p class=\"contentpart contentpart--default contentpart--text\" data-position=\"6\">We wspomnianym meczu z Realem Legi\u0119 Warszawa prowadzi\u0142 Jacek Magiera, kt\u00f3ry zmar\u0142 w pi\u0105tek 10 kwietnia.<\/p>\n","protected":false},"excerpt":{"rendered":"2 listopada 2016 roku Legia Warszawa\u00a0podejmowa\u0142a Real Madryt\u00a0w meczu Ligi Mistrz\u00f3w. Spotkanie fatalnie zacz\u0119\u0142o si\u0119 dla &#8222;Wojskowych&#8221;, poniewa\u017c&hellip;\n","protected":false},"author":2,"featured_media":371388,"comment_status":"","ping_status":"","sticky":false,"template":"","format":"standard","meta":{"footnotes":"","_share_on_mastodon":"0"},"categories":[51605],"tags":[931,66122,935,693,66123,267,538,270,694,269,540,930,278,42,38,40,39,41,692,17424,435],"class_list":["post-371387","post","type-post","status-publish","format-standard","has-post-thumbnail","category-warszawa","tag-allianz-arena-w-monachium","tag-arda-guler","tag-bayern-monachium","tag-europejskie-puchary","tag-gareth-bale","tag-hiszpania","tag-la-liga","tag-liga-mistrzow","tag-madryt","tag-pilka-nozna","tag-pilka-nozna-w-hiszpanii","tag-pilka-nozna-w-niemczech","tag-pilka-w-europie","tag-pl","tag-poland","tag-polish","tag-polska","tag-polski","tag-real-madryt","tag-santiago-bernabeu-w-madrycie","tag-warszawa"],"share_on_mastodon":{"url":"https:\/\/pubeurope.com\/@pl\/116418183634934241","error":""},"_links":{"self":[{"href":"https:\/\/www.europesays.com\/pl\/wp-json\/wp\/v2\/posts\/371387","targetHints":{"allow":["GET"]}}],"collection":[{"href":"https:\/\/www.europesays.com\/pl\/wp-json\/wp\/v2\/posts"}],"about":[{"href":"https:\/\/www.europesays.com\/pl\/wp-json\/wp\/v2\/types\/post"}],"author":[{"embeddable":true,"href":"https:\/\/www.europesays.com\/pl\/wp-json\/wp\/v2\/users\/2"}],"replies":[{"embeddable":true,"href":"https:\/\/www.europesays.com\/pl\/wp-json\/wp\/v2\/comments?post=371387"}],"version-history":[{"count":0,"href":"https:\/\/www.europesays.com\/pl\/wp-json\/wp\/v2\/posts\/371387\/revisions"}],"wp:featuredmedia":[{"embeddable":true,"href":"https:\/\/www.europesays.com\/pl\/wp-json\/wp\/v2\/media\/371388"}],"wp:attachment":[{"href":"https:\/\/www.europesays.com\/pl\/wp-json\/wp\/v2\/media?parent=371387"}],"wp:term":[{"taxonomy":"category","embeddable":true,"href":"https:\/\/www.europesays.com\/pl\/wp-json\/wp\/v2\/categories?post=371387"},{"taxonomy":"post_tag","embeddable":true,"href":"https:\/\/www.europesays.com\/pl\/wp-json\/wp\/v2\/tags?post=371387"}],"curies":[{"name":"wp","href":"https:\/\/api.w.org\/{rel}","templated":true}]}}