{"id":371401,"date":"2026-04-17T04:40:13","date_gmt":"2026-04-17T04:40:13","guid":{"rendered":"https:\/\/www.europesays.com\/pl\/371401\/"},"modified":"2026-04-17T04:40:13","modified_gmt":"2026-04-17T04:40:13","slug":"nikola-grbic-o-dziwnych-okolicznosciach-braku-powolania-dla-norberta-hubera-mamy-komentarz-srodkowego-sport-tvp-pl","status":"publish","type":"post","link":"https:\/\/www.europesays.com\/pl\/371401\/","title":{"rendered":"Nikola Grbi\u0107 o dziwnych okoliczno\u015bciach braku powo\u0142ania dla Norberta Hubera. Mamy komentarz \u015brodkowego &#8211; sport.tvp.pl"},"content":{"rendered":"<ol>\n<li><a href=\"https:\/\/news.google.com\/rss\/articles\/CBMiywFBVV95cUxQRGZ6UnBwOEVsczJZV1RJVm5aM19HUTJfNHNrWEYtTy1SQkZJV3BCMGRrOERXMTVXeGxSSkxDdnVjVTYzZGF0RGIzRF9yUVpiNDV1bmZ5RTdHQlNTSXZucWxiMlo1Z2tWZFBMc3g2ZlFTNVhuYkFMRDR5My00OWRSelhJbTJjaVJUckM4T0hMQVRNaVJlZGJVRnJkMWg2WmdxdEdKWldvb1AycmpDN3pvVm85UjV1eXBUcFJZSTlWMmxYTm1pOGY4YTFpZ9IB0AFBVV95cUxPeElZUXJ1N2RzVGJhSVpXbzZlcW1sd1NSWktpV0FndV8zR0xCVk9BTE5sQWo0VUJ0OElnU05VMmY0R0JMUzBtYTFERGNjRElkbHZJd1FDRGNQelNQbl9nVkFuTXBPZUw5d29rWDNpUURjeDc4aGJuamVnUzR4V2RRay1oQS1GZnJ0MFVLZm1KeDQ2RW4wN3JWeVI4MFJaRWtiX2gwN21yN0dOUURrRmVoWFdrU0hrdWx6U2hBX1FXSksxclRwa0pmWThkYXVnRkxr?oc=5\" target=\"_blank\" rel=\"nofollow noopener\">Nikola Grbi\u0107 o dziwnych okoliczno\u015bciach braku powo\u0142ania dla Norberta Hubera. Mamy komentarz \u015brodkowego<\/a>&nbsp;&nbsp;sport.tvp.pl<\/li>\n<li><a href=\"https:\/\/news.google.com\/rss\/articles\/CBMikgFBVV95cUxNYmF3VnkzeDVrWnJleVBpX0pibEZ0R0NGRmZVbW52VFdtZjFuVHQ0WFAwTVRHZTBWMGZKbHZrc2hrcHI3djQ0Rm5RaW9SaEZSb3ptMGpCWndWaVRoemNXR3VHRzYwa2VNQkM2V1JrWmlSREFWS1hOcTY3U1ZtSTdkRXFRT3dMM0dueHVRMTItMGdldw?oc=5\" target=\"_blank\" rel=\"nofollow noopener\">Nikola Grbi\u0107 uderzy\u0142 pi\u0119\u015bci\u0105 w st\u00f3\u0142 [OPINIA]<\/a>&nbsp;&nbsp;SportoweFakty<\/li>\n<li><a href=\"https:\/\/news.google.com\/rss\/articles\/CBMi2gFBVV95cUxNTklKWDhXYVlrTVNyOC1qV1FPSkc3ZlVwekZjOEgwcTQxUlZYSmVlaTJ2OHhsTVFhcVYwLWJjVnBRYlpPSVVLdXVNamxiV2w0RDVITFNsNmduZkZwRkFMMnZ4N1hDenFmV01jY0xucGRuaGtHMTFSREZaa01CM2tORmROZjc3aEtJZ0ZXX2RJQUlnSkVncWZlc1BpZzFISXp6OW5ldldWZnRma2lJX2s5aVdkSkkyTGpYUC1PQXlFMDFRWGdIdnlpaW45RHBTN3pWcm5XdVRjbS05QQ?oc=5\" target=\"_blank\" rel=\"nofollow noopener\">Reprezentant Polski ujawni\u0142, dlaczego nie zagra w kadrze. Przykre wie\u015bci<\/a>&nbsp;&nbsp;Przegl\u0105d Sportowy<\/li>\n<li><a href=\"https:\/\/news.google.com\/rss\/articles\/CBMi0gFBVV95cUxNcDRxSWpJZXgzSXpLU3dKNUp0ckRiazdIVkJLYVhRNXpFZXo5R1dQdlQ4clQyVFlFejhTTnlrYnpSRHI0blhxRXdyRHM1QkdEYVNuYVZfbF8zZG42Vl9mR3V3OTY4QnQxenZ2eEhSRU9Ya0t2YmJCc1M4b1UyUlNOYnl3eUhwVTBIWnBpVTJFM3JEcTdXVmlRaUlqU3Z6MlJKbmxLUlZLaXI0MS0xcHB5T1Y4Rk95WFVmb3I1TlJ3cFctTERFZnE5N1p0cXJicF9nc1E?oc=5\" target=\"_blank\" rel=\"nofollow noopener\">Niespodziewana decyzja polskiego siatkarza. Grbi\u0107 na razie si\u0119 pohamowa\u0142<\/a>&nbsp;&nbsp;Sport Interia<\/li>\n<li><a href=\"https:\/\/news.google.com\/rss\/articles\/CBMisAFBVV95cUxQdlh6THctWS12MlNQdEQwWERLeVZMek56Y2JVWkFXOHFhdXBHM2w2c3ZfMldKdzdsaWRIWjBrcEVxQ0dwd3EzZXY3MlpFdTdVVmRqeVpHLUhaRVh5bmN6S1lCZW1CMXFGMkRSbkcwaTlGMnBUWC1KZXVZaU85MnFWQWp5amRQUVJ4OVZsMVpSSzF1SWEwdGdSUnEtbmtmWm9MdXRWZmZ1TDl4czl5M1I1MQ?oc=5\" target=\"_blank\" rel=\"nofollow noopener\">Nag\u0142y zwrot w reprezentacji Polski. Nowy kapitan ju\u017c wybrany Siatk\u00f3wka<\/a>&nbsp;&nbsp;Sport.pl<\/li>\n<\/ol>\n","protected":false},"excerpt":{"rendered":"Nikola Grbi\u0107 o dziwnych okoliczno\u015bciach braku powo\u0142ania dla Norberta Hubera. Mamy komentarz \u015brodkowego&nbsp;&nbsp;sport.tvp.pl Nikola Grbi\u0107 uderzy\u0142 pi\u0119\u015bci\u0105 w&hellip;\n","protected":false},"author":2,"featured_media":371402,"comment_status":"","ping_status":"","sticky":false,"template":"","format":"standard","meta":{"footnotes":"","_share_on_mastodon":"0"},"categories":[5],"tags":[32,33,36,37,27,34,35,28,31,25,3159,4045,42,38,40,39,41,337,335,334,29,30,66125,26],"class_list":["post-371401","post","type-post","status-publish","format-standard","has-post-thumbnail","category-naglowki","tag-breaking-news","tag-breakingnews","tag-featured-news","tag-featurednews","tag-headlines","tag-latest-news","tag-latestnews","tag-naglowki","tag-najwazniejsze-artykuly","tag-news","tag-nikola-grbic","tag-norbert-huber","tag-pl","tag-poland","tag-polish","tag-polska","tag-polski","tag-reprezentacja-polski-siatkarzy","tag-siatkwka","tag-sport-tvp-pl","tag-top-stories","tag-topstories","tag-vnl","tag-wiadomosci"],"share_on_mastodon":{"url":"https:\/\/pubeurope.com\/@pl\/116418211067660120","error":""},"_links":{"self":[{"href":"https:\/\/www.europesays.com\/pl\/wp-json\/wp\/v2\/posts\/371401","targetHints":{"allow":["GET"]}}],"collection":[{"href":"https:\/\/www.europesays.com\/pl\/wp-json\/wp\/v2\/posts"}],"about":[{"href":"https:\/\/www.europesays.com\/pl\/wp-json\/wp\/v2\/types\/post"}],"author":[{"embeddable":true,"href":"https:\/\/www.europesays.com\/pl\/wp-json\/wp\/v2\/users\/2"}],"replies":[{"embeddable":true,"href":"https:\/\/www.europesays.com\/pl\/wp-json\/wp\/v2\/comments?post=371401"}],"version-history":[{"count":0,"href":"https:\/\/www.europesays.com\/pl\/wp-json\/wp\/v2\/posts\/371401\/revisions"}],"wp:featuredmedia":[{"embeddable":true,"href":"https:\/\/www.europesays.com\/pl\/wp-json\/wp\/v2\/media\/371402"}],"wp:attachment":[{"href":"https:\/\/www.europesays.com\/pl\/wp-json\/wp\/v2\/media?parent=371401"}],"wp:term":[{"taxonomy":"category","embeddable":true,"href":"https:\/\/www.europesays.com\/pl\/wp-json\/wp\/v2\/categories?post=371401"},{"taxonomy":"post_tag","embeddable":true,"href":"https:\/\/www.europesays.com\/pl\/wp-json\/wp\/v2\/tags?post=371401"}],"curies":[{"name":"wp","href":"https:\/\/api.w.org\/{rel}","templated":true}]}}