{"id":371524,"date":"2026-04-17T06:16:08","date_gmt":"2026-04-17T06:16:08","guid":{"rendered":"https:\/\/www.europesays.com\/pl\/371524\/"},"modified":"2026-04-17T06:16:08","modified_gmt":"2026-04-17T06:16:08","slug":"ing-bank-slaski-wlasnie-poinformowal-przygotuj-sie-na-problemy","status":"publish","type":"post","link":"https:\/\/www.europesays.com\/pl\/371524\/","title":{"rendered":"ING Bank \u015al\u0105ski w\u0142a\u015bnie poinformowa\u0142. Przygotuj si\u0119 na problemy"},"content":{"rendered":"<p>\n                                ING: prace techniczne w nocy 18\/19 kwietnia 2026\n            <\/p>\n<p>Ju\u017c jutro, w nocy, w godzinach 0:00 &#8211; 2:00 wyst\u0105pi\u0105 utrudnienia w dost\u0119pie do us\u0142ug mObywatel oraz profilu zaufanego przez bankowo\u015b\u0107 ING. Przerwa, kt\u00f3r\u0105 og\u0142osi\u0142 na swojej stronie internetowej bank, wynika z prac technicznych po stronie rz\u0105dowej. Dzia\u0142ania te mog\u0105 uniemo\u017cliwi\u0107 logowanie si\u0119 do serwis\u00f3w urz\u0119dowych za pomoc\u0105 bankowo\u015bci ING. Dlatego, lepiej dla wszystkich, aby tego czynno\u015bci zwi\u0105zane z profilem zaufanym oraz mObywatelem, zaplanowa\u0107 poza godzinami prac. To akurat typ niedogodno\u015bci, kt\u00f3re mo\u017cna \u0142atwo omin\u0105\u0107 i tym samym, zaoszcz\u0119dzi\u0107 sobie nerw\u00f3w.<\/p>\n<p>    Dalsza cz\u0119\u015b\u0107 tekstu pod wideo<\/p>\n<p>\n                                Przerwa nocna w ING Banku \u015al\u0105skim. Co nie zadzia\u0142a?\n            <\/p>\n<p>Oto lista ogranicze\u0144, kt\u00f3re mog\u0105 napotka\u0107 klienci banku ING ju\u017c jutro.<\/p>\n<p>        <img loading=\"lazy\" decoding=\"async\" src=\"https:\/\/www.europesays.com\/pl\/wp-content\/uploads\/2026\/04\/1776257647_266_B32963402.414688363;dc_trk_aid=607216972;dc_trk_cid=228291445;ord=[timestamp];dc_lat=;dc_rdid=;tag_f.gif\" attributionsrc=\"\" border=\"0\" height=\"1\" width=\"1\" alt=\"Advertisement\"\/><\/p>\n<p>                                &#13;<br \/>\nMog\u0105 pojawi\u0107 si\u0119 problemy z zak\u0142adaniem i u\u017cywaniem profilu zaufanego.\u00a0&#13;<br \/>\nNie zadzia\u0142aj\u0105 prawid\u0142owo dost\u0119py do us\u0142ug rz\u0105dowych, kt\u00f3re mamy w W\u0119\u017ale Krajowym, np. do Urz\u0119du Skarbowego, Urz\u0119du Pracy, KSeF.&#13;<br \/>\nNie podpiszemy w tym czasie \u017cadnym dokument\u00f3w za pomoc\u0105 profilu zaufanego.&#13;<br \/>\nMog\u0105 wyst\u0105pi\u0107 nieprawid\u0142owo\u015bci z przekazywaniem danych z aplikacji mObywatel, mo\u017ce te\u017c nie by\u0107 dost\u0119pu do strony mobywatel.gov.pl.&#13;<\/p>\n<p>\n                                ING Bank \u015al\u0105ski wprowadza tryb ciemny w aplikacji\n            <\/p>\n<p>Jednocze\u015bnie, na stronie z komunikatami ING informuje, \u017ce d\u0142ugo wyczekiwana funkcjonalno\u015b\u0107 &#8211; tryb ciemny &#8211; zosta\u0142a w\u0142a\u015bnie wdro\u017cona w aplikacji ING. Nowa funkcja pozwala zmieni\u0107 jasny interfejs na ciemny, co sprawia, \u017ce aplikacja mo\u017ce by\u0107 teraz jeszcze bardziej dopasowana do indywidualnych wybor\u00f3w jej u\u017cytkownika. Warto zatem zaktualizowa\u0107 aplikacj\u0119 Moje ING do jej aktualnej wersji.\u00a0<\/p>\n","protected":false},"excerpt":{"rendered":"ING: prace techniczne w nocy 18\/19 kwietnia 2026 Ju\u017c jutro, w nocy, w godzinach 0:00 &#8211; 2:00 wyst\u0105pi\u0105&hellip;\n","protected":false},"author":2,"featured_media":371525,"comment_status":"","ping_status":"","sticky":false,"template":"","format":"standard","meta":{"footnotes":"","_share_on_mastodon":"0"},"categories":[52229],"tags":[2873,8230,52531,52529,52532,52530,20736,42,38,40,39,41,56889,52528],"class_list":["post-371524","post","type-post","status-publish","format-standard","has-post-thumbnail","category-ing-bank-slaski","tag-banki","tag-ing-bank-slaski","tag-ing-bank-slaski-przerwa","tag-ing-przerwa","tag-ing-przerwa-nocna","tag-ing-przerwa-techniczna","tag-mobywatel","tag-pl","tag-poland","tag-polish","tag-polska","tag-polski","tag-profil-zaufany","tag-przerwa-techniczna-bank-ing"],"share_on_mastodon":{"url":"https:\/\/pubeurope.com\/@pl\/116418588570046579","error":""},"_links":{"self":[{"href":"https:\/\/www.europesays.com\/pl\/wp-json\/wp\/v2\/posts\/371524","targetHints":{"allow":["GET"]}}],"collection":[{"href":"https:\/\/www.europesays.com\/pl\/wp-json\/wp\/v2\/posts"}],"about":[{"href":"https:\/\/www.europesays.com\/pl\/wp-json\/wp\/v2\/types\/post"}],"author":[{"embeddable":true,"href":"https:\/\/www.europesays.com\/pl\/wp-json\/wp\/v2\/users\/2"}],"replies":[{"embeddable":true,"href":"https:\/\/www.europesays.com\/pl\/wp-json\/wp\/v2\/comments?post=371524"}],"version-history":[{"count":0,"href":"https:\/\/www.europesays.com\/pl\/wp-json\/wp\/v2\/posts\/371524\/revisions"}],"wp:featuredmedia":[{"embeddable":true,"href":"https:\/\/www.europesays.com\/pl\/wp-json\/wp\/v2\/media\/371525"}],"wp:attachment":[{"href":"https:\/\/www.europesays.com\/pl\/wp-json\/wp\/v2\/media?parent=371524"}],"wp:term":[{"taxonomy":"category","embeddable":true,"href":"https:\/\/www.europesays.com\/pl\/wp-json\/wp\/v2\/categories?post=371524"},{"taxonomy":"post_tag","embeddable":true,"href":"https:\/\/www.europesays.com\/pl\/wp-json\/wp\/v2\/tags?post=371524"}],"curies":[{"name":"wp","href":"https:\/\/api.w.org\/{rel}","templated":true}]}}