{"id":372770,"date":"2026-04-17T18:38:17","date_gmt":"2026-04-17T18:38:17","guid":{"rendered":"https:\/\/www.europesays.com\/pl\/372770\/"},"modified":"2026-04-17T18:38:17","modified_gmt":"2026-04-17T18:38:17","slug":"znany-zabytek-w-warszawie-zmieni-wlasciciela-miasto-zaplaci-miliony","status":"publish","type":"post","link":"https:\/\/www.europesays.com\/pl\/372770\/","title":{"rendered":"Znany zabytek w Warszawie zmieni w\u0142a\u015bciciela. Miasto zap\u0142aci miliony"},"content":{"rendered":"<p class=\"Paragraph_desktopParagraph__U31Gm\">Rada Warszawy wyrazi\u0142a zgod\u0119 na zakup zabytkowego Zajazdu Napoleo\u0144skiego przy ul. P\u0142owieckiej 83. Obecnie dzia\u0142a tam hotel i restauracja, jednak po przej\u0119ciu przez miasto funkcja obiektu ulegnie zmianie. W dawnej Karczmie Wawer planowane jest utworzenie Urz\u0119du Stanu Cywilnego. W wyniku negocjacji uzgodniono, \u017ce cena zakupu wyniesie 9,5 mln z\u0142.<\/p>\n<p>Nowa funkcja: USC w zabytkowym obiekcie <\/p>\n<p class=\"Paragraph_desktopParagraph__U31Gm\">Po zmianie w\u0142a\u015bciciela budynek ma sta\u0107 si\u0119 miejscem obs\u0142ugi mieszka\u0144c\u00f3w, w tym organizacji ceremonii \u015blubnych. Lokalizacja i historyczny charakter obiektu sprawiaj\u0105, \u017ce mo\u017ce to by\u0107 wyj\u0105tkowe miejsce na zawarcie ma\u0142\u017ce\u0144stwa.<\/p>\n<p>Historia Karczmy Wawer \u2014 pocz\u0105tki i rozw\u00f3j <\/p>\n<p class=\"Paragraph_desktopParagraph__U31Gm\">Pocz\u0105tki karczmy wawerskiej nie s\u0105 dok\u0142adnie znane. Najprawdopodobniej by\u0142a to drewniana budowla, obs\u0142uguj\u0105ca podr\u00f3\u017cnych i wo\u017anic\u00f3w przemieszczaj\u0105cych si\u0119 wa\u017cnymi traktami.<\/p>\n<p class=\"Paragraph_desktopParagraph__U31Gm\">Obiekt pojawia\u0142 si\u0119 i znika\u0142 z map XVIII i XIX wieku, prawdopodobnie w wyniku wojen i po\u017car\u00f3w. Po zniszczeniach z czas\u00f3w powstania listopadowego zosta\u0142 odbudowany w 1834 roku.<\/p>\n<p class=\"Paragraph_desktopParagraph__U31Gm\">W kolejnych latach by\u0142 rozbudowywany \u2014 powsta\u0142y dodatkowe pokoje, dom mieszkalny, ku\u017ania oraz destylarnia. Wok\u00f3\u0142 karczmy rozwin\u0119\u0142o si\u0119 niewielkie osiedle.<\/p>\n<p>Karczma pod Napoleonem i czasy p\u00f3\u017aniejsze <\/p>\n<p class=\"Paragraph_desktopParagraph__U31Gm\">Po 1867 r. dzier\u017cawc\u0105 by\u0142a rodzina Morantowicz\u00f3w. Po I wojnie \u015bwiatowej budynek wykupiono i cz\u0119\u015bciowo przekszta\u0142cono w mieszkania czynszowe.<\/p>\n<p class=\"Paragraph_desktopParagraph__U31Gm\">Restauracja funkcjonowa\u0142a pod szyldem &#8222;Karczma pod Napoleonem. Koniom woda \u2014 ludziom piwo i zgoda&#8221;. W okresie mi\u0119dzywojennym planowano urz\u0105dzi\u0107 tu siedzib\u0119 w\u0142adz gminy oraz muzeum.<\/p>\n<p class=\"Paragraph_desktopParagraph__U31Gm\">We wrze\u015bniu 1944 r. budynek zosta\u0142 zdewastowany i ograbiony. Przez kolejne dekady niszcza\u0142, pe\u0142ni\u0105c funkcj\u0119 mieszka\u0144 kwaterunkowych.<\/p>\n<p>Niezrealizowana transakcja i plany muzeum <\/p>\n<p class=\"Paragraph_desktopParagraph__U31Gm\">O obiekcie zrobi\u0142o si\u0119 g\u0142o\u015bno, gdy planowano jego zakup z przeznaczeniem na muzeum Lecha Kaczy\u0144skiego. Transakcja mia\u0142a by\u0107 realizowana przez sp\u00f3\u0142k\u0119 Srebrna.<\/p>\n<p class=\"Paragraph_desktopParagraph__U31Gm\">Wp\u0142acono zadatek w wysoko\u015bci 1,2 mln z\u0142, jednak umowa nie dosz\u0142a do skutku. Powodem by\u0142y nieujawnione kwestie prawne dotycz\u0105ce jednej z dzia\u0142ek o powierzchni 44 m\u00b2. Ostatecznie z transakcji si\u0119 wycofano.<\/p>\n<p>Zabytek z now\u0105 przysz\u0142o\u015bci\u0105 <\/p>\n<p class=\"Paragraph_desktopParagraph__U31Gm\">Zakup przez miasto otwiera nowy rozdzia\u0142 w historii obiektu. Zajazd Napoleo\u0144ski, zwi\u0105zany z wa\u017cnymi wydarzeniami historycznymi, ma zyska\u0107 funkcj\u0119 publiczn\u0105 i s\u0142u\u017cy\u0107 mieszka\u0144com Warszawy.<\/p>\n<p><img decoding=\"async\" class=\"Image_image__0tuHp Image_autoHeight__f2n87 \" height=\"587\" width=\"767\" src=\"https:\/\/www.europesays.com\/pl\/wp-content\/uploads\/2026\/04\/S3Gk9kuTURBXy85MDIxZDljNi0wYTkyLTRkZWYtOGMwNy1jY2RiZjY1ZDVjMGIuanBlZ5KVAs0DrADCw5UCAM0CS8LD3gADoTABo.jpeg\" alt=\"\u017ar\u00f3d\u0142o: Sandra Spinkiewicz\" loading=\"lazy\" \/>Tu Stolica<\/p>\n<p>\u017ar\u00f3d\u0142o: Sandra Spinkiewicz<\/p>\n","protected":false},"excerpt":{"rendered":"Rada Warszawy wyrazi\u0142a zgod\u0119 na zakup zabytkowego Zajazdu Napoleo\u0144skiego przy ul. P\u0142owieckiej 83. Obecnie dzia\u0142a tam hotel i&hellip;\n","protected":false},"author":2,"featured_media":372771,"comment_status":"","ping_status":"","sticky":false,"template":"","format":"standard","meta":{"footnotes":"","_share_on_mastodon":"0"},"categories":[51605],"tags":[1816,53,52,68,51,55,42,38,40,39,41,47,8908,50,435,26],"class_list":["post-372770","post","type-post","status-publish","format-standard","has-post-thumbnail","category-warszawa","tag-mm","tag-new_header","tag-onet3","tag-onet3d","tag-onet3d_2i","tag-phx","tag-pl","tag-poland","tag-polish","tag-polska","tag-polski","tag-screening_general","tag-tu_stolica","tag-v2021","tag-warszawa","tag-wiadomosci"],"share_on_mastodon":{"url":"https:\/\/pubeurope.com\/@pl\/116421506278649926","error":""},"_links":{"self":[{"href":"https:\/\/www.europesays.com\/pl\/wp-json\/wp\/v2\/posts\/372770","targetHints":{"allow":["GET"]}}],"collection":[{"href":"https:\/\/www.europesays.com\/pl\/wp-json\/wp\/v2\/posts"}],"about":[{"href":"https:\/\/www.europesays.com\/pl\/wp-json\/wp\/v2\/types\/post"}],"author":[{"embeddable":true,"href":"https:\/\/www.europesays.com\/pl\/wp-json\/wp\/v2\/users\/2"}],"replies":[{"embeddable":true,"href":"https:\/\/www.europesays.com\/pl\/wp-json\/wp\/v2\/comments?post=372770"}],"version-history":[{"count":0,"href":"https:\/\/www.europesays.com\/pl\/wp-json\/wp\/v2\/posts\/372770\/revisions"}],"wp:featuredmedia":[{"embeddable":true,"href":"https:\/\/www.europesays.com\/pl\/wp-json\/wp\/v2\/media\/372771"}],"wp:attachment":[{"href":"https:\/\/www.europesays.com\/pl\/wp-json\/wp\/v2\/media?parent=372770"}],"wp:term":[{"taxonomy":"category","embeddable":true,"href":"https:\/\/www.europesays.com\/pl\/wp-json\/wp\/v2\/categories?post=372770"},{"taxonomy":"post_tag","embeddable":true,"href":"https:\/\/www.europesays.com\/pl\/wp-json\/wp\/v2\/tags?post=372770"}],"curies":[{"name":"wp","href":"https:\/\/api.w.org\/{rel}","templated":true}]}}