{"id":372829,"date":"2026-04-17T19:10:10","date_gmt":"2026-04-17T19:10:10","guid":{"rendered":"https:\/\/www.europesays.com\/pl\/372829\/"},"modified":"2026-04-17T19:10:10","modified_gmt":"2026-04-17T19:10:10","slug":"polityczny-zwrot-w-ottawie-liberalowie-zdobywaja-wiekszosc-w-parlamencie-konserwatysci-grzmia-o-spisku","status":"publish","type":"post","link":"https:\/\/www.europesays.com\/pl\/372829\/","title":{"rendered":"Polityczny zwrot w Ottawie. Libera\u0142owie zdobywaj\u0105 wi\u0119kszo\u015b\u0107 w parlamencie. Konserwaty\u015bci grzmi\u0105 o spisku"},"content":{"rendered":"<p>Rz\u0105dz\u0105cy libera\u0142owie Carney&#8217;a zapewnili sobie wi\u0119kszo\u015b\u0107 w bezprecedensowy spos\u00f3b \u2014 nie poprzez przeprowadzenie wybor\u00f3w powszechnych, ale poprzez po\u0142\u0105czenie stopniowego odp\u0142ywu konserwatywnych pos\u0142\u00f3w z mia\u017cd\u017c\u0105cym zwyci\u0119stwem w trzech wyborach uzupe\u0142niaj\u0105cych w poniedzia\u0142ek wieczorem.<\/p>\n<p>\u2014 Libera\u0142owie Carney&#8217;a nie zdobyli wi\u0119kszo\u015bci w rz\u0105dzie w wyborach powszechnych ani w wyborach uzupe\u0142niaj\u0105cych \u2014 stwierdzi\u0142 w poniedzia\u0142ek lider konserwatyst\u00f3w Pierre Poilievre. \u2014 Zamiast tego wygrali dzi\u0119ki zakulisowym uk\u0142adom z politykami, kt\u00f3rzy zdradzili ludzi, kt\u00f3rzy na nich g\u0142osowali \u2014 doda\u0142.<\/p>\n<p>W Kanadzie partia rz\u0105dz\u0105ca mo\u017ce zdoby\u0107 lub straci\u0107 wi\u0119kszo\u015b\u0107 bez wybor\u00f3w powszechnych, je\u015bli zmieni si\u0119 rozk\u0142ad mandat\u00f3w w parlamencie \u2014 co uda\u0142o si\u0119 Carneyowi.<\/p>\n<p>\u2014 Nie z\u0142amano \u017cadnych zasad \u2014 podkre\u015bla Alex Marland, politolog i wsp\u00f3\u0142autor ksi\u0105\u017cki &#8222;No I in Team: Party Loyalty in Canadian Politics&#8221;, w kt\u00f3rej analizuje przypadki przechodzenia do innych partii oraz dyscyplin\u0119 partyjn\u0105.<\/p>\n<p>Przechodzenie do innej partii w parlamencie nie jest niczym niezwyk\u0142ym \u2014 w historii Kanady zrobi\u0142o to ponad 300 polityk\u00f3w, zar\u00f3wno na szczeblu federalnym, jak i prowincjonalnym.<\/p>\n<p>\u2014 Mo\u017cliwo\u015b\u0107 zmiany partii parlamentarnej jest po prostu g\u0142\u0119boko zakorzenion\u0105 cech\u0105 naszego systemu \u2014 zauwa\u017ca Marland. \u2014 Jest to po prostu dozwolone i, szczerze m\u00f3wi\u0105c, konserwaty\u015bci akceptowali takie ruchy libera\u0142\u00f3w w przesz\u0142o\u015bci \u2014 przypomina.<\/p>\n<p>      Dalszy ci\u0105g artyku\u0142u pod materia\u0142em wideo <\/p>\n<p>Aaron Gunn, konserwatywny pose\u0142 z Kolumbii Brytyjskiej, oskar\u017cy\u0142 Carney&#8217;a na X o d\u0105\u017cenie do &#8222;nieograniczonej w\u0142adzy&#8221; poprzez &#8222;oszustwo i podst\u0119p&#8221;, wykorzystuj\u0105c pos\u0142\u00f3w, kt\u00f3rzy przeszli do innej partii, &#8222;aby uniewa\u017cni\u0107 wynik demokratycznych wybor\u00f3w&#8221;. W rezultacie &#8222;g\u0142osowanie b\u0119dzie postrzegane jako sfa\u0142szowane&#8221; \u2014 argumentowa\u0142. Oskar\u017cy\u0142 r\u00f3wnie\u017c media o &#8222;nieuczciwo\u015b\u0107 wobec Kanadyjczyk\u00f3w&#8221;.<\/p>\n<p>Z kolei zdaniem konserwatywnego pos\u0142a Andrew Lawtona rz\u0105d Carney&#8217;a jest &#8222;sztuczny&#8221;.<\/p>\n<p>Konserwatywny pose\u0142 Michael Guglielmin pot\u0119pi\u0142 w po\u015bcie na X to, co nazwa\u0142 ra\u017c\u0105cym podwa\u017ceniem demokracji. &#8222;Kanadyjczycy nie zapomn\u0105 tej zdrady zaufania publicznego&#8221; \u2014 napisa\u0142.<\/p>\n<p>Poilievre nie pot\u0119pi\u0142 \u017cadnego z tych komentarzy. Jego biuro odm\u00f3wi\u0142o odpowiedzi na pytanie, czy lider konserwatyst\u00f3w uznaje wi\u0119kszo\u015b\u0107 za legaln\u0105 i skierowa\u0142o POLITICO do komentarzy Poilievre&#8217;a w mediach spo\u0142eczno\u015bciowych.<\/p>\n<p>&#8222;\u017byjemy w demokracji parlamentarnej&#8221; Kiedy Carney <a href=\"https:\/\/www.onet.pl\/informacje\/onetwiadomosci\/unia-europejska-reaguje-zwyciestwo-marka-carneyego-w-wyborach-w-kanadzie\/k4g37ng,79cfc278\" id=\"d85653eb-0207-46e4-a966-33130b88a0a6\" rel=\"nofollow noopener\" target=\"_blank\">zosta\u0142 wybrany w kwietniu ubieg\u0142ego roku<\/a>, zabrak\u0142o mu niewiele do rz\u0105du wi\u0119kszo\u015bciowego. Jednak po przesuni\u0119ciu Partii Liberalnej z powrotem do centrum, skupiaj\u0105c si\u0119 na przest\u0119pczo\u015bci, przyst\u0119pno\u015bci cenowej i potrzebie uniezale\u017cnienia gospodarki Kanady od Stan\u00f3w Zjednoczonych, uda\u0142o mu si\u0119 pozyska\u0107 pos\u0142\u00f3w opozycji z partii konserwatywnych i post\u0119powych \u2014 pi\u0119ciu w ci\u0105gu ostatnich pi\u0119ciu miesi\u0119cy.     <\/p>\n<p>Zwyci\u0119stwo w poniedzia\u0142kowych wyborach uzupe\u0142niaj\u0105cych zapewni\u0142o rz\u0105dowi Carney&#8217;a przewag\u0119. \u2014 \u017byjemy w demokracji parlamentarnej \u2014 powiedzia\u0142 Carney dziennikarzom we wtorek.<\/p>\n<p>Konserwaty\u015bci odnotowali najgorsze wyniki w wyborach uzupe\u0142niaj\u0105cych od ponad 10 lat.<\/p>\n<p> <img decoding=\"async\" src=\"https:\/\/www.europesays.com\/pl\/wp-content\/uploads\/2026\/04\/_Nqk9lBaHR0cHM6Ly9vY2RuLmV1L3B1bHNjbXMvTURBXy9lNDMyNDJlMTRlYWMwZTYzNjI2M2Q4NTE2NjZhMjdjYy5qcGeRlQLNB.jpeg\" height=\"627\" width=\"940\" alt=\"Lider Partii Konserwatywnej Pierre Poilievre w Toronto, 16 kwietnia 2026 r. \" loading=\"lazy\" class=\"ods-c-image__img ods-c-image__img--viewport-width\"\/> <\/p>\n<p>Lider Partii Konserwatywnej Pierre Poilievre w Toronto, 16 kwietnia 2026 r.Mert Alper Dervis \/ Anadolu via AFP \/ AFP<\/p>\n<p>Carney obieca\u0142 wsp\u00f3\u0142pracowa\u0107 z partiami opozycyjnymi w Izbie Gmin, w tym z Parti\u0105 Konserwatywn\u0105, cho\u0107 nie potrzebuje ju\u017c ich poparcia do uchwalania ustaw ani wydatk\u00f3w rz\u0105dowych.<\/p>\n<p>Marland por\u00f3wna\u0142 retoryk\u0119 konserwatyst\u00f3w do Republikan\u00f3w w Stanach Zjednoczonych, kt\u00f3rzy krytykuj\u0105 system demokratyczny. \u2014 Kiedy ludzie podwa\u017caj\u0105 instytucje, zmniejsza to zaufanie do samej demokracji \u2014 zauwa\u017ca. \u2014 A oczywi\u015bcie znajdujemy si\u0119 w momencie historii, w kt\u00f3rym tego nie chcemy \u2014 dodaje.<\/p>\n<p>Minister przemys\u0142u Melanie Joly odpar\u0142a komentarze Poilievre&#8217;a, wzywaj\u0105c go w poniedzia\u0142ek w CBC News, by &#8222;spojrza\u0142 w lustro&#8221; i &#8222;zapyta\u0142, dlaczego nie uda\u0142o mu si\u0119 utrzyma\u0107 jedno\u015bci w ca\u0142ym swoim klubie parlamentarnym&#8221;. Poilievre o\u015bwiadczy\u0142, \u017ce pozostanie liderem do nast\u0119pnych wybor\u00f3w federalnych, kt\u00f3re zaplanowano na 2029 r.<\/p>\n<p>Carney powiedzia\u0142, \u017ce nie planuje og\u0142asza\u0107 przedterminowych wybor\u00f3w w odpowiedzi na oskar\u017cenia tych, kt\u00f3rzy kwestionuj\u0105 jego mandat. \u2014 My\u015bl\u0119, \u017ce Kanadyjczycy wyra\u017anie chc\u0105, aby ten rz\u0105d nadal rz\u0105dzi\u0142 \u2014 doda\u0142 Carney.<\/p>\n<p>To nie pierwszy raz, kiedy Partia Konserwatywna zarzuca instytucjom, w tym mediom, nieuczciwo\u015b\u0107, gdy napotyka na polityczne przeciwno\u015bci.<\/p>\n<p>Podczas wybor\u00f3w krajowych zesz\u0142ej wiosny pos\u0142owie tej partii podali w w\u0105tpliwo\u015b\u0107 wiarygodno\u015b\u0107 sonda\u017cy, kt\u00f3re sugerowa\u0142y, \u017ce Carney, niedo\u015bwiadczony w\u00f3wczas polityk, zostanie nast\u0119pnym premierem.<\/p>\n<p>W wiecz\u00f3r wyborczy w siedzibie Partii Konserwatywnej zwolennicy oskar\u017cyli libera\u0142\u00f3w o &#8222;sfa\u0142szowanie&#8221; wybor\u00f3w lub fa\u0142szywie twierdzili, \u017ce zosta\u0142y one &#8222;ukradzione&#8221;, powtarzaj\u0105c retoryk\u0119 s\u0142yszan\u0105 podczas kampanii wyborczej. Carney odrzuci\u0142 w\u00f3wczas te zarzuty.<\/p>\n<p>\u2014 To jest Kanada. Wiem, \u017ce s\u0105 partie, kt\u00f3re po prostu importuj\u0105 wszystkie swoje has\u0142a i programy z Ameryki, ale nie importujmy tych bzdur do Kanady. Jeste\u015bmy w trakcie uczciwych, otwartych i wolnych wybor\u00f3w w Kanadzie \u2014 powiedzia\u0142 na pocz\u0105tku kampanii.<\/p>\n<p>Po zaakceptowaniu wynik\u00f3w wybor\u00f3w z 28 kwietnia w przem\u00f3wieniu, w kt\u00f3rym przyzna\u0142 si\u0119 do pora\u017cki, Poilievre i jego klub parlamentarny podaj\u0105 teraz w w\u0105tpliwo\u015b\u0107 mandat wi\u0119kszo\u015bciowy Carney&#8217;a.<\/p>\n<p>\u2014 Trudno powiedzie\u0107, jak d\u0142ugo konserwaty\u015bci b\u0119d\u0105 podtrzymywa\u0107 t\u0119 narracj\u0119, poniewa\u017c za ka\u017cdym razem, gdy porusza si\u0119 kwesti\u0119 zmiany frakcji, b\u0119d\u0105c konserwatyst\u0105, w zasadzie przypomina si\u0119 wszystkim, \u017ce jest si\u0119 band\u0105 przegranych \u2014 m\u00f3wi Marland.<\/p>\n","protected":false},"excerpt":{"rendered":"Rz\u0105dz\u0105cy libera\u0142owie Carney&#8217;a zapewnili sobie wi\u0119kszo\u015b\u0107 w bezprecedensowy spos\u00f3b \u2014 nie poprzez przeprowadzenie wybor\u00f3w powszechnych, ale poprzez po\u0142\u0105czenie&hellip;\n","protected":false},"author":2,"featured_media":372830,"comment_status":"","ping_status":"","sticky":false,"template":"","format":"standard","meta":{"footnotes":"","_share_on_mastodon":"0"},"categories":[14],"tags":[56,61195,32,33,27,193,34,35,10875,28,31,48,56992,25,46,66486,40,1314,41,47,80,29,30,26,82,83,84],"class_list":["post-372829","post","type-post","status-publish","format-standard","has-post-thumbnail","category-swiat","tag-article_premium","tag-bottomfeed_styl","tag-breaking-news","tag-breakingnews","tag-headlines","tag-kanada","tag-latest-news","tag-latestnews","tag-mark_carney","tag-naglowki","tag-najwazniejsze-artykuly","tag-nat_styl","tag-newbb_tst1","tag-news","tag-omp","tag-pierre_poilievre","tag-polish","tag-politico","tag-polski","tag-screening_general","tag-swiat","tag-top-stories","tag-topstories","tag-wiadomosci","tag-world","tag-world-news","tag-worldnews"],"share_on_mastodon":{"url":"https:\/\/pubeurope.com\/@pl\/116421632114691946","error":""},"_links":{"self":[{"href":"https:\/\/www.europesays.com\/pl\/wp-json\/wp\/v2\/posts\/372829","targetHints":{"allow":["GET"]}}],"collection":[{"href":"https:\/\/www.europesays.com\/pl\/wp-json\/wp\/v2\/posts"}],"about":[{"href":"https:\/\/www.europesays.com\/pl\/wp-json\/wp\/v2\/types\/post"}],"author":[{"embeddable":true,"href":"https:\/\/www.europesays.com\/pl\/wp-json\/wp\/v2\/users\/2"}],"replies":[{"embeddable":true,"href":"https:\/\/www.europesays.com\/pl\/wp-json\/wp\/v2\/comments?post=372829"}],"version-history":[{"count":0,"href":"https:\/\/www.europesays.com\/pl\/wp-json\/wp\/v2\/posts\/372829\/revisions"}],"wp:featuredmedia":[{"embeddable":true,"href":"https:\/\/www.europesays.com\/pl\/wp-json\/wp\/v2\/media\/372830"}],"wp:attachment":[{"href":"https:\/\/www.europesays.com\/pl\/wp-json\/wp\/v2\/media?parent=372829"}],"wp:term":[{"taxonomy":"category","embeddable":true,"href":"https:\/\/www.europesays.com\/pl\/wp-json\/wp\/v2\/categories?post=372829"},{"taxonomy":"post_tag","embeddable":true,"href":"https:\/\/www.europesays.com\/pl\/wp-json\/wp\/v2\/tags?post=372829"}],"curies":[{"name":"wp","href":"https:\/\/api.w.org\/{rel}","templated":true}]}}