{"id":372881,"date":"2026-04-17T19:40:09","date_gmt":"2026-04-17T19:40:09","guid":{"rendered":"https:\/\/www.europesays.com\/pl\/372881\/"},"modified":"2026-04-17T19:40:09","modified_gmt":"2026-04-17T19:40:09","slug":"karol-nawrocki-komentuje-zwarcie-w-pis-nie-postawilbym-na-to","status":"publish","type":"post","link":"https:\/\/www.europesays.com\/pl\/372881\/","title":{"rendered":"Karol Nawrocki komentuje zwarcie w PiS. &#8222;Nie postawi\u0142bym na to&#8221;"},"content":{"rendered":"<p>Karol Nawrocki stwierdzi\u0142 w pi\u0105tek w wywiadzie dla Kana\u0142u Zero, \u017ce &#8222;by\u0142o ju\u017c wielu, kt\u00f3rzy wieszczyli koniec PiS&#8221;. \u2014 Moim zdaniem PiS si\u0119 nie rozpada. Czytam to jako pr\u00f3b\u0119 pozyskania umiarkowanego, centrowego elektoratu \u2014 zaznaczy\u0142.<\/p>\n<p>\u2014 To, co si\u0119 stanie, to kwestia partyjna. Nie postawi\u0142bym \u015brodk\u00f3w finansowych \u017cadnych, bo uwa\u017cam, \u017ce PiS b\u0119dzie silny i mocny \u2014 doda\u0142 w rozmowie z Krzysztofem Stanowskim i Robertem Mazurkiem.<\/p>\n<p>Karol Nawrocki by\u0142 pytany tak\u017ce o kandydata PiS na premiera Przemys\u0142awa Czarnka. \u2014 Kandydowanie na urz\u0105d premiera, ta energia daje nadziej\u0119, \u017ce b\u0119dzie tym przysz\u0142ym premierem. (&#8230;) Ka\u017cdy, zaproponowany przez PiS b\u0119dzie lepszym premierem ni\u017c Donald Tusk \u2014 zaznaczy\u0142.<\/p>\n<p>      Dalszy ci\u0105g artyku\u0142u pod materia\u0142em wideo Karol Nawrocki o wecie w sprawie kryptoaktyw\u00f3w. &#8222;Ani przez sekund\u0119 nie \u017ca\u0142uj\u0119&#8221;<\/p>\n<p>Prezydent zosta\u0142 zapytany tak\u017ce o kwesti\u0119 weta do ustawy o kryptoaktywach. \u2014 Ani przez sekund\u0119 nie \u017ca\u0142owa\u0142em tego weta. (&#8230;) Odpowiedzialni za te osoby, kt\u00f3re pozostaj\u0105 w kryzysie, odpowiada rz\u0105d Donalda Tuska \u2014 zaznaczy\u0142.<\/p>\n<p>\u2014 Premier nie zdaje sobie sprawy, \u017ce przez ca\u0142y czas dzia\u0142ania tej firmy, s\u0142u\u017cby mog\u0142y ten problem rozwi\u0105za\u0107. (&#8230;) Mogli ostrzega\u0107 opini\u0119 publiczn\u0105, je\u017celi mieli informacj\u0119 od s\u0142u\u017cb. Ja informacj\u0119 o Zondacrypto dosta\u0142em po pierwszym wecie. By\u0142em odci\u0119ty od informacji \u2014 stwierdzi\u0142.<\/p>\n<p>Karol Nawrocki stwierdzi\u0142, \u017ce proponowana przez rz\u0105d ustawa nie rozwi\u0105za\u0142aby problemu z gie\u0142d\u0105 Zondacrypto. \u2014 Nie regulowa\u0142aby w \u017caden spos\u00f3b tej konkretnej sprawy, ale by\u0142aby wyra\u017an\u0105 nadregulacj\u0105 w sprawie rozporz\u0105dzenia MiCA \u2014 zaznaczy\u0142.<\/p>\n<p>\u2014 Rz\u0105d nie radzi sobie z chronieniem obywateli, wi\u0119c chce ca\u0142y rynek kryptowalut wyrzuci\u0107 siekier\u0105 z Polski, tak\u017ce tych, kt\u00f3rzy dzia\u0142aj\u0105 uczciwie i ludzi nie oszukuj\u0105 \u2014 doda\u0142.<\/p>\n<p>Karol Nawrocki o sprawie Zondacrypto. &#8222;To nie jest pierwsza g\u0119ba, kt\u00f3r\u0105 mi si\u0119 dokleja&#8221;<\/p>\n<p>Prezydent stwierdzi\u0142, &#8222;tak jak przy \u0142a\u0144cuchach nie chodzi\u0142o o zwierz\u0119ta, nie chodzi tutaj o regulacje i da\u0107 ludziom gwarancje, tylko wznieca\u0107 polityczne boje&#8221;. \u2014 To nie jest pierwsza g\u0119ba, kt\u00f3r\u0105 mi si\u0119 dokleja, a poza tym, zostaj\u0105c prezydentem, wiedzia\u0142em, \u017ce b\u0119d\u0119 mia\u0142 do rozwi\u0105zania nie tylko mi\u0142e i przyjemne sprawy \u2014 stwierdzi\u0142 Karol Nawrocki, odnosz\u0105c si\u0119 do atak\u00f3w ze strony Donalda Tuska i jego rz\u0105du.<\/p>\n<p>Prezydent by\u0142 pytany tak\u017ce o powi\u0105zania Zondacrypto z polsk\u0105 prawic\u0105. \u2014 Nie mog\u0119 powiedzie\u0107, jakie nazwiska pojawi\u0142y si\u0119 w raportach, kt\u00f3re trafi\u0142y na moje biurko. (&#8230;) By\u0142y to pojedyncze osoby. (&#8230;) Nawet gdyby to by\u0142y tam prze\u0142omowe informacje, to prezydent Polski dosta\u0142 te dane od polskich s\u0142u\u017cb w momencie, gdy ju\u017c podj\u0105\u0142 decyzj\u0119 \u2014 zaznaczy\u0142.<\/p>\n<p>Karol Nawrocki przyzna\u0142 tak\u017ce, \u017ce nigdy nie inwestowa\u0142 w kryptowaluty. \u2014 Nie znam si\u0119 na tych systemach \u2014 doda\u0142.<\/p>\n<p>Karol Nawrocki uderza we W\u0142odzimierza Czarzastego. &#8222;Czuj\u0119 \u017cenad\u0119&#8221;<\/p>\n<p>Karol Nawrocki by\u0142 pytany tak\u017ce o s\u0142owa marsza\u0142ka Sejmu W\u0142odzimierza Czarzastego o tym, \u017ce jest rzekomo &#8222;przyjacielem W\u0142adimira Putina&#8221;. \u2014 Gdybym mia\u0142 powiedzie\u0107, co s\u0105dz\u0119 o panu W\u0142odzimierzu Czarzastym, to musia\u0142bym wyj\u015b\u0107 z roli prezydenta, a nie chc\u0119 \u2014 zaznaczy\u0142.<\/p>\n<p>Prezydent stwierdzi\u0142, \u017ce &#8222;gdy Donald Tusk i W\u0142odzimierz Czarzasty patrzyli w kierunku Moskwy jako sojusznika czy na W\u0142adimira Putina jako polskiego cz\u0142owieka w Moskwie, przygotowywali reset&#8221;, to on &#8222;jako szeregowy pracownik IPN&#8221; wyg\u0142asza\u0142 setki przem\u00f3wie\u0144 antykomunistycznych, antyrosyjskich.<\/p>\n<p>\u2014 Je\u017celi postkomunistyczny marsza\u0142ek, kt\u00f3ry m\u00f3wi, \u017ce Polska w 1945 r. zosta\u0142a wyzwolona przez Armi\u0119 Czerwon\u0105, nazywa mnie przyjacielem W\u0142adimira Putina, to czuj\u0119 \u017cenad\u0119. Wydaje mi si\u0119, \u017ce nikt nie jest w stanie uwierzy\u0107. To jest smutne i tragiczne \u2014 podkre\u015bli\u0142.<\/p>\n<p>     Prezydent o reakcji wobec dziennikarza TVN24. &#8222;Rodzaj prowokacji&#8221;Karol Nawrocki skomentowa\u0142 tak\u017ce <a href=\"https:\/\/wiadomosci.onet.pl\/kraj\/nawrocki-i-bogucki-uderzaja-w-dziennikarza-tvn24-rada-polskich-mediow-reaguje\/kehgmjf\" id=\"3815a5a1-aa25-492c-b72a-579e2f4d51c9\" rel=\"nofollow noopener\" target=\"_blank\">sytuacj\u0119 z dziennikarzem TVN24 w Budapeszcie<\/a>. \u2014 Zawsze traktuj\u0119 dziennikarzy z kultur\u0105, natomiast je\u017celi cz\u0142owiek przekracza pewne granice zachowania logicznego, dziennikarskiej etyki, szykuje rodzaj prowokacji, (&#8230;) to my\u015bl\u0119, \u017ce reakcja by\u0142a prawid\u0142owa \u2014 zaznaczy\u0142.<\/p>\n<p>Krzysztof Stanowski w tym kontek\u015bcie zada\u0142 tak\u017ce dok\u0142adnie to pytanie, kt\u00f3re zada\u0142 w\u00f3wczas dziennikarz TVN24. \u2014 Spotykam si\u0119 z premierami r\u00f3\u017cnych pa\u0144stw. (&#8230;) Pojecha\u0142em na W\u0119gry w ramach dnia przyja\u017ani polsko-w\u0119gierskiej, rozmawia\u0142em z premierem Viktorem Orbanem, czego si\u0119 nie wstydz\u0119, ale te implikacje, \u017ce ja wspar\u0142em Viktora Orbana s\u0105 dalekie od logiki \u2014 zaznaczy\u0142.<\/p>\n<p>\u2014 Nie uznaj\u0119 tego za sw\u00f3j b\u0142\u0105d. Uwa\u017cam, \u017ce by\u0142oby nieeleganckie odwiedzenie prezydenta W\u0119gier i niespotkanie si\u0119 z Viktorem Obranem, tylko dlatego, \u017ce odbywa si\u0119 kampania na W\u0119grzech \u2014 stwierdzi\u0142 Karol Nawrocki.<\/p>\n<p>     Karol Nawrocki o wizycie na W\u0119grzech. &#8222;Realizowa\u0142em polsk\u0105 racj\u0119 stanu&#8221;<\/p>\n<p>Prezydent powiedzia\u0142 tak\u017ce, \u017ce &#8222;trudno oszacowa\u0107&#8221; jaki efekt mia\u0142a jego wizyta przed wyborami na W\u0119grzech. \u2014 Upomnia\u0142em si\u0119 o rzeczy, kt\u00f3re s\u0105 dla nas wa\u017cne, \u015brodki finansowe, kt\u00f3re nie trafiaj\u0105 do Polski przez W\u0119gry. Mia\u0142em okazj\u0119 pierwszy raz powiedzie\u0107, co s\u0105dz\u0119 o tym, \u017ce W\u0119gry \u015bci\u0105gaj\u0105 surowce z Rosji. Polska w kr\u00f3tkim czasie, wed\u0142ug mojego planu ma si\u0119 sta\u0107 hubem energetycznym dla ca\u0142ej Europy \u015arodkowej.<\/p>\n<p>\u2014 Nie wiem, czy go przekona\u0142em. By\u0142a to taka nasza pierwsza oficjalna rozmowa. (&#8230;) Konsekwentnie realizowa\u0142em polsk\u0105 racj\u0119 stanu \u2014 zaznaczy\u0142. \u2014 Na relacje polsko-w\u0119gierskie nale\u017cy patrze\u0107 w perspektywie wielow\u0105tkowej, wielowiekowej. Mam nadziej\u0119, \u017ce uda si\u0119 utrzyma\u0107 po wygranej Petera Magyara \u2014 doda\u0142.<\/p>\n<p>     Karol Nawrocki o s\u0119dziach TK. &#8222;Podj\u0105\u0142em decyzj\u0119&#8221;<\/p>\n<p>Prezydent Karol Nawrocki zabra\u0142 tak\u017ce g\u0142os na temat \u015blubowania s\u0119dzi\u00f3w TK. \u2014 Musia\u0142em zwa\u017cy\u0107 racje, zadba\u0107 o 11 cz\u0142onk\u00f3w s\u0119dzi\u00f3w TK, aby da\u0107 mo\u017cliwo\u015b\u0107 funkcjonowania organu pa\u0144stwowego. Zastrze\u017cenia by\u0142y do ca\u0142ej sz\u00f3stki \u2014 zaznaczy\u0142. \u2014 Podj\u0105\u0142em decyzj\u0119 i zaprzysi\u0119\u017cy\u0142em dw\u00f3ch \u2014 doda\u0142.<\/p>\n<p>\u2014 Liczy\u0142em, \u017ce Sejm mi pomo\u017ce i wska\u017ce, kt\u00f3ry s\u0119dzia jest za kt\u00f3rego s\u0119dziego. Nie dosta\u0142em tego. Chcia\u0142em to wyja\u015bni\u0107, w dyskusji Kancelarii Prezydenta z marsza\u0142kiem Sejmu. (&#8230;) Zosta\u0142em z t\u0105 decyzj\u0105 sam \u2014 podkre\u015bli\u0142.<\/p>\n<p>Karol Nawrocki stwierdzi\u0142, \u017ce wyroki TK &#8222;nakazuj\u0105 przyj\u0119cie \u015blubowania&#8221;. \u2014 Odnosz\u0105 si\u0119 jednak do tego, \u017ce prezydent ma prawo bra\u0107 pod uwag\u0119 wszystkie kwestie wa\u017cne dla systemu s\u0105downictwa w Polsce. (&#8230;) Nigdy nie powiedzia\u0142em, \u017ce nie przyjm\u0119 \u015blubowania od czw\u00f3rki s\u0119dzi\u00f3w \u2014 zaznaczy\u0142.<\/p>\n<p>     \u015alubowanie bez prezydenta w Sejmie. Karol Nawrocki zwr\u00f3ci\u0142 si\u0119 do ministraPrezydent nazwa\u0142 tak\u017ce <a href=\"https:\/\/wiadomosci.onet.pl\/kraj\/spor-o-tk-slubowanie-bez-prezydenta-i-ciezkie-oskarzenia-podsumowanie\/7dwgj68\" id=\"38c1af51-6ec3-4faf-a779-7e69ebe7d52a\" rel=\"nofollow noopener\" target=\"_blank\">\u015blubowanie pozosta\u0142ej czw\u00f3rki w Sejmie &#8222;show&#8221;<\/a>. \u2014 Raptusy ci nasi s\u0119dziowie. (&#8230;) To pokazuje psychologi\u0119 \u015brodowiska s\u0119dziowskiego. Czekaj\u0105 na swoje stopnie oficerskie \u017co\u0142nierze. Czekaj\u0105 profesorowie, kt\u00f3rzy nie dostaj\u0105 nominacji od dziekan\u00f3w, tylko od prezydenta. Czekaj\u0105 genera\u0142owie. Ca\u0142a Polska czeka na decyzj\u0119 prezydenta. Nie chodzi o mnie, tylko o urz\u0105d prezydenta RP \u2014 powiedzia\u0142.<\/p>\n<p>\u2014 Tak, stali\u015bmy przed prawn\u0105 konieczno\u015bci\u0105 zaprzysi\u0119\u017cenia tych s\u0119dzi\u00f3w. Z ca\u0142\u0105 pewno\u015bci\u0105 by si\u0119 to wydarzy\u0142o, gdyby nie cyrk, kt\u00f3ry odby\u0142 si\u0119 w polskim Sejmie \u2014 zaznaczy\u0142.<\/p>\n<p>Krzysztof Stanowski stwierdzi\u0142, \u017ce &#8222;pan Waldemar z Chrzanowa&#8221; chcia\u0142by dowiedzie\u0107 si\u0119, kto doradza\u0142 prezydentowi w tej sprawie. Nawi\u0105za\u0142 tym samym do <a href=\"https:\/\/wiadomosci.onet.pl\/kraj\/nowe-fakty-w-sprawie-marcina-romanowskiego-i-zbigniewa-ziobry-waldemar-zurek-oglasza\/qqb17fl\" id=\"54c4a522-a34c-47a1-88c4-04a7547d3493\" rel=\"nofollow noopener\" target=\"_blank\">s\u0142\u00f3w ministra sprawiedliwo\u015bci i prokuratora generalnego Waldemara \u017burka<\/a>.     <\/p>\n<p>\u2014 Panie Waldemarze z Chrzanowa: wszystkie decyzje podejmowa\u0142em sam i bior\u0119 za nie pe\u0142n\u0105 odpowiedzialno\u015b\u0107 \u2014 odpar\u0142 Karol Nawrocki. \u2014 B\u0119dzie musia\u0142 pan minister albo postawi\u0107 mnie przed Trybuna\u0142em Stanu, albo poczeka\u0107 pi\u0119\u0107 lat i wtedy si\u0119 mn\u0105 zaj\u0105\u0107. Podejmuj\u0119 swoje decyzje osobi\u015bcie, a to, kto komu doradza, to moja prywatna sprawa. Minister Waldemar \u017burek przechodzi do kolejnego odcinka komediowego spektaklu \u2014 doda\u0142.<\/p>\n<p>Karol Nawrocki zosta\u0142 tak\u017ce zapytany, czy zamierza przyjmowa\u0107 \u015blubowanie od czworga s\u0119dzi\u00f3w TK. \u2014 Ca\u0142y system jest tutaj bezradny. Nie wiem, co ma zrobi\u0107 prezydent, je\u017celi s\u0119dziowie, nie czekaj\u0105c na to, co zrobi prezydent, (&#8230;) zaprzysi\u0119gli przed notariuszem w polskim Sejmie. Nie mam tej wiedzy. Dlatego co ja zrobi\u0142em w tej sprawie? Decyzj\u0119 musi podj\u0105\u0107 Trybuna\u0142 Konstytucyjny, kt\u00f3rego funkcjonowanie zagwarantowa\u0142em.<\/p>\n<p>\u2014 Je\u017celi TK uzna, \u017ce s\u0119dziowie musz\u0105 jeszcze raz zosta\u0107 zaproszeni przez prezydenta i b\u0119d\u0105 zaprzysi\u0119ga\u0107, to ja to zrobi\u0119. Je\u017celi TK uzna, \u017ce to, co wydarzy\u0142o si\u0119 w Sejmie, jest jednoznaczne z odmow\u0105 z\u0142o\u017cenia zaprzysi\u0119\u017cenia przed prezydentem, to tego nie zrobi\u0119. Wszystko w r\u0119kach Trybuna\u0142u, kt\u00f3ry mo\u017ce funkcjonowa\u0107 \u2014 zaznaczy\u0142.<\/p>\n<p>Sp\u00f3r o ambasador\u00f3w. &#8222;Mam wra\u017cenie, \u017ce stanowiska si\u0119 zbli\u017cy\u0142y&#8221;Prezydent by\u0142 pytany tak\u017ce o <a href=\"https:\/\/wiadomosci.onet.pl\/tylko-w-onecie\/nadchodzi-przelom-w-sprawie-ambasadorow-ujawniamy-kulisy-negocjacji\/szkmp23\" id=\"c5212231-3b5f-4c4a-bb30-b0892c8165ca\" rel=\"nofollow noopener\" target=\"_blank\">nominacje ambasadorskie i sp\u00f3r w tej sprawie z ministerstwem spraw zagranicznych<\/a>. \u2014 Od kilku miesi\u0119cy wyja\u015bniamy pewne kwestie. Odby\u0142o si\u0119 kilka spotka\u0144. Jasno zadeklarowali\u015bmy rzeczy, na kt\u00f3re si\u0119 nie zgodzimy. Mam nadziej\u0119, \u017ce t\u0119 kwesti\u0119 uda si\u0119 rozwi\u0105za\u0144 \u2014 zaznaczy\u0142.<\/p>\n<p>\u2014 Oczywi\u015bcie niekt\u00f3re osoby nie maj\u0105 co liczy\u0107 na podpis. (&#8230;) Mamy jasno okre\u015blone stanowiska, ja i minister Rados\u0142aw Sikorski, ale mam wra\u017cenie, \u017ce te stanowiska si\u0119 zbli\u017cy\u0142y \u2014 powiedzia\u0142.<\/p>\n<p>Prezydent Karol Nawrocki stwierdzi\u0142 tak\u017ce, \u017ce z Rados\u0142awem Sikorskim jest do\u015b\u0107 daleko, je\u017celi chodzi pogl\u0105dy. \u2014 Dzisiaj to on jest ministrem spraw zagranicznych, ja jestem prezydentem, ale je\u017celi chcemy rozwi\u0105za\u0107 pewne sprawy, to musimy zbli\u017ca\u0107 stanowiska. (&#8230;) Mam nadziej\u0119, \u017ce dla dobra tej sprawy dojdziemy do porozumienia \u2014 zaznaczy\u0142.<\/p>\n<p>Prezydent by\u0142 pisany tak\u017ce o podpisane niedawno nominacje oficerskie. \u2014 Odby\u0142o si\u0119 spotkanie z szefami s\u0142u\u017cb. (&#8230;) Wymienili\u015bmy szereg argument\u00f3w. Owocem tego spotkania by\u0142o ustalenie pewnego sposobu dzia\u0142ania. Wp\u0142yn\u0119\u0142y wnioski, by\u0142y przedmiotem dyskusji. Dosta\u0142em pozytywn\u0105 odpowied\u017a BBN, wi\u0119c je podpisa\u0142em. (&#8230;) Podpisa\u0142em je dla Polski. Je\u017celi nie ma zastrze\u017ce\u0144 BBN, to dlaczego nie mia\u0142bym ich podpisa\u0107? \u2014 zaznaczy\u0142.<\/p>\n<p>     Karol Nawrocki o wecie w sprawie po\u017cyczki SAFE. &#8222;By\u0142a g\u0142\u0119boka dyskusja&#8221;Karol Nawrocki by\u0142 pytany tak\u017ce o <a href=\"https:\/\/wiadomosci.onet.pl\/kraj\/unijny-program-safe-karol-nawrocki-podjal-decyzje\/dqwtl7h\" id=\"f84a805c-7c98-438d-93d0-809bdd0a3d2c\" rel=\"nofollow noopener\" target=\"_blank\">oskar\u017cenia ze strony rz\u0105du po wecie sprawie unijnej po\u017cyczki SAFE<\/a>. &#8211; Analiza by\u0142a bardzo dog\u0142\u0119bna. Dostan\u0119\u0142em g\u0142\u0119bok\u0105 analiz\u0119 BBN. (&#8230;) Podeszli\u015bmy do tej analizy w spos\u00f3b bardzo konstruktywny. By\u0142 sta\u0142y kontakt z pani\u0105 minister odpowiedzialn\u0105 za ten temat ze strony rz\u0105du. (&#8230;) By\u0142a g\u0142\u0119boka dyskusja, jak wyj\u015b\u0107 z tego pata, zachowa\u0107 suwerennno\u015b\u0107 decyzyjn\u0105, mam bardzo z\u0142e do\u015bwiadczenia w sprawie KPO. Zaniepokoi\u0142y mnie te\u017c mo\u017cliwo\u015bci korupcji wok\u00f3\u0142 tego projektu &#8211; stwierdzi\u0142.<\/p>\n<p>&#8211; Na moj\u0105 pro\u015bb\u0119 podczas jednego ze spotka\u0144 wpisano, \u017ce CBA b\u0119dzie przygl\u0105da\u0142o si\u0119 SAFE. Potem Sejm jednak przyj\u0105\u0142 ustaw\u0119 o likwidacji CBA. (&#8230;) By\u0142o wiele w\u0105tpliwo\u015bci wok\u00f3\u0142 tej sprawy, ale te\u017c g\u0142\u0119boka praca moich urz\u0105dnik\u00f3w &#8211; zaznaczy\u0142.<\/p>\n<p>Karol Nawrocki stwierdzi\u0142, \u017ce politycznie &#8222;ta sprawa by\u0142a nie do wygrania w przestrzeni publicznej&#8221;. &#8211; Nie by\u0142em przekonany jednak, \u017ce to rozwi\u0105zanie b\u0119dzie najlepsze, tym bardziej, \u017ce uda\u0142o si\u0119 znale\u017a\u0107 rozwi\u0105zanie poparte przez koalicjanta, pana wicepremiera W\u0142adys\u0142awa Kosiniaka-Kamysza &#8211; zaznaczy\u0142.<\/p>\n<p>&#8211; Moje przekonanie o tym, \u017ce tej ustawy nie mo\u017cna podpisa\u0107 by\u0142o zdecydowane. Uwa\u017cam, \u017ce podj\u0105\u0142em najlepsz\u0105 decyzj\u0119 dla Polski. (&#8230;) Znalaz\u0142em te \u015brodki gdzie\u015b indziej i mam nadziej\u0119, \u017ce zostanie to zrealizowane &#8211; powiedzia\u0142.<\/p>\n<p>Wi\u0119cej informacji wkr\u00f3tce.<\/p>\n","protected":false},"excerpt":{"rendered":"Karol Nawrocki stwierdzi\u0142 w pi\u0105tek w wywiadzie dla Kana\u0142u Zero, \u017ce &#8222;by\u0142o ju\u017c wielu, kt\u00f3rzy wieszczyli koniec PiS&#8221;.&hellip;\n","protected":false},"author":2,"featured_media":372882,"comment_status":"","ping_status":"","sticky":false,"template":"","format":"standard","meta":{"footnotes":"","_share_on_mastodon":"0"},"categories":[62713],"tags":[29201,61195,1345,212,4487,43,49,15327,48,56812,46,1524,47,2669,8206],"class_list":["post-372881","post","type-post","status-publish","format-standard","has-post-thumbnail","category-donald-tusk","tag-ambasada_rp","tag-bottomfeed_styl","tag-donald-tusk","tag-donald_tusk","tag-kanal_zero","tag-karol_nawrocki","tag-kraj","tag-kryptowaluta","tag-nat_styl","tag-newbb_tst0","tag-omp","tag-przemyslaw_czarnek","tag-screening_general","tag-viktor_orban","tag-weto"],"share_on_mastodon":{"url":"https:\/\/pubeurope.com\/@pl\/116421749844194991","error":""},"_links":{"self":[{"href":"https:\/\/www.europesays.com\/pl\/wp-json\/wp\/v2\/posts\/372881","targetHints":{"allow":["GET"]}}],"collection":[{"href":"https:\/\/www.europesays.com\/pl\/wp-json\/wp\/v2\/posts"}],"about":[{"href":"https:\/\/www.europesays.com\/pl\/wp-json\/wp\/v2\/types\/post"}],"author":[{"embeddable":true,"href":"https:\/\/www.europesays.com\/pl\/wp-json\/wp\/v2\/users\/2"}],"replies":[{"embeddable":true,"href":"https:\/\/www.europesays.com\/pl\/wp-json\/wp\/v2\/comments?post=372881"}],"version-history":[{"count":0,"href":"https:\/\/www.europesays.com\/pl\/wp-json\/wp\/v2\/posts\/372881\/revisions"}],"wp:featuredmedia":[{"embeddable":true,"href":"https:\/\/www.europesays.com\/pl\/wp-json\/wp\/v2\/media\/372882"}],"wp:attachment":[{"href":"https:\/\/www.europesays.com\/pl\/wp-json\/wp\/v2\/media?parent=372881"}],"wp:term":[{"taxonomy":"category","embeddable":true,"href":"https:\/\/www.europesays.com\/pl\/wp-json\/wp\/v2\/categories?post=372881"},{"taxonomy":"post_tag","embeddable":true,"href":"https:\/\/www.europesays.com\/pl\/wp-json\/wp\/v2\/tags?post=372881"}],"curies":[{"name":"wp","href":"https:\/\/api.w.org\/{rel}","templated":true}]}}