{"id":372883,"date":"2026-04-17T19:41:06","date_gmt":"2026-04-17T19:41:06","guid":{"rendered":"https:\/\/www.europesays.com\/pl\/372883\/"},"modified":"2026-04-17T19:41:06","modified_gmt":"2026-04-17T19:41:06","slug":"karol-nawrocki-zapytany-o-spiecie-z-dziennikarzem-tvn24-krotka-odpowiedz","status":"publish","type":"post","link":"https:\/\/www.europesays.com\/pl\/372883\/","title":{"rendered":"Karol Nawrocki zapytany o spi\u0119cie z dziennikarzem TVN24. Kr\u00f3tka odpowied\u017a"},"content":{"rendered":"<p>Pod koniec marca podczas wizyty w Budapeszcie <a href=\"https:\/\/wiadomosci.onet.pl\/kraj\/karol-nawrocki-starl-sie-z-dziennikarzem-tvn24-pan-sie-ogarnie-i-slucha\/bwnshej\" id=\"5cc3fe4f-c357-4d7b-9699-2b4f1e402d52\" rel=\"nofollow noopener\" target=\"_blank\">Karol Nawrocki star\u0142 si\u0119 podczas konferencji prasowej z dziennikarzem TVN24 Mateuszem P\u00f3\u0142ch\u0142opkiem<\/a>. S\u0142ysz\u0105c pytanie, czy w zwi\u0105zku ze spotkaniem z Viktorem Orbanem nie przeszkadza mu &#8222;za\u017cy\u0142o\u015b\u0107&#8221; tego ostatniego z W\u0142adimirem Putinem, prezydent ruszy\u0142 w stron\u0119 dziennikarza. \u2014 Pan nie s\u0142ucha\u0142 konferencji prasowej? Robili\u015bcie materia\u0142y o tym, \u017ce mnie \u015bciga Putin? Pan redaktor si\u0119 ogarnie i s\u0142ucha, co m\u00f3wi prezydent Polski \u2014 m\u00f3wi\u0142 podirytowany. Dalszy ci\u0105g artyku\u0142u pod materia\u0142em wideo <\/p>\n<p>O g\u0142o\u015bn\u0105 sytuacj\u0119 Karol Nawrocki by\u0142 pytany w pi\u0105tek w Kanale Zero. \u2014 Nie \u017ca\u0142uj\u0119 (&#8230;) Wielu dziennikarzy mia\u0142o okazj\u0119 mnie pozna\u0107 i zawsze traktuj\u0119 dziennikarzy z kultur\u0105 \u2014 przekonywa\u0142 prezydent.<\/p>\n<p>\u2014 Natomiast je\u015bli cz\u0142owiek przekracza pewne granice takiego logicznego zachowania, dziennikarskiej etyki, je\u015bli szykuje rodzaj prowokacji, w kt\u00f3rej po pytaniu z Orbanem mam po prostu odej\u015b\u0107 i to ma by\u0107 ten obrazek, kt\u00f3ry ma by\u0107 w mediach, \u017ce ja nie chc\u0119 na to odpowiada\u0107, mimo \u017ce o tym opowiada\u0142em, to my\u015bl\u0119, \u017ce reakcja by\u0142a prawid\u0142owa \u2014 kontynuowa\u0142.<\/p>\n<p>     Po reakcji prezydenta stacja TVN24 wyda\u0142a o\u015bwiadczenie.<\/p>\n<p>Kr\u00f3tko po tym, jak o starciu Karola Nawrockiego z dziennikarzem zrobi\u0142o si\u0119 g\u0142o\u015bno w mediach, stacja TVN24 wyda\u0142a o\u015bwiadczenie, w kt\u00f3rym odnios\u0142a si\u0119 do ca\u0142ej sytuacji.<\/p>\n<p>&#8222;Rol\u0105 dziennikarzy jest zadawanie pyta\u0144, szczeg\u00f3lnie w sytuacji, kiedy zachowanie polityka budzi w\u0105tpliwo\u015bci. Przypominamy pytanie naszego reportera: Panie prezydencie, czy Panu ju\u017c nie przeszkadza za\u017cy\u0142o\u015b\u0107 Wiktora Orbana z W\u0142adimirem Putinem? Obra\u017canie i atak na dziennikarza nie spowoduje, \u017ce przestaniemy zadawa\u0107 to pytanie&#8221; \u2014 <a href=\"https:\/\/wiadomosci.onet.pl\/kraj\/karol-nawrocki-wywolal-oburzenie-czlowiek-prezydenta-mowi-o-prowokacji\/mwcj9dj\" id=\"ebf1f6c8-0f48-4681-a298-e1a941ca89f9\" rel=\"nofollow noopener\" target=\"_blank\">napisano w komunikacie.<\/a>      <\/p>\n","protected":false},"excerpt":{"rendered":"Pod koniec marca podczas wizyty w Budapeszcie Karol Nawrocki star\u0142 si\u0119 podczas konferencji prasowej z dziennikarzem TVN24 Mateuszem&hellip;\n","protected":false},"author":2,"featured_media":372884,"comment_status":"","ping_status":"","sticky":false,"template":"","format":"standard","meta":{"footnotes":"","_share_on_mastodon":"0"},"categories":[62712],"tags":[61195,994,4487,690,43,49,48,56812,46,47,318,2669,2670],"class_list":["post-372883","post","type-post","status-publish","format-standard","has-post-thumbnail","category-karol-nawrocki","tag-bottomfeed_styl","tag-dziennikarze","tag-kanal_zero","tag-karol-nawrocki","tag-karol_nawrocki","tag-kraj","tag-nat_styl","tag-newbb_tst0","tag-omp","tag-screening_general","tag-tvn","tag-viktor_orban","tag-wegry"],"share_on_mastodon":{"url":"https:\/\/pubeurope.com\/@pl\/116421753720338744","error":""},"_links":{"self":[{"href":"https:\/\/www.europesays.com\/pl\/wp-json\/wp\/v2\/posts\/372883","targetHints":{"allow":["GET"]}}],"collection":[{"href":"https:\/\/www.europesays.com\/pl\/wp-json\/wp\/v2\/posts"}],"about":[{"href":"https:\/\/www.europesays.com\/pl\/wp-json\/wp\/v2\/types\/post"}],"author":[{"embeddable":true,"href":"https:\/\/www.europesays.com\/pl\/wp-json\/wp\/v2\/users\/2"}],"replies":[{"embeddable":true,"href":"https:\/\/www.europesays.com\/pl\/wp-json\/wp\/v2\/comments?post=372883"}],"version-history":[{"count":0,"href":"https:\/\/www.europesays.com\/pl\/wp-json\/wp\/v2\/posts\/372883\/revisions"}],"wp:featuredmedia":[{"embeddable":true,"href":"https:\/\/www.europesays.com\/pl\/wp-json\/wp\/v2\/media\/372884"}],"wp:attachment":[{"href":"https:\/\/www.europesays.com\/pl\/wp-json\/wp\/v2\/media?parent=372883"}],"wp:term":[{"taxonomy":"category","embeddable":true,"href":"https:\/\/www.europesays.com\/pl\/wp-json\/wp\/v2\/categories?post=372883"},{"taxonomy":"post_tag","embeddable":true,"href":"https:\/\/www.europesays.com\/pl\/wp-json\/wp\/v2\/tags?post=372883"}],"curies":[{"name":"wp","href":"https:\/\/api.w.org\/{rel}","templated":true}]}}