{"id":372994,"date":"2026-04-17T20:54:12","date_gmt":"2026-04-17T20:54:12","guid":{"rendered":"https:\/\/www.europesays.com\/pl\/372994\/"},"modified":"2026-04-17T20:54:12","modified_gmt":"2026-04-17T20:54:12","slug":"polonia-warszawa-apeluje-do-wladz-chodzi-o-duza-inwestycje","status":"publish","type":"post","link":"https:\/\/www.europesays.com\/pl\/372994\/","title":{"rendered":"Polonia Warszawa apeluje do w\u0142adz. Chodzi o du\u017c\u0105 inwestycj\u0119"},"content":{"rendered":"<p class=\"Paragraph_desktopParagraph__U31Gm\">Polonia Warszawa zwr\u00f3ci\u0142a si\u0119 do w\u0142adz centralnych i samorz\u0105dowych o wsparcie w znalezieniu terenu pod budow\u0119 nowoczesnego o\u015brodka treningowego. Inwestycja mia\u0142aby powsta\u0107 w Warszawie lub w gminach o\u015bciennych. Celem projektu jest stworzenie profesjonalnej bazy dla pierwszej dru\u017cyny oraz Akademii Pi\u0142karskiej Polonii Warszawa, uznawanej za jedn\u0105 z najlepszych w Polsce.<\/p>\n<p>Polonia Training Center \u2014 za\u0142o\u017cenia inwestycji <\/p>\n<p class=\"Paragraph_desktopParagraph__U31Gm\">Planowany o\u015brodek mia\u0142by by\u0107 dost\u0119pny tak\u017ce dla dzieci i m\u0142odzie\u017cy z okolicy, staj\u0105c si\u0119 lokalnym centrum sportu i aktywno\u015bci fizycznej. Klub poszukuje terenu o powierzchni od 5 do 15 hektar\u00f3w, najlepiej przeznaczonego w planie miejscowym pod us\u0142ugi sportu i rekreacji. Wa\u017cne jest tak\u017ce uzbrojenie dzia\u0142ki lub mo\u017cliwo\u015b\u0107 szybkiego wykonania przy\u0142\u0105czy.<\/p>\n<p class=\"Paragraph_desktopParagraph__U31Gm\">\u2014 Optymalnym rozwi\u0105zaniem by\u0142by teren w granicach Warszawy, co u\u0142atwi\u0142oby logistyk\u0119 dla zawodnik\u00f3w \u2014 podkre\u015blaj\u0105 przedstawiciele klubu. Szacunkowy koszt inwestycji to oko\u0142o 50 mln z\u0142. Klub deklaruje, \u017ce projekt zostanie sfinansowany ze \u015brodk\u00f3w w\u0142asnych, bez udzia\u0142u funduszy samorz\u0105dowych.<\/p>\n<p>Deficyt boisk i potrzeby m\u0142odzie\u017cy <\/p>\n<p class=\"Paragraph_desktopParagraph__U31Gm\">Zdaniem Polonii projekt odpowiada na rosn\u0105ce potrzeby sportowe m\u0142odego pokolenia. W Warszawie wci\u0105\u017c brakuje infrastruktury pi\u0142karskiej. Nowy o\u015brodek m\u00f3g\u0142by cz\u0119\u015bciowo rozwi\u0105za\u0107 ten problem, zapewniaj\u0105c dost\u0119p do boisk i zaplecza treningowego.<\/p>\n<p>Dlaczego inwestycja jest pilna? <\/p>\n<p class=\"Paragraph_desktopParagraph__U31Gm\">Polonia Warszawa od lat funkcjonuje bez w\u0142asnego centrum treningowego. Akademia klubu dysponuje tylko jednym niepe\u0142nowymiarowym boiskiem ze sztuczn\u0105 nawierzchni\u0105.<\/p>\n<p class=\"Paragraph_desktopParagraph__U31Gm\">Pierwsza dru\u017cyna trenuje na wynajmowanych obiektach w r\u00f3\u017cnych cz\u0119\u015bciach miasta, co utrudnia organizacj\u0119 pracy. Dodatkowym problemem jest planowana likwidacja jednego z boisk na terenie OSiR \u017boliborz.<\/p>\n<p class=\"Paragraph_desktopParagraph__U31Gm\">\u2014 Taka sytuacja hamuje rozw\u00f3j sportowy i nie odpowiada ambicjom klubu, kt\u00f3ry od 2020 roku systematycznie awansuje w ligowej rywalizacji \u2014 podkre\u015blaj\u0105 przedstawiciele Polonii. Czy apel klubu spotka si\u0119 z reakcj\u0105 w\u0142adz i uda si\u0119 znale\u017a\u0107 odpowiedni teren? Na odpowied\u017a trzeba jeszcze poczeka\u0107.<\/p>\n<p><img decoding=\"async\" class=\"Image_image__0tuHp Image_autoHeight__f2n87 \" height=\"474\" width=\"930\" src=\"https:\/\/www.europesays.com\/pl\/wp-content\/uploads\/2026\/04\/NmMk9kuTURBXy8wMmY1YjUyMC1jMTA5LTRjOWMtODA4MC02YTY1MjFlM2QxYWIuanBlZ5KVAs0DrADCw5UCAM0CS8LD3gADoTABo.jpeg\" alt=\"\u017ar\u00f3d\u0142o: Polonia Warszawa\" loading=\"lazy\" \/>Tu Stolica<\/p>\n<p>\u017ar\u00f3d\u0142o: Polonia Warszawa<\/p>\n<p><img decoding=\"async\" class=\"Image_image__0tuHp Image_autoHeight__f2n87 \" height=\"563\" width=\"930\" src=\"https:\/\/www.europesays.com\/pl\/wp-content\/uploads\/2026\/04\/w5Zk9kuTURBXy9jYTYxYzBiYS02ZTk2LTQ5YjUtOGVkYy00NmQ2YWZkMjg4MmUuanBlZ5KVAs0DrADCw5UCAM0CS8LD3gADoTABo.jpeg\" alt=\"\u017ar\u00f3d\u0142o: Polonia Warszawa\" loading=\"lazy\" \/>Tu Stolica<\/p>\n<p>\u017ar\u00f3d\u0142o: Polonia Warszawa<\/p>\n","protected":false},"excerpt":{"rendered":"Polonia Warszawa zwr\u00f3ci\u0142a si\u0119 do w\u0142adz centralnych i samorz\u0105dowych o wsparcie w znalezieniu terenu pod budow\u0119 nowoczesnego o\u015brodka&hellip;\n","protected":false},"author":2,"featured_media":372995,"comment_status":"","ping_status":"","sticky":false,"template":"","format":"standard","meta":{"footnotes":"","_share_on_mastodon":"0"},"categories":[51605],"tags":[1816,53,52,68,51,55,42,38,40,39,41,47,127,8908,50,435],"class_list":["post-372994","post","type-post","status-publish","format-standard","has-post-thumbnail","category-warszawa","tag-mm","tag-new_header","tag-onet3","tag-onet3d","tag-onet3d_2i","tag-phx","tag-pl","tag-poland","tag-polish","tag-polska","tag-polski","tag-screening_general","tag-sport","tag-tu_stolica","tag-v2021","tag-warszawa"],"share_on_mastodon":{"url":"https:\/\/pubeurope.com\/@pl\/116422040881172362","error":""},"_links":{"self":[{"href":"https:\/\/www.europesays.com\/pl\/wp-json\/wp\/v2\/posts\/372994","targetHints":{"allow":["GET"]}}],"collection":[{"href":"https:\/\/www.europesays.com\/pl\/wp-json\/wp\/v2\/posts"}],"about":[{"href":"https:\/\/www.europesays.com\/pl\/wp-json\/wp\/v2\/types\/post"}],"author":[{"embeddable":true,"href":"https:\/\/www.europesays.com\/pl\/wp-json\/wp\/v2\/users\/2"}],"replies":[{"embeddable":true,"href":"https:\/\/www.europesays.com\/pl\/wp-json\/wp\/v2\/comments?post=372994"}],"version-history":[{"count":0,"href":"https:\/\/www.europesays.com\/pl\/wp-json\/wp\/v2\/posts\/372994\/revisions"}],"wp:featuredmedia":[{"embeddable":true,"href":"https:\/\/www.europesays.com\/pl\/wp-json\/wp\/v2\/media\/372995"}],"wp:attachment":[{"href":"https:\/\/www.europesays.com\/pl\/wp-json\/wp\/v2\/media?parent=372994"}],"wp:term":[{"taxonomy":"category","embeddable":true,"href":"https:\/\/www.europesays.com\/pl\/wp-json\/wp\/v2\/categories?post=372994"},{"taxonomy":"post_tag","embeddable":true,"href":"https:\/\/www.europesays.com\/pl\/wp-json\/wp\/v2\/tags?post=372994"}],"curies":[{"name":"wp","href":"https:\/\/api.w.org\/{rel}","templated":true}]}}