{"id":373269,"date":"2026-04-17T23:48:10","date_gmt":"2026-04-17T23:48:10","guid":{"rendered":"https:\/\/www.europesays.com\/pl\/373269\/"},"modified":"2026-04-17T23:48:10","modified_gmt":"2026-04-17T23:48:10","slug":"karol-nawrocki-o-spieciu-z-dziennikarzem-tvn24-i-wyjazd-na-wegry-krotka-odpowiedz-2","status":"publish","type":"post","link":"https:\/\/www.europesays.com\/pl\/373269\/","title":{"rendered":"Karol Nawrocki o spi\u0119ciu z dziennikarzem TVN24 i wyjazd na W\u0119gry. Kr\u00f3tka odpowied\u017a"},"content":{"rendered":"<p>Pod koniec marca podczas wizyty w Budapeszcie <a href=\"https:\/\/wiadomosci.onet.pl\/kraj\/karol-nawrocki-starl-sie-z-dziennikarzem-tvn24-pan-sie-ogarnie-i-slucha\/bwnshej\" id=\"bb6e8fa2-8695-4a3d-939b-b2474605ca8c\" rel=\"nofollow noopener\" target=\"_blank\">Karol Nawrocki star\u0142 si\u0119 podczas konferencji prasowej z dziennikarzem TVN24 Mateuszem P\u00f3\u0142ch\u0142opkiem<\/a>. S\u0142ysz\u0105c pytanie, czy w zwi\u0105zku ze spotkaniem z Viktorem Orbanem nie przeszkadza mu &#8222;za\u017cy\u0142o\u015b\u0107&#8221; tego ostatniego z W\u0142adimirem Putinem, prezydent ruszy\u0142 w stron\u0119 dziennikarza. \u2014 Pan nie s\u0142ucha\u0142 konferencji prasowej? Robili\u015bcie materia\u0142y o tym, \u017ce mnie \u015bciga Putin? Pan redaktor si\u0119 ogarnie i s\u0142ucha, co m\u00f3wi prezydent Polski \u2014 m\u00f3wi\u0142 podirytowany. Dalszy ci\u0105g artyku\u0142u pod materia\u0142em wideo <\/p>\n<p>O g\u0142o\u015bn\u0105 sytuacj\u0119 Karol Nawrocki by\u0142 pytany w pi\u0105tek w Kanale Zero. \u2014 Nie \u017ca\u0142uj\u0119 (&#8230;) Wielu dziennikarzy mia\u0142o okazj\u0119 mnie pozna\u0107 i zawsze traktuj\u0119 dziennikarzy z kultur\u0105 \u2014 przekonywa\u0142 prezydent.<\/p>\n<p>\u2014 Natomiast je\u015bli cz\u0142owiek przekracza pewne granice takiego logicznego zachowania, dziennikarskiej etyki, je\u015bli szykuje rodzaj prowokacji, w kt\u00f3rej po pytaniu z Orbanem mam po prostu odej\u015b\u0107 i to ma by\u0107 ten obrazek, kt\u00f3ry ma by\u0107 w mediach, \u017ce ja nie chc\u0119 na to odpowiada\u0107, mimo \u017ce o tym opowiada\u0142em, to my\u015bl\u0119, \u017ce reakcja by\u0142a prawid\u0142owa \u2014 kontynuowa\u0142.<\/p>\n<p>     Prezydent powiedzia\u0142 te\u017c, \u017ce nie uznaje <a href=\"https:\/\/wiadomosci.onet.pl\/tylko-w-onecie\/karol-nawrocki-spotkal-sie-z-viktorem-orbanem-weglarczyk-to-budzi-niepokoj\/ebn6y2z\" id=\"8ed22bae-4310-46cd-a9de-134dc1b4bb2f\" rel=\"nofollow noopener\" target=\"_blank\">marcowego spotkania z premierem W\u0119gier Viktorem Orbanem<\/a> za sw\u00f3j b\u0142\u0105d. Wed\u0142ug niego nieeleganckie by\u0142oby, gdyby w Dniu Przyja\u017ani Polsko-W\u0119gierskiej nie spotka\u0142 si\u0119 Orbanem, tylko dlatego, \u017ce na W\u0119grzech trwa\u0142a kampania wyborcza.<\/p>\n<p>\u2014 Te implikacje, \u017ce ja wspar\u0142em w jaki\u015b wyra\u017any spos\u00f3b Orbana, dla mnie s\u0105 dalekie od logiki, szczeg\u00f3lnie je\u015bli padaj\u0105 ze \u015brodowisk, w kt\u00f3rym premier Donald Tusk spotyka\u0142 si\u0119 nie z przyjacielem Putina, tylko wielokrotnie z Putinem \u2014 stwierdzi\u0142.<\/p>\n<p>Nawrocki zapewni\u0142, \u017ce podczas spotkania z Orbanem upomnia\u0142 si\u0119 o rzeczy, kt\u00f3re &#8222;s\u0105 dla Polski wa\u017cne&#8221;. Wymieni\u0142 w tym kontek\u015bcie m.in. \u015brodki finansowe, kt\u00f3re &#8222;nie trafi\u0142y do Polski przez blokady Orbana&#8221;. \u2014 Pierwszy raz mia\u0142em okazj\u0119 powiedzie\u0107 Orbanowi, co s\u0105dz\u0119 o Putinie i o tym, \u017ce W\u0119gry \u015bci\u0105gaj\u0105 surowce z Federacji Rosyjskiej \u2014 doda\u0142.<\/p>\n<p>Po reakcji prezydenta stacja TVN24 wyda\u0142a o\u015bwiadczenie.<\/p>\n<p>Kr\u00f3tko po tym, jak o starciu Karola Nawrockiego z dziennikarzem zrobi\u0142o si\u0119 g\u0142o\u015bno w mediach, stacja TVN24 wyda\u0142a o\u015bwiadczenie, w kt\u00f3rym odnios\u0142a si\u0119 do ca\u0142ej sytuacji.<\/p>\n<p>&#8222;Rol\u0105 dziennikarzy jest zadawanie pyta\u0144, szczeg\u00f3lnie w sytuacji, kiedy zachowanie polityka budzi w\u0105tpliwo\u015bci. Przypominamy pytanie naszego reportera: Panie prezydencie, czy Panu ju\u017c nie przeszkadza za\u017cy\u0142o\u015b\u0107 Wiktora Orbana z W\u0142adimirem Putinem? Obra\u017canie i atak na dziennikarza nie spowoduje, \u017ce przestaniemy zadawa\u0107 to pytanie&#8221; \u2014 <a href=\"https:\/\/wiadomosci.onet.pl\/kraj\/karol-nawrocki-wywolal-oburzenie-czlowiek-prezydenta-mowi-o-prowokacji\/mwcj9dj\" id=\"e3d72c81-059f-4dcd-b4a9-ef9ccf3e2f85\" rel=\"nofollow noopener\" target=\"_blank\">napisano w komunikacie.<\/a>      <\/p>\n","protected":false},"excerpt":{"rendered":"Pod koniec marca podczas wizyty w Budapeszcie Karol Nawrocki star\u0142 si\u0119 podczas konferencji prasowej z dziennikarzem TVN24 Mateuszem&hellip;\n","protected":false},"author":2,"featured_media":372884,"comment_status":"","ping_status":"","sticky":false,"template":"","format":"standard","meta":{"footnotes":"","_share_on_mastodon":"0"},"categories":[5],"tags":[61195,32,33,994,36,37,27,4487,43,49,34,35,28,31,48,56812,25,46,42,38,40,39,41,47,29,30,318,2669,2670,26],"class_list":["post-373269","post","type-post","status-publish","format-standard","has-post-thumbnail","category-naglowki","tag-bottomfeed_styl","tag-breaking-news","tag-breakingnews","tag-dziennikarze","tag-featured-news","tag-featurednews","tag-headlines","tag-kanal_zero","tag-karol_nawrocki","tag-kraj","tag-latest-news","tag-latestnews","tag-naglowki","tag-najwazniejsze-artykuly","tag-nat_styl","tag-newbb_tst0","tag-news","tag-omp","tag-pl","tag-poland","tag-polish","tag-polska","tag-polski","tag-screening_general","tag-top-stories","tag-topstories","tag-tvn","tag-viktor_orban","tag-wegry","tag-wiadomosci"],"share_on_mastodon":{"url":"https:\/\/pubeurope.com\/@pl\/116422725395056113","error":""},"_links":{"self":[{"href":"https:\/\/www.europesays.com\/pl\/wp-json\/wp\/v2\/posts\/373269","targetHints":{"allow":["GET"]}}],"collection":[{"href":"https:\/\/www.europesays.com\/pl\/wp-json\/wp\/v2\/posts"}],"about":[{"href":"https:\/\/www.europesays.com\/pl\/wp-json\/wp\/v2\/types\/post"}],"author":[{"embeddable":true,"href":"https:\/\/www.europesays.com\/pl\/wp-json\/wp\/v2\/users\/2"}],"replies":[{"embeddable":true,"href":"https:\/\/www.europesays.com\/pl\/wp-json\/wp\/v2\/comments?post=373269"}],"version-history":[{"count":0,"href":"https:\/\/www.europesays.com\/pl\/wp-json\/wp\/v2\/posts\/373269\/revisions"}],"wp:featuredmedia":[{"embeddable":true,"href":"https:\/\/www.europesays.com\/pl\/wp-json\/wp\/v2\/media\/372884"}],"wp:attachment":[{"href":"https:\/\/www.europesays.com\/pl\/wp-json\/wp\/v2\/media?parent=373269"}],"wp:term":[{"taxonomy":"category","embeddable":true,"href":"https:\/\/www.europesays.com\/pl\/wp-json\/wp\/v2\/categories?post=373269"},{"taxonomy":"post_tag","embeddable":true,"href":"https:\/\/www.europesays.com\/pl\/wp-json\/wp\/v2\/tags?post=373269"}],"curies":[{"name":"wp","href":"https:\/\/api.w.org\/{rel}","templated":true}]}}