{"id":373574,"date":"2026-04-18T03:36:08","date_gmt":"2026-04-18T03:36:08","guid":{"rendered":"https:\/\/www.europesays.com\/pl\/373574\/"},"modified":"2026-04-18T03:36:08","modified_gmt":"2026-04-18T03:36:08","slug":"arcydzielo-cudowna-bramka-piotra-zielinskiego","status":"publish","type":"post","link":"https:\/\/www.europesays.com\/pl\/373574\/","title":{"rendered":"Arcydzie\u0142o. Cudowna bramka Piotra Zieli\u0144skiego"},"content":{"rendered":"\n<p class=\"contentpart contentpart--default contentpart--text\" data-position=\"0\">Inter wygra\u0142 bardzo pewnie z du\u017co ni\u017cej notowanym Cagliari. Piotr Zieli\u0144ski zacz\u0105\u0142 mecz na \u0142awce rezerwowych, ale w ko\u0144cu pojawi\u0142 si\u0119 na boisku.<\/p>\n<p class=\"contentpart contentpart--default contentpart--text\" data-position=\"1\">Na kwadrans przed ko\u0144cem zmieni\u0142 Henricha Mchitarjana.<\/p>\n<p>  <img decoding=\"async\" src=\"https:\/\/v.wpimg.pl\/X3dwLnN2d1IFFTpdYUl6R0ZNbgcnEHQREVV2TGEGbUtRT2MdOlZ2RBQUKABgQjQcDRotCStBd1IAAWMeIlM7VgwYIAorQAdEFFk_GCkQJQ\" alt=\"\" width=\"45\" height=\"58\" loading=\"lazy\"\/>  <\/p>\n<p class=\"contentpart contentpart--default contentpart--text\" data-position=\"2\">I c\u00f3\u017c, nie potrzebowa\u0142 du\u017co czasu, by da\u0107 konkret. W trzeciej minucie doliczonego czasu gry reprezentant Polski ustali\u0142 wynik na 3:0. Zrobi\u0142 to w bajecznym stylu, bo zdoby\u0142 bramk\u0119, kt\u00f3ra mo\u017ce \u015bmia\u0142o kandydowa\u0107 do naj\u0142adniejszego trafienia 33. kolejki Serie A.<\/p>\n<p class=\"contentpart contentpart--default contentpart--text\" data-position=\"3\">Denzel Dumfries zagra\u0142 mu troch\u0119 niewdzi\u0119czne podanie, pi\u0142ka skoz\u0142owa\u0142a, ale Zieli\u0144ski nic sobie z tego nie robi\u0142. Trafi\u0142 idealnie i pos\u0142a\u0142 futbol\u00f3wk\u0119 niemal w samo okienko bramki strze\u017conej przez\u00a0Eli\u0119 Caprile.<\/p>\n<p class=\"contentpart contentpart--default contentpart--text\" data-position=\"4\">&#8211; Maestro z Z\u0105bkowich \u015al\u0105skich &#8211; wykrzycza\u0142 komentator Eleven Sports.<\/p>\n<p class=\"contentpart contentpart--default contentpart--text\" data-position=\"5\">To si\u00f3dmy gol Zieli\u0144skiego w sezonie 2025\/26.<\/p>\n<p class=\"contentpart contentpart--default contentpart--text\" data-position=\"6\">Zobacz bramk\u0119 Zieli\u0144skiego:<\/p>\n<p class=\"contentpart contentpart--default contentpart--text\" data-position=\"8\">ZOBACZ WIDEO: Po\u017cegnanie Jacka Magiery. T\u0142umy zjawi\u0142y si\u0119 na pogrzebie<\/p>\n","protected":false},"excerpt":{"rendered":"Inter wygra\u0142 bardzo pewnie z du\u017co ni\u017cej notowanym Cagliari. Piotr Zieli\u0144ski zacz\u0105\u0142 mecz na \u0142awce rezerwowych, ale w&hellip;\n","protected":false},"author":2,"featured_media":373575,"comment_status":"","ping_status":"","sticky":false,"template":"","format":"standard","meta":{"footnotes":"","_share_on_mastodon":"0"},"categories":[24],"tags":[6585,2646,269,2821,278,6587,42,38,40,39,41,3539,127,126,7609,898],"class_list":["post-373574","post","type-post","status-publish","format-standard","has-post-thumbnail","category-sport","tag-inter-mediolan","tag-mediolan","tag-pilka-nozna","tag-pilka-nozna-we-wloszech","tag-pilka-w-europie","tag-piotr-zielinski","tag-pl","tag-poland","tag-polish","tag-polska","tag-polski","tag-serie-a","tag-sport","tag-sports","tag-stadio-giuseppe-meazza-san-siro-w-mediolanie","tag-wlochy"],"share_on_mastodon":{"url":"https:\/\/pubeurope.com\/@pl\/116423621709575591","error":""},"_links":{"self":[{"href":"https:\/\/www.europesays.com\/pl\/wp-json\/wp\/v2\/posts\/373574","targetHints":{"allow":["GET"]}}],"collection":[{"href":"https:\/\/www.europesays.com\/pl\/wp-json\/wp\/v2\/posts"}],"about":[{"href":"https:\/\/www.europesays.com\/pl\/wp-json\/wp\/v2\/types\/post"}],"author":[{"embeddable":true,"href":"https:\/\/www.europesays.com\/pl\/wp-json\/wp\/v2\/users\/2"}],"replies":[{"embeddable":true,"href":"https:\/\/www.europesays.com\/pl\/wp-json\/wp\/v2\/comments?post=373574"}],"version-history":[{"count":0,"href":"https:\/\/www.europesays.com\/pl\/wp-json\/wp\/v2\/posts\/373574\/revisions"}],"wp:featuredmedia":[{"embeddable":true,"href":"https:\/\/www.europesays.com\/pl\/wp-json\/wp\/v2\/media\/373575"}],"wp:attachment":[{"href":"https:\/\/www.europesays.com\/pl\/wp-json\/wp\/v2\/media?parent=373574"}],"wp:term":[{"taxonomy":"category","embeddable":true,"href":"https:\/\/www.europesays.com\/pl\/wp-json\/wp\/v2\/categories?post=373574"},{"taxonomy":"post_tag","embeddable":true,"href":"https:\/\/www.europesays.com\/pl\/wp-json\/wp\/v2\/tags?post=373574"}],"curies":[{"name":"wp","href":"https:\/\/api.w.org\/{rel}","templated":true}]}}