{"id":373782,"date":"2026-04-18T06:04:13","date_gmt":"2026-04-18T06:04:13","guid":{"rendered":"https:\/\/www.europesays.com\/pl\/373782\/"},"modified":"2026-04-18T06:04:13","modified_gmt":"2026-04-18T06:04:13","slug":"starcie-palacu-prezydenckiego-i-sluzb-w-srodku-cenckiewicz-proba-nacisku","status":"publish","type":"post","link":"https:\/\/www.europesays.com\/pl\/373782\/","title":{"rendered":"Starcie Pa\u0142acu Prezydenckiego i s\u0142u\u017cb. W \u015brodku Cenckiewicz. &#8222;Pr\u00f3ba nacisku&#8221;"},"content":{"rendered":"<p>Jeszcze we wtorek wieczorem mog\u0142o si\u0119 wydawa\u0107, \u017ce trwaj\u0105cy od miesi\u0119cy impas w stosunkach Kancelarii Prezydenta i s\u0142u\u017cb specjalnych dobiega ko\u0144ca. W \u015brod\u0119 rano prezydencki rzecznik Rafa\u0142 Le\u015bkiewicz poinformowa\u0142 w serwisie X, \u017ce Karol Nawrocki podpisa\u0142 przes\u0142an\u0105 mu jeszcze w listopadzie list\u0119 awans\u00f3w na pierwsze stopnie oficerskie dla 96 funkcjonariuszy Agencji Bezpiecze\u0144stwa Wewn\u0119trznego.<\/p>\n<p> <a href=\"https:\/\/wiadomosci.onet.pl\/kraj\/karol-nawrocki-podpisal-nominacje-siec-zalaly-komentarze-pozniej-silownia\/gc44flm\" id=\"ef105c42-7a18-455d-9320-7f3b45ee7d1c\" rel=\"nofollow noopener\" target=\"_blank\">Le\u015bkiewicz t\u0142umaczy\u0142 p\u00f3\u017aniej na antenie Polsatu, \u017ce prezydent, dotychczas wstrzymuj\u0105cy awanse, zdecydowa\u0142 o nich po poprawkach, kt\u00f3rych dokona\u0107 mia\u0142a w przes\u0142anych g\u0142owie pa\u0144stwa wnioskach Kancelaria Premiera.<\/a>     <\/p>\n<p>\u2014 Poprosili\u015bmy o to, \u017ceby te wnioski zosta\u0142y poprawione zgodnie z procedurami. Te wnioski zosta\u0142y poprawione i wczoraj pan prezydent zdecydowa\u0142 o mianowaniu na pierwszy stopie\u0144 oficerski 96 funkcjonariuszy ABW \u2014 m\u00f3wi\u0142 Le\u015bkiewicz.<\/p>\n<p>T\u0119 narracj\u0119 dementuje jednak nasze \u017ar\u00f3d\u0142o w samej agencji.<\/p>\n<p> <img decoding=\"async\" src=\"https:\/\/www.europesays.com\/pl\/wp-content\/uploads\/2026\/04\/Pjrk9lBaHR0cHM6Ly9vY2RuLmV1L3B1bHNjbXMvTURBXy84ZTBhZGU2YjI5NjM1ODQzNGVlMjBiODRjNDk2NzNkNS5qcGeRlQLNB.jpeg\" height=\"627\" width=\"940\" alt=\"Rzecznik prezydenta Rafa\u0142 Le\u015bkiewicz\" loading=\"lazy\" class=\"ods-c-image__img ods-c-image__img--viewport-width\"\/> <\/p>\n<p>Rzecznik prezydenta Rafa\u0142 Le\u015bkiewiczPiotr Nowak \/ PAP<\/p>\n<p>\u2014 Lista, jaka ju\u017c wiele tygodni temu ponownie zosta\u0142a wys\u0142ana do Pa\u0142acu Prezydenckiego, by\u0142a to\u017csama do tej z listopada. Nie by\u0142o \u017cadnych poprawek ani zmian opr\u00f3cz sformu\u0142owania o tym, \u017ce przesy\u0142amy t\u0119 list\u0119 ponownie po tym, jak za pierwszym razem zosta\u0142a zakwestionowana \u2014 s\u0142yszymy od jednego z oficer\u00f3w agencji zaanga\u017cowanych w sp\u00f3r z prezydentem.<\/p>\n<p>ABW: Cenckiewicz wiedzia\u0142 wcze\u015bniej. Szef BBN: Kategorycznie zaprzeczam!     <\/p>\n<p>Dodatkowo nasze \u017ar\u00f3d\u0142a maj\u0105 w\u0142asn\u0105 wersj\u0119 tego, dlaczego prezydent tak nagle zdecydowa\u0142 si\u0119 zmieni\u0107 zdanie, cho\u0107 wcze\u015bniej wielokrotnie powtarza\u0142, \u017ce awans\u00f3w nie podpisze, bo w\u015br\u00f3d nominowanych do nich znajduj\u0105 si\u0119 osoby rzekomo zaanga\u017cowane w kampani\u0119 przeciwko niemu w czasie prezydenckiej elekcji.<\/p>\n<p><a href=\"https:\/\/www.onet.pl\/informacje\/onetwiadomosci\/cenckiewicz-nadal-bez-dostepu-do-tajemnic-jego-wygrana-moze-nic-nie-znaczyc\/8c66j0e,79cfc278\" id=\"23771265-2e3e-4322-93f0-9b02a83c474d\" rel=\"nofollow noopener\" target=\"_blank\">I \u0142\u0105cz\u0105 ten fakt z wydanym dzie\u0144 p\u00f3\u017aniej orzeczeniem Naczelnego S\u0105du Administracyjnego o oddaleniu skargi kasacyjnej KPRM wobec decyzji s\u0105du ni\u017cszej instancji, kt\u00f3ry uzna\u0142, \u017ce wcze\u015bniejsze cofni\u0119cie S\u0142awomirowi Cenckiewiczowi, szefowi Biura Bezpiecze\u0144stwa Wewn\u0119trznego dost\u0119pu do tajemnic pa\u0144stwowych, zosta\u0142o podj\u0119te wadliwie. <\/a> <img decoding=\"async\" src=\"https:\/\/www.europesays.com\/pl\/wp-content\/uploads\/2026\/04\/E7Ok9lBaHR0cHM6Ly9vY2RuLmV1L3B1bHNjbXMvTURBXy9kOWY3NWU0YTk4N2MwMDQ4YjgwYTQ0ZTUxOTEyNjk5Ny5qcGeSlQMAA.jpeg\" height=\"627\" width=\"940\" alt=\"Szef Biura Bezpiecze\u0144stwa Wewn\u0119trznego S\u0142awomir Cenckiewicz\" loading=\"lazy\" class=\"ods-c-image__img ods-c-image__img--viewport-width\"\/> <\/p>\n<p>Szef Biura Bezpiecze\u0144stwa Wewn\u0119trznego S\u0142awomir CenckiewiczLeszek Szyma\u0144ski \/ PAP<\/p>\n<p>\u2014 Pa\u0142ac Prezydencki ju\u017c 14 kwietnia musia\u0142 wiedzie\u0107 o tym, \u017ce wyrok NSA oddali kasacj\u0119 w sprawie cofni\u0119cia dost\u0119pu do tajemnic dla S\u0142awomira Cenckiewicza \u2014 przekonuje kolejny rozm\u00f3wca Onetu ze \u015bwiata s\u0142u\u017cb specjalnych.<\/p>\n<p>\u2014 Sprawa wstrzymywania awans\u00f3w, jako \u017ce nie by\u0142o ku temu \u017cadnych formalnych podstaw, by\u0142a przez \u015brodowisko Nawrockiego, w kt\u00f3rym centraln\u0105 postaci\u0105 jest szef BBN, wykorzystywana jako pr\u00f3ba nacisku w przyznaniu mu tych uprawnie\u0144. Kiedy wiedzieli ju\u017c, \u017ce wyrok b\u0119dzie dla nich korzystny, uznali, \u017ce nie ma co dalej wstrzymywa\u0107 tej dra\u017cliwej kwestii \u2014 s\u0142yszymy.<\/p>\n<p>T\u0119 narracj\u0119 s\u0142u\u017cb pr\u00f3bowali\u015bmy skonfrontowa\u0107 z samym zainteresowanym.<\/p>\n<p>S\u0142awomir Cenckiewicz nie odebra\u0142 od nas telefonu, w odpowiedzi na pro\u015bb\u0119 o ustosunkowanie si\u0119 do stanowiska ABW, przes\u0142an\u0105 w wiadomo\u015bci SMS, zdecydowanie mu zaprzeczy\u0142.<\/p>\n<p> <img decoding=\"async\" src=\"https:\/\/www.europesays.com\/pl\/wp-content\/uploads\/2026\/04\/udmk9lBaHR0cHM6Ly9vY2RuLmV1L3B1bHNjbXMvTURBXy9kMGQ3OTI5NzY5NGM2NTliMDdmNDUxNTU4ZjNkYjc3ZS5qcGeRlQLNB.jpeg\" height=\"627\" width=\"940\" alt=\"Prezydent Karol Nawrocki i szef BBN S\u0142awomir Cenckiewicz\" loading=\"lazy\" class=\"ods-c-image__img ods-c-image__img--viewport-width\"\/> <\/p>\n<p>Prezydent Karol Nawrocki i szef BBN S\u0142awomir CenckiewiczRadek Pietruszka \/ PAP<\/p>\n<p>&#8222;Zaprzeczam kategorycznie! Nawet pomimo mej pewno\u015bci o racji w sporze z KPRM przed NSA, do ko\u0144ca nie by\u0142em pewien, co si\u0119 stanie 15 kwietnia. Moja mecenas \u015bwiadkiem, \u017cem by\u0142 zdenerwowany. Nigdy \u017cadnych przeciek\u00f3w nie by\u0142o, a pan prezydent o zamiarze awansowania m\u00f3wi\u0142 znacznie wcze\u015bniej \u2014 ju\u017c po tym, jak BBN skierowa\u0142o do niego rekomendacje w sprawie awans\u00f3w&#8221; \u2014 napisa\u0142 nam szef Biura Bezpiecze\u0144stwa Wewn\u0119trznego.<\/p>\n<p>     Sp\u00f3r o wyrok NSA. Szef SKW: ponownie zajmiemy si\u0119 po\u015bwiadczeniami szefa BBN<\/p>\n<p>Sprawa \u015brodowego orzeczenia Naczelnego S\u0105du Administracyjnego, kt\u00f3ry utrzyma\u0142 w mocy wcze\u015bniejsze stanowisko Wojew\u00f3dzkiego S\u0105du Administracyjnego o tym, \u017ce decyzja szefa S\u0142u\u017cby Kontrwywiadu Wojskowego gen. Jaros\u0142awa Str\u00f3\u017cyka podj\u0119ta zosta\u0142a wadliwie, nie zosta\u0142a przez zainteresowanych przyj\u0119ta tak samo.<\/p>\n<p><a href=\"https:\/\/www.onet.pl\/informacje\/onetwiadomosci\/ujawniamy-wplywy-antoniego-macierewicza-powodem-wojny-o-awanse-w-sluzbach\/bqcww2c,79cfc278\" id=\"953bf02a-8a5b-4e2f-85f3-266cbb62ff52\" rel=\"nofollow noopener\" target=\"_blank\">Cenckiewicz i politycy prawej strony sceny politycznej uznali to za wielki sukces szefa BBN. <\/a>Sam Cenckiewicz nie tylko stwierdzi\u0142, \u017ce oznacza to, i\u017c posiada obecnie uprawnienia dost\u0119pu do tajemnic pa\u0144stwowych, ale publicznie domaga si\u0119 od tego czasu dymisji gen. Str\u00f3\u017cyka. <\/p>\n<p>\u2014 Pr\u00f3bowano zniszczy\u0107 mi \u017cycie, a z drugiej strony wykluczy\u0107 mnie z \u017cycia publicznego, parali\u017cuj\u0105c funkcjonowanie Biura Bezpiecze\u0144stwa Narodowego w ostatnich o\u015bmiu miesi\u0105cach i po\u015brednio urz\u0119du Prezydenta RP \u2014 m\u00f3wi\u0142 na antenie TV Republika S\u0142awomir Cenckiewicz.<\/p>\n<p>\u2014 Organizatorem tego, nawet w spos\u00f3b bezpo\u015bredni, zwi\u0105zany z bezprawnym cofni\u0119ciem mi po\u015bwiadczenia bezpiecze\u0144stwa w lipcu 2024 r., jest szef S\u0142u\u017cby Kontrwywiadu Wojskowego Jaros\u0142aw Str\u00f3\u017cyk. Skoro dwie instancje s\u0105dowe, Wojew\u00f3dzki S\u0105d Administracyjny i Naczelny S\u0105d Administracyjny uzna\u0142y, \u017ce jego dzia\u0142anie by\u0142o bezprawne, to powinien on poda\u0107 si\u0119 do dymisji.<\/p>\n<p><a href=\"https:\/\/wiadomosci.onet.pl\/kraj\/sprawa-slawomira-cenckiewicza-szef-skw-reaguje-w-dalszym-ciagu\/3fy68b0\" id=\"78aa0dfc-8658-43f3-ad04-c31297528a63\" rel=\"nofollow noopener\" target=\"_blank\">Strona rz\u0105dowa i mianowani przez ni\u0105 szefowie s\u0142u\u017cb stoj\u0105 na stanowisku, \u017ce orzeczenie NSA nie przyznaje Cenckiewiczowi dost\u0119pu do tajemnic<\/a>, a oznacza jedynie, \u017ce SKW pod kierownictwem Str\u00f3\u017cyka powinno jeszcze raz wszcz\u0105\u0107 procedur\u0119 pozbawienia go tego prawa.<\/p>\n<p>Do tego za\u015b czasu nie mo\u017ce si\u0119 on zapoznawa\u0107 z dokumentami tajnymi.<\/p>\n<p> <img decoding=\"async\" src=\"https:\/\/www.europesays.com\/pl\/wp-content\/uploads\/2026\/04\/P0pk9lBaHR0cHM6Ly9vY2RuLmV1L3B1bHNjbXMvTURBXy9lYTllNTdjNTk4MWJkODA0ODk0ZGFkNmY4MzRlZWJlNi5qcGeSlQMAA.jpeg\" height=\"626\" width=\"940\" alt=\"Szef S\u0142u\u017cby Kontrwywiadu Wojskowego gen. Jaros\u0142aw Str\u00f3\u017cyk \" loading=\"lazy\" class=\"ods-c-image__img ods-c-image__img--viewport-width\"\/> <\/p>\n<p>Szef S\u0142u\u017cby Kontrwywiadu Wojskowego gen. Jaros\u0142aw Str\u00f3\u017cykTomasz Gzell \/ PAP<\/p>\n<p>\u2014 Ponownie zajmiemy si\u0119 spraw\u0105 po\u015bwiadcze\u0144 szefa BBN S\u0142awomira Cenckiewicza, zgodnie z zaleceniami s\u0105du. W dalszym ci\u0105gu nie posiada on dost\u0119pu do informacji niejawnych \u2014 przekaza\u0142 w rozmowie z Polsk\u0105 Agencj\u0105 Prasow\u0105 szef SKW gen. Jaros\u0142aw Str\u00f3\u017cyk.<\/p>\n<p>     Prokuratura wszczyna \u015bledztwo. Cenckiewicz: to zupe\u0142ny przypadek<\/p>\n<p>I kiedy wydawa\u0142o si\u0119, \u017ce stosunki na linii pa\u0142ac prezydencki \u2014 rz\u0105d i s\u0142u\u017cby wracaj\u0105 do dobrze znanego poziomu wzajemnych oskar\u017ce\u0144 i pysk\u00f3wek, w czwartek wieczorem do gry wesz\u0142a prokuratura.<\/p>\n<p><a href=\"https:\/\/wiadomosci.onet.pl\/kraj\/szef-bbn-na-radzie-bezpieczenstwa-narodowego-ruch-prokuratury\/4xhygd3\" id=\"156181a5-ea63-4eb1-833d-e58defa1b0bd\" rel=\"nofollow noopener\" target=\"_blank\">Tego dnia, po godz. 20.00 na stronie Prokuratury Okr\u0119gowej w Lublinie pojawi\u0142 si\u0119 komunikat o wszcz\u0119ciu oficjalnego \u015bledztwa w sprawie udzia\u0142u Cenckiewicza w odbywaj\u0105cym si\u0119 w lutym posiedzeniu Rady Bezpiecze\u0144stwa Narodowego.<\/a> <\/p>\n<p>Doniesienie o udziale w posiedzeniu RBN, jeszcze w marcu, do Agencji Bezpiecze\u0144stwa Wewn\u0119trznego, z\u0142o\u017cy\u0142 minister \u2014 koordynator s\u0142u\u017cb specjalnych Tomasz Siemoniak. ABW spraw\u0119 przekaza\u0142a Prokuraturze Krajowej, a ta do jej rozpatrzenia wyznaczy\u0142a \u00f3smy wydzia\u0142 ds. wojskowych w\u0142a\u015bnie lubli\u0144skiej okr\u0119g\u00f3wki.<\/p>\n<p>Jak poinformowa\u0142y w oficjalnym komunikacie s\u0142u\u017cby prasowe jednostki, \u015bledztwo dotyczy &#8222;niedope\u0142nienia obowi\u0105zk\u00f3w wynikaj\u0105cych z ustawy z dnia 5 sierpnia 2010 r. o ochronie informacji niejawnych, przez funkcjonariuszy publicznych w zwi\u0105zku z dopuszczeniem do udzia\u0142u w posiedzeniu Rady Bezpiecze\u0144stwa Narodowego \u2014 maj\u0105cym charakter niejawny, oznaczonym klauzul\u0105 \u00bbzastrze\u017cone\u00ab osoby nieuprawnionej do zapoznania si\u0119 z informacjami niejawnymi, kt\u00f3rej ujawnienie mog\u0142o narazi\u0107 na szkod\u0119 prawnie chroniony interes publiczny&#8221;.<\/p>\n<p>      <img decoding=\"async\" src=\"https:\/\/www.europesays.com\/pl\/wp-content\/uploads\/2026\/04\/DBMk9lBaHR0cHM6Ly9vY2RuLmV1L3B1bHNjbXMvTURBXy9kNTI3OTUwZDRiYzUxOGNiODYwZjliNGE3MzJmZmYzNi5qcGeRlQLNB.jpeg\" height=\"627\" width=\"940\" alt=\"Minister-koordynator s\u0142u\u017cb specjalnych Tomasz Siemoniak\" loading=\"lazy\" class=\"ods-c-image__img ods-c-image__img--viewport-width\"\/> <\/p>\n<p>Minister-koordynator s\u0142u\u017cb specjalnych Tomasz SiemoniakPAP<\/p>\n<p> <a href=\"https:\/\/wiadomosci.onet.pl\/kraj\/starcie-karola-nawrockiego-z-dziennikarzem-rzecznik-prezydenta-zabiera-glos\/f2zkm05\" id=\"eb04a1a0-0e58-4de1-bd9d-27ac43c90799\" rel=\"nofollow noopener\" target=\"_blank\">Podmiotem wszcz\u0119tego w Lublinie \u015bledztwa nie b\u0119dzie jednak S\u0142awomir Cenckiewicz, a dopuszczaj\u0105cy go do udzia\u0142u w RBN \u2014 na podstawie tzw. jednoraz\u00f3wki, czyli wydanej dora\u017anie decyzji o dopuszczeniu do tajemnic pa\u0144stwowych \u2014 szef Kancelarii Prezydenta Zbigniew Bogucki.<\/a><\/p>\n<p>Gdy Cenckiewicza poprosili\u015bmy o ocen\u0119 korelacji czasowej wyroku NSA z informacj\u0105 o wszcz\u0119ciu \u015bledztwa przez prokuratur\u0119, szef BBN odpisa\u0142 nam w wiadomo\u015bci SMS: &#8222;To z pewno\u015bci\u0105 zupe\u0142ny przypadek :)&#8221;.<\/p>\n","protected":false},"excerpt":{"rendered":"Jeszcze we wtorek wieczorem mog\u0142o si\u0119 wydawa\u0107, \u017ce trwaj\u0105cy od miesi\u0119cy impas w stosunkach Kancelarii Prezydenta i s\u0142u\u017cb&hellip;\n","protected":false},"author":2,"featured_media":373783,"comment_status":"","ping_status":"","sticky":false,"template":"","format":"standard","meta":{"footnotes":"","_share_on_mastodon":"0"},"categories":[12],"tags":[145,56,787,61195,32,33,36,37,27,13294,43,34,35,28,31,48,56812,25,46,42,38,40,39,41,1627,47,14119,2739,9910,1246,29,30,341,26],"class_list":["post-373782","post","type-post","status-publish","format-standard","has-post-thumbnail","category-polska","tag-abw","tag-article_premium","tag-bbn","tag-bottomfeed_styl","tag-breaking-news","tag-breakingnews","tag-featured-news","tag-featurednews","tag-headlines","tag-jaroslaw_strozyk","tag-karol_nawrocki","tag-latest-news","tag-latestnews","tag-naglowki","tag-najwazniejsze-artykuly","tag-nat_styl","tag-newbb_tst0","tag-news","tag-omp","tag-pl","tag-poland","tag-polish","tag-polska","tag-polski","tag-prokuratura","tag-screening_general","tag-skw_kontrwywiad_wojskowy","tag-slawomir_cenckiewicz","tag-sluzby_specjalne","tag-tomasz_siemoniak","tag-top-stories","tag-topstories","tag-tylko_w_onecie","tag-wiadomosci"],"share_on_mastodon":{"url":"","error":"Validation failed: Text character limit of 500 exceeded"},"_links":{"self":[{"href":"https:\/\/www.europesays.com\/pl\/wp-json\/wp\/v2\/posts\/373782","targetHints":{"allow":["GET"]}}],"collection":[{"href":"https:\/\/www.europesays.com\/pl\/wp-json\/wp\/v2\/posts"}],"about":[{"href":"https:\/\/www.europesays.com\/pl\/wp-json\/wp\/v2\/types\/post"}],"author":[{"embeddable":true,"href":"https:\/\/www.europesays.com\/pl\/wp-json\/wp\/v2\/users\/2"}],"replies":[{"embeddable":true,"href":"https:\/\/www.europesays.com\/pl\/wp-json\/wp\/v2\/comments?post=373782"}],"version-history":[{"count":0,"href":"https:\/\/www.europesays.com\/pl\/wp-json\/wp\/v2\/posts\/373782\/revisions"}],"wp:featuredmedia":[{"embeddable":true,"href":"https:\/\/www.europesays.com\/pl\/wp-json\/wp\/v2\/media\/373783"}],"wp:attachment":[{"href":"https:\/\/www.europesays.com\/pl\/wp-json\/wp\/v2\/media?parent=373782"}],"wp:term":[{"taxonomy":"category","embeddable":true,"href":"https:\/\/www.europesays.com\/pl\/wp-json\/wp\/v2\/categories?post=373782"},{"taxonomy":"post_tag","embeddable":true,"href":"https:\/\/www.europesays.com\/pl\/wp-json\/wp\/v2\/tags?post=373782"}],"curies":[{"name":"wp","href":"https:\/\/api.w.org\/{rel}","templated":true}]}}