{"id":37384,"date":"2025-10-08T05:02:08","date_gmt":"2025-10-08T05:02:08","guid":{"rendered":"https:\/\/www.europesays.com\/pl\/37384\/"},"modified":"2025-10-08T05:02:08","modified_gmt":"2025-10-08T05:02:08","slug":"polski-siatkarz-spotkal-sie-z-byla-dziewczyna-tomasza-fornala-az-huczy-od-plotek-przeglad-sportowy-onet","status":"publish","type":"post","link":"https:\/\/www.europesays.com\/pl\/37384\/","title":{"rendered":"Polski siatkarz spotka\u0142 si\u0119 z by\u0142\u0105 dziewczyn\u0105 Tomasza Fornala. A\u017c huczy od plotek &#8211; Przegl\u0105d Sportowy Onet"},"content":{"rendered":"<ol>\n<li><a href=\"https:\/\/news.google.com\/rss\/articles\/CBMixwFBVV95cUxOOUFUMmZDRU5tNkw1LW1XTkdsZ2NCZjVLY1FZeUN3SHVXbDhMTEVjV21NbmIzdFlpcTRPWUd4aE9aOXVXNlkyLVIzMDFhR2R2cE5pRDZ2UWtTVmUyM1hmTHM5YXdiZ3lqUTlVSldlT0dtaUVBYlFzV092R0FGM3FhYzdqWUVibzFNajlhZ3NsWnFjUlA3QXdmQndmXzFJLWtrak1SQ2R3bDRhSGpOLXc5T0V0UVgyLVdrcjhfOVZlNk5sM2JiaVVr?oc=5\" target=\"_blank\" rel=\"nofollow noopener\">Polski siatkarz spotka\u0142 si\u0119 z by\u0142\u0105 dziewczyn\u0105 Tomasza Fornala. A\u017c huczy od plotek<\/a>&nbsp;&nbsp;Przegl\u0105d Sportowy Onet<\/li>\n<li><a href=\"https:\/\/news.google.com\/rss\/articles\/CBMiwwFBVV95cUxOY1BPTHE0eEFnQWt2b0Z2MWFQMEhleWtKamFRdnRBX0U1dHdSWlphajAzSEU2X2F0aXlnNUhvRE5GWU5uV1RCbzhjejQtYVpKSHc2bGowaC1aU3hBUEVpWFljUkJLOExybkM5Z3ZNWmEyUmxIZEl5a2JPZEpvaFU4a3NBcGRKVkJJcmJGYnY2b0E5SDJNNjgzU01pMlhhemFOR1RreW9sQk1iVXU1ZGNvb1BtX3Q4dDd4Y2lYZ04zTDVHWm8?oc=5\" target=\"_blank\" rel=\"nofollow noopener\">Milionerka rozsta\u0142a si\u0119 z polskim gwiazdorem. Zdradzi\u0142a, czy ma nowego ch\u0142opaka<\/a>&nbsp;&nbsp;Przegl\u0105d Sportowy Onet<\/li>\n<li><a href=\"https:\/\/news.google.com\/rss\/articles\/CBMijgFBVV95cUxPRGN4WnVvR1BhMHVkWUROLXF6bFFHQ1llYXJLSDNqX1hVVldEWDBtbGV0N183ZTgtczViUzliTVlVTTJOOTBoZWNyMWM0QkpKQ3pSUm5ZM04zckJCUlVua0NmRmdTM1NzelIyVW9HWmxBS0NQRDd5LXdjTjg5Wm03YUtTU25RMEVseTlHc3Jn?oc=5\" target=\"_blank\" rel=\"nofollow noopener\">Sylwia Gaczorek ujawnia, czy ma NOWEGO FACETA!<\/a>&nbsp;&nbsp;pudelek.pl<\/li>\n<li><a href=\"https:\/\/news.google.com\/rss\/articles\/CBMieEFVX3lxTE1Qbjg5RnJIZmEyenlicmtxSVdLME91LXFIOWNpTjA1SjlaYkRoQ0tpdFE5TF93U1RzLUZlcnc5WjhKb1NzelNIUlRwRkpDNWVIbzI2RHlmNjhvUS1vLTRpRVUtTTQ3SkxPbVA0d28zZUdaNnZ4dHJKOQ?oc=5\" target=\"_blank\" rel=\"nofollow noopener\">Sylwia Gaczorek i Norbert Huber. Co o nich wiadomo?<\/a>&nbsp;&nbsp;AW Press<\/li>\n<li><a href=\"https:\/\/news.google.com\/rss\/articles\/CBMi-gFBVV95cUxPajF4dzdnRHlTZGVBS3haMmx6cW5nR3JOZTlwTDZOZE5zVzRrUVowR3dmRk5aMTRaSy1La1h1S1dyQkxkVkk0bnJaQ2tfTjN2UUJUVWZaSzh0UkxlWlltOUVDMzdndE5XSXVmWG1ycDJuMVJHY2hFSHZfWC1tNHRVcmVVVHlQdGFpUFlpdkgtX0laZW5jdGNGYWlCTjZFWVMyUVBYQTZCWjh3ei1qODBaVXFpcmE1blFzS1BqT3I1Vlo3RTQ2WjBCU3BXNzktcWw0WkNJcWJYdEdCb3NWekF3ZmdaZGdBWEk1MUdLVFJ6SGd5UE1aVWRYUHhn?oc=5\" target=\"_blank\" rel=\"nofollow noopener\">Sylwia Gaczorek po rozstaniu z Fornalem spotyka si\u0119 z innym siatkarzem? Fani rozszyfrowali tajemniczy szczeg\u00f3\u0142<\/a>&nbsp;&nbsp;Radio ESKA<\/li>\n<\/ol>\n","protected":false},"excerpt":{"rendered":"Polski siatkarz spotka\u0142 si\u0119 z by\u0142\u0105 dziewczyn\u0105 Tomasza Fornala. A\u017c huczy od plotek&nbsp;&nbsp;Przegl\u0105d Sportowy Onet Milionerka rozsta\u0142a si\u0119&hellip;\n","protected":false},"author":2,"featured_media":37385,"comment_status":"","ping_status":"","sticky":false,"template":"","format":"standard","meta":{"footnotes":"","_share_on_mastodon":"0"},"categories":[22],"tags":[122,67,6970,129,42,38,40,39,41,136,128,123,47,131,655,10816,996,130],"class_list":["post-37384","post","type-post","status-publish","format-standard","has-post-thumbnail","category-rozrywka","tag-entertainment","tag-intextvideo_splayer","tag-norbert_huber","tag-ofsajd","tag-pl","tag-poland","tag-polish","tag-polska","tag-polski","tag-ps_detal_new","tag-psv2","tag-rozrywka","tag-screening_general","tag-siatkowka","tag-styl_zycia_lifestyle_","tag-sylwia_gaczorek","tag-tomasz_fornal","tag-wiadomosci_sportowe"],"share_on_mastodon":{"url":"","error":""},"_links":{"self":[{"href":"https:\/\/www.europesays.com\/pl\/wp-json\/wp\/v2\/posts\/37384","targetHints":{"allow":["GET"]}}],"collection":[{"href":"https:\/\/www.europesays.com\/pl\/wp-json\/wp\/v2\/posts"}],"about":[{"href":"https:\/\/www.europesays.com\/pl\/wp-json\/wp\/v2\/types\/post"}],"author":[{"embeddable":true,"href":"https:\/\/www.europesays.com\/pl\/wp-json\/wp\/v2\/users\/2"}],"replies":[{"embeddable":true,"href":"https:\/\/www.europesays.com\/pl\/wp-json\/wp\/v2\/comments?post=37384"}],"version-history":[{"count":0,"href":"https:\/\/www.europesays.com\/pl\/wp-json\/wp\/v2\/posts\/37384\/revisions"}],"wp:featuredmedia":[{"embeddable":true,"href":"https:\/\/www.europesays.com\/pl\/wp-json\/wp\/v2\/media\/37385"}],"wp:attachment":[{"href":"https:\/\/www.europesays.com\/pl\/wp-json\/wp\/v2\/media?parent=37384"}],"wp:term":[{"taxonomy":"category","embeddable":true,"href":"https:\/\/www.europesays.com\/pl\/wp-json\/wp\/v2\/categories?post=37384"},{"taxonomy":"post_tag","embeddable":true,"href":"https:\/\/www.europesays.com\/pl\/wp-json\/wp\/v2\/tags?post=37384"}],"curies":[{"name":"wp","href":"https:\/\/api.w.org\/{rel}","templated":true}]}}