{"id":373905,"date":"2026-04-18T07:34:10","date_gmt":"2026-04-18T07:34:10","guid":{"rendered":"https:\/\/www.europesays.com\/pl\/373905\/"},"modified":"2026-04-18T07:34:10","modified_gmt":"2026-04-18T07:34:10","slug":"victoria-beckham-przerywa-milczenie-w-sprawie-rodzinnego-konfliktu","status":"publish","type":"post","link":"https:\/\/www.europesays.com\/pl\/373905\/","title":{"rendered":"Victoria Beckham przerywa milczenie w sprawie rodzinnego konfliktu"},"content":{"rendered":"<p>O konflikcie w rodzinie Beckham\u00f3w od dawna jest g\u0142o\u015bno. Mi\u0119dzy Brooklynem i jego \u017con\u0105 Nicol\u0105 Peltz a rodzicami 27-latka mia\u0142o doj\u015b\u0107 do spor\u00f3w, kt\u00f3re stopniowo pogarsza\u0142y ich relacje.<\/p>\n<p> Dalszy ci\u0105g artyku\u0142u pod materia\u0142em wideo Victoria Beckham przerywa milczenie w sprawie rodzinnego konfliktu<\/p>\n<p>W ko\u0144cu Brooklyn Beckham przerwa\u0142 milczenie i wyda\u0142 mocne o\u015bwiadczenie. &#8222;Przez ca\u0142e moje \u017cycie rodzice kontrolowali narracj\u0119 na temat naszej rodziny w prasie. Performatywne posty w mediach spo\u0142eczno\u015bciowych, rodzinne wydarzenia i nieautentyczne relacje by\u0142y sta\u0142ym elementem \u017cycia, w kt\u00f3rym si\u0119 urodzi\u0142em. Ostatnio na w\u0142asne oczy widzia\u0142em, do jakich \u015brodk\u00f3w s\u0105 gotowi si\u0119 posun\u0105\u0107, aby umie\u015bci\u0107 w mediach niezliczone k\u0142amstwa, g\u0142\u00f3wnie kosztem niewinnych ludzi, aby zachowa\u0107 w\u0142asn\u0105 fasad\u0119. Wierz\u0119 jednak, \u017ce prawda zawsze wychodzi na jaw&#8221; \u2014 pisa\u0142 na Instagramie.<\/p>\n<p>     W dalszej cz\u0119\u015bci oznajmi\u0142, \u017ce rodzice pr\u00f3bowali zniszczy\u0107 jego ma\u0142\u017ce\u0144stwo. <a href=\"https:\/\/przegladsportowy.onet.pl\/ofsajd\/szokujace-oswiadczenie-brooklyna-beckhama-o-to-oskarza-slynnych-rodzicow\/pw1vddk\" id=\"c32c9675-f653-4f20-b950-5c96b5db677b\" rel=\"nofollow noopener\" target=\"_blank\">Opowiada\u0142 te\u017c m.in. o tym, jak mama zrujnowa\u0142a jego wesele<\/a>. W najnowszym wywiadzie Victoria Beckham zosta\u0142a zapytana o konflikt z synem. By\u0142a wokalistka zespo\u0142u Spice Girls pr\u00f3bowa\u0142a wybrn\u0105\u0107 i omin\u0105\u0107 temat. W odpowiedzi nie wymieni\u0142a imienia Brooklyna. Powiedzia\u0142a za\u015b, \u017ce zawsze stara\u0142a si\u0119 &#8222;chroni\u0107 i kocha\u0107 dzieci&#8221;.     <\/p>\n<p>&#8222;My\u015bl\u0119, \u017ce zawsze bardzo kochali\u015bmy nasze dzieci. Zawsze starali\u015bmy si\u0119 by\u0107 najlepszymi rodzicami, jakimi tylko potrafimy. Jeste\u015bmy w centrum uwagi od ponad 30 lat, a jedyne, co zawsze starali\u015bmy si\u0119 robi\u0107, to chroni\u0107 nasze dzieci i kocha\u0107 je. To wszystko, co chc\u0119 powiedzie\u0107 na ten temat&#8221; \u2014 wyzna\u0142a w rozmowie dla &#8222;The Wall Street Journal&#8221;.<\/p>\n<p>Victoria Beckham zapytana o to, czy medialna burza wok\u00f3\u0142 rodzinnego konfliktu wp\u0142yn\u0119\u0142a na jej dzia\u0142alno\u015b\u0107 biznesow\u0105, stwierdzi\u0142a, \u017ce nie. &#8222;My\u015bl\u0119, \u017ce ostatecznie ludzie kupuj\u0105 m\u00f3j produkt, poniewa\u017c jest on naprawd\u0119 dobry&#8221; \u2014 powiedzia\u0142a.<\/p>\n","protected":false},"excerpt":{"rendered":"O konflikcie w rodzinie Beckham\u00f3w od dawna jest g\u0142o\u015bno. Mi\u0119dzy Brooklynem i jego \u017con\u0105 Nicol\u0105 Peltz a rodzicami&hellip;\n","protected":false},"author":2,"featured_media":373906,"comment_status":"","ping_status":"","sticky":false,"template":"","format":"standard","meta":{"footnotes":"","_share_on_mastodon":"0"},"categories":[52122],"tags":[61195,9693,9400,48,129,46,6010,752,42,38,40,39,41,47,9326,130],"class_list":["post-373905","post","type-post","status-publish","format-standard","has-post-thumbnail","category-pko-bank-polski","tag-bottomfeed_styl","tag-brooklyn_beckham","tag-david_beckham","tag-nat_styl","tag-ofsajd","tag-omp","tag-pko-bank-polski","tag-pko-bp","tag-pl","tag-poland","tag-polish","tag-polska","tag-polski","tag-screening_general","tag-victoria_beckham","tag-wiadomosci_sportowe"],"share_on_mastodon":{"url":"https:\/\/pubeurope.com\/@pl\/116424557528641183","error":""},"_links":{"self":[{"href":"https:\/\/www.europesays.com\/pl\/wp-json\/wp\/v2\/posts\/373905","targetHints":{"allow":["GET"]}}],"collection":[{"href":"https:\/\/www.europesays.com\/pl\/wp-json\/wp\/v2\/posts"}],"about":[{"href":"https:\/\/www.europesays.com\/pl\/wp-json\/wp\/v2\/types\/post"}],"author":[{"embeddable":true,"href":"https:\/\/www.europesays.com\/pl\/wp-json\/wp\/v2\/users\/2"}],"replies":[{"embeddable":true,"href":"https:\/\/www.europesays.com\/pl\/wp-json\/wp\/v2\/comments?post=373905"}],"version-history":[{"count":0,"href":"https:\/\/www.europesays.com\/pl\/wp-json\/wp\/v2\/posts\/373905\/revisions"}],"wp:featuredmedia":[{"embeddable":true,"href":"https:\/\/www.europesays.com\/pl\/wp-json\/wp\/v2\/media\/373906"}],"wp:attachment":[{"href":"https:\/\/www.europesays.com\/pl\/wp-json\/wp\/v2\/media?parent=373905"}],"wp:term":[{"taxonomy":"category","embeddable":true,"href":"https:\/\/www.europesays.com\/pl\/wp-json\/wp\/v2\/categories?post=373905"},{"taxonomy":"post_tag","embeddable":true,"href":"https:\/\/www.europesays.com\/pl\/wp-json\/wp\/v2\/tags?post=373905"}],"curies":[{"name":"wp","href":"https:\/\/api.w.org\/{rel}","templated":true}]}}