{"id":374053,"date":"2026-04-18T09:09:09","date_gmt":"2026-04-18T09:09:09","guid":{"rendered":"https:\/\/www.europesays.com\/pl\/374053\/"},"modified":"2026-04-18T09:09:09","modified_gmt":"2026-04-18T09:09:09","slug":"pociagiem-ksk-wroclaw-w-gory-sowie-i-do-polanicy-zdroju","status":"publish","type":"post","link":"https:\/\/www.europesays.com\/pl\/374053\/","title":{"rendered":"Poci\u0105giem KSK Wroc\u0142aw w G\u00f3ry Sowie i do Polanicy Zdroju"},"content":{"rendered":"<p data-start=\"108\" data-end=\"508\">W ramach wydarzenia \u201eKolejowe szlaki Dolnego \u015al\u0105ska\u201d Klub Sympatyk\u00f3w Kolei we Wroc\u0142awiu przygotowa\u0142 ofert\u0119 przejazd\u00f3w specjalnych, kt\u00f3re \u0142\u0105cz\u0105 walory turystyczne regionu z autentycznym klimatem kolei sprzed dekad. Uczestnicy b\u0119d\u0105 mogli wybra\u0107 jedn\u0105 z trzech tras prowadz\u0105cych przez najbardziej malownicze rejony Sudet\u00f3w \u015arodkowych.<\/p>\n<p data-start=\"510\" data-end=\"960\">Na czele sk\u0142adu stanie prawdziwa legenda polskich tor\u00f3w \u2013 SU45-079, wyprodukowana w 1973 roku. To jedyny czynny egzemplarz tej serii utrzymany w historycznych barwach i wyposa\u017cony w oryginalne detale techniczne oraz dekoracyjne, charakterystyczne dla epoki jej eksploatacji. Lokomotywa poprowadzi zestaw wagon\u00f3w standardu \u201eY\u201d z lat 70., wyposa\u017conych w klasyczne, otwierane okna, kt\u00f3re podkre\u015blaj\u0105 retro charakter podr\u00f3\u017cy.<\/p>\n<p data-start=\"510\" data-end=\"960\">Organizatorzy zadbali r\u00f3wnie\u017c o aspekt edukacyjny \u2013 w wagonach przedzia\u0142owych dost\u0119pne b\u0119dzie nag\u0142o\u015bnienie z komentarzem przewodnika, przybli\u017caj\u0105cym histori\u0119 regionu i linii kolejowych.<\/p>\n<p>Trzy trasy \u2013 jeden region, wiele atrakcji<\/p>\n<p data-start=\"1196\" data-end=\"1570\">Pierwsza z propozycji, nazwana \u201e<a href=\"https:\/\/bilety.kskwroclaw.pl\/#\/train\/f5e1c0fb-bdff-476a-9c0d-70dae7cd5b1d\" rel=\"nofollow noopener\" target=\"_blank\">Wielka Sowa<\/a>\u201d, rozpoczyna si\u0119 na stacji Wroc\u0142aw G\u0142\u00f3wny i prowadzi przez \u015awidnica do Jedlina-Zdr\u00f3j. Po przyje\u017adzie przewidziano oko\u0142o 6,5 godziny przerwy na zwiedzanie lub kontynuowanie podr\u00f3\u017cy indywidualnie. Wyjazd z Wroc\u0142awia zaplanowano na 08:12, a powr\u00f3t na 18:48.<\/p>\n<p data-start=\"1572\" data-end=\"2011\">Druga trasa, \u201e<a href=\"https:\/\/bilety.kskwroclaw.pl\/#\/train\/b9eda17f-eea0-4340-8fc6-66afee9d39b2\" rel=\"nofollow noopener\" target=\"_blank\">Twierdza<\/a>\u201d, to propozycja dla pasa\u017cer\u00f3w chc\u0105cych zg\u0142\u0119bi\u0107 histori\u0119 Kotliny K\u0142odzkiej. Przejazd rozpoczyna si\u0119 w Jedlinie-Zdroju i prowadzi przez G\u0142uszyca oraz Nowa Ruda do K\u0142odzko. Na miejscu zaplanowano oko\u0142o czterogodzinn\u0105 przerw\u0119 na zwiedzanie z przewodnikiem. Ca\u0142a p\u0119tla ko\u0144czy si\u0119 powrotem do Jedliny-Zdroju w godzinach popo\u0142udniowych.<\/p>\n<p data-start=\"2013\" data-end=\"2279\">Uzupe\u0142nieniem oferty jest kr\u00f3tka relacja lokalna pomi\u0119dzy <a href=\"https:\/\/bilety.kskwroclaw.pl\/#\/train\/80b91202-3e37-4b9f-985a-f71e1d988609\" rel=\"nofollow noopener\" target=\"_blank\">K\u0142odzko a Polanica-Zdr\u00f3j<\/a>. Ten odcinek przewiduje oko\u0142o trzygodzinny post\u00f3j w Polanicy-Zdroju, umo\u017cliwiaj\u0105cy spacer po uzdrowisku i jego parkach zdrojowych.<\/p>\n<p data-start=\"2013\" data-end=\"2279\">Wsparcie dla zabytk\u00f3w kolei<\/p>\n<p data-start=\"2013\" data-end=\"2279\">Decyduj\u0105c si\u0119 na udzia\u0142 w wycieczce, pasa\u017cerowie nie tylko korzystaj\u0105 z unikalnej oferty turystycznej, ale r\u00f3wnie\u017c realnie wspieraj\u0105 ochron\u0119 dziedzictwa kolejowego. Dochody ze sprzeda\u017cy bilet\u00f3w, klubowych gad\u017cet\u00f3w oraz pami\u0105tek s\u0105 przeznaczane na remonty i bie\u017c\u0105ce utrzymanie zabytkowego taboru, a tak\u017ce na realizacj\u0119 cel\u00f3w statutowych Klub Sympatyk\u00f3w Kolei we Wroc\u0142awiu.<\/p>\n<p>\u00a0<\/p>\n","protected":false},"excerpt":{"rendered":"W ramach wydarzenia \u201eKolejowe szlaki Dolnego \u015al\u0105ska\u201d Klub Sympatyk\u00f3w Kolei we Wroc\u0142awiu przygotowa\u0142 ofert\u0119 przejazd\u00f3w specjalnych, kt\u00f3re \u0142\u0105cz\u0105&hellip;\n","protected":false},"author":2,"featured_media":374054,"comment_status":"","ping_status":"","sticky":false,"template":"","format":"standard","meta":{"footnotes":"","_share_on_mastodon":"0"},"categories":[51607],"tags":[17214,59806,42,38,40,39,41,1853],"class_list":["post-374053","post","type-post","status-publish","format-standard","has-post-thumbnail","category-wroclaw","tag-dolnoslaskie","tag-ksk-wroclaw","tag-pl","tag-poland","tag-polish","tag-polska","tag-polski","tag-wroclaw"],"share_on_mastodon":{"url":"https:\/\/pubeurope.com\/@pl\/116424931530256060","error":""},"_links":{"self":[{"href":"https:\/\/www.europesays.com\/pl\/wp-json\/wp\/v2\/posts\/374053","targetHints":{"allow":["GET"]}}],"collection":[{"href":"https:\/\/www.europesays.com\/pl\/wp-json\/wp\/v2\/posts"}],"about":[{"href":"https:\/\/www.europesays.com\/pl\/wp-json\/wp\/v2\/types\/post"}],"author":[{"embeddable":true,"href":"https:\/\/www.europesays.com\/pl\/wp-json\/wp\/v2\/users\/2"}],"replies":[{"embeddable":true,"href":"https:\/\/www.europesays.com\/pl\/wp-json\/wp\/v2\/comments?post=374053"}],"version-history":[{"count":0,"href":"https:\/\/www.europesays.com\/pl\/wp-json\/wp\/v2\/posts\/374053\/revisions"}],"wp:featuredmedia":[{"embeddable":true,"href":"https:\/\/www.europesays.com\/pl\/wp-json\/wp\/v2\/media\/374054"}],"wp:attachment":[{"href":"https:\/\/www.europesays.com\/pl\/wp-json\/wp\/v2\/media?parent=374053"}],"wp:term":[{"taxonomy":"category","embeddable":true,"href":"https:\/\/www.europesays.com\/pl\/wp-json\/wp\/v2\/categories?post=374053"},{"taxonomy":"post_tag","embeddable":true,"href":"https:\/\/www.europesays.com\/pl\/wp-json\/wp\/v2\/tags?post=374053"}],"curies":[{"name":"wp","href":"https:\/\/api.w.org\/{rel}","templated":true}]}}