{"id":374297,"date":"2026-04-18T11:37:15","date_gmt":"2026-04-18T11:37:15","guid":{"rendered":"https:\/\/www.europesays.com\/pl\/374297\/"},"modified":"2026-04-18T11:37:15","modified_gmt":"2026-04-18T11:37:15","slug":"mg-s9-phev-wjezdza-do-polskich-salonow-ceny-w-polsce-silniki-i-wyposazenie","status":"publish","type":"post","link":"https:\/\/www.europesays.com\/pl\/374297\/","title":{"rendered":"MG S9 PHEV wje\u017cd\u017ca do polskich salon\u00f3w. Ceny w Polsce, silniki i wyposa\u017cenie"},"content":{"rendered":"<p>MG Motor rozpoczyna w Polsce przedsprzeda\u017c swojego nowego, flagowego SUV-a segmentu D \u2014 modelu MG S9 PHEV. To samoch\u00f3d znacznie wi\u0119kszy od bestsellerowego MG HS i ma a\u017c siedem miejsc, co mo\u017ce by\u0107 strza\u0142em w dziesi\u0105tk\u0119 dla wielu polskich rodzin. Oficjalna premiera rynkowa zosta\u0142a zaplanowana na maj br., wtedy te\u017c w salonach pojawi\u0105 si\u0119 pierwsze pokazowe egzemplarze du\u017cego hybrydowego SUV-a. W\u0142a\u015bnie ruszy\u0142a przedsprzeda\u017c, wi\u0119c poznali\u015bmy ju\u017c polskie ceny. Pr\u00f3g wej\u015bcia to 172,9 tys. z\u0142. Co za to dostajemy?<\/p>\n<p> Dalszy ci\u0105g artyku\u0142u pod materia\u0142em wideo MG S9 PHEV \u2014 co to za chi\u0144ski SUV?<\/p>\n<p>To pierwszy 7-osobowy pojazd tej marki w polskiej ofercie. Producent m\u00f3wi, \u017ce MG S9 powsta\u0142o z my\u015bl\u0105 o rodzinach poszukuj\u0105cych uniwersalnego, ale te\u017c oszcz\u0119dnego auta na co dzie\u0144. Takich samochod\u00f3w w Europie troch\u0119 ju\u017c mamy \u2014 to auta z ni\u017cszej p\u00f3\u0142ki, takie jak Skoda Kodiaq, Volkswagen Tayron czy Peugeot 5008, oraz z wy\u017cszej, takie jak Hyundai Santa Fe czy Mazda CX-80.<\/p>\n<p>     Ostatnio do\u0142\u0105czy\u0142o do nich kilku zawodnik\u00f3w z Chin: Chery Tiggo 8, Chery Tiggo 9, DFSK E5 PHEV, Jaecoo 8, Jetour X70 Plus&#8230; MG S9 cen\u0105 wpisuje si\u0119 w grono ta\u0144szych modeli (oczywi\u015bcie bierzemy pod uwag\u0119 tylko te z uk\u0142adem PHEV), ale aspiracjami i przestrzeni\u0105 w \u015brodku chce dor\u00f3wna\u0107 tym dro\u017cszym. Nadwozie tego auta ma niemal 5 m d\u0142ugo\u015bci (4,98 m), a rozstaw osi wynosi 2,92 m. Baga\u017cnik? Przy pi\u0119ciu osobach na pok\u0142adzie ma pojemno\u015b\u0107 a\u017c 1026 l, przy komplecie podr\u00f3\u017cnych do dyspozycji zostaj\u0105 332 l, czyli <a href=\"https:\/\/www.auto-swiat.pl\/testy\/testy-nowych-samochodow\/ile-pali-skoda-kodiaq-20-tdi-4x4-zaladowalem-ja-i-sprawdzilem-spalanie\/gd7f13e\" id=\"b0b371f0-3b75-4d9f-a832-09100d28cb7e\" rel=\"nofollow noopener\" target=\"_blank\">niemal dok\u0142adnie tyle, ile w 7-osobowej Skodzie Kodiaq<\/a>.      <img decoding=\"async\" src=\"https:\/\/www.europesays.com\/pl\/wp-content\/uploads\/2026\/04\/rnik9lBaHR0cHM6Ly9vY2RuLmV1L3B1bHNjbXMvTURBXy84YzNlZWZiYzMxNGMzYmExZjMxYzA5MmFiZDE2NDg1My5qcGeRlQLNB.jpeg\" height=\"468\" width=\"702\" alt=\"MG S9 PHEV (2026)\" loading=\"lazy\" class=\"ods-c-image__img ods-c-image__img--viewport-width\"\/> <\/p>\n<p>MG S9 PHEV (2026)MG Motor<\/p>\n<p> Czy MG S9 ma tylko jeden nap\u0119d?<\/p>\n<p>Tak, pod mask\u0105 MG S9 nie znajdziemy ani diesla, ani zwyk\u0142ego silnika benzynowego. Jedyna dost\u0119pna opcja nap\u0119du to uk\u0142ad hybrydowy z mo\u017cliwo\u015bci\u0105 \u0142adowania z gniazdka (PHEV). Wiemy ju\u017c o nim wszystko \u2014 turbodo\u0142adowany silnik 1.5 sam z siebie generuje tylko 142 KM, ale w duecie z 231-konnym motorem elektrycznym potrafi odda\u0107 kierowcy do dyspozycji \u0142\u0105cznie 299 KM. Maksymalny moment obrotowy uk\u0142adu to 390 Nm.<\/p>\n<p> Osi\u0105gi? Przeci\u0119tne. W dzisiejszych czasach <a href=\"https:\/\/www.auto-swiat.pl\/testy\/testy-nowych-samochodow\/czy-silnik-15-w-duzym-suv-ie-to-pomylka-tak-jezdzi-flagowy-chery-tiggo-9\/0cq59xh\" id=\"f4ad22bf-8cef-4bf9-a70b-e8d86d36a322\" rel=\"nofollow noopener\" target=\"_blank\">100 km zasi\u0119gu tylko na pr\u0105dzie to \u017caden wyr\u00f3\u017cnik (tryb mieszany)<\/a>, ale producent zapewnia, \u017ce w je\u017adzie typowo miejskiej da si\u0119 przejecha\u0107 nawet 135 km w tym trybie. Taki dystans to zas\u0142uga akumulatora o pojemno\u015bci a\u017c 24,7 kWh. Na kolana nie rzuca te\u017c czas przyspieszenia do &#8222;setki&#8221; (9,6 s w prawie 300-konnym aucie?!), za to pr\u0119dko\u015b\u0107 maksymalna to \u2014 wcale nie tak typowo dla PHEV-\u00f3w \u2014 a\u017c 200 km na godz. Nap\u0119d jest przekazywany na przednie ko\u0142a za po\u015brednictwem 1-biegowej skrzyni automatycznej. Producent deklaruje \u015brednie zu\u017cycie paliwa na poziomie 6,7\u20136,8 l\/100 km (przy roz\u0142adowanej baterii). <img decoding=\"async\" src=\"https:\/\/www.europesays.com\/pl\/wp-content\/uploads\/2026\/04\/z0ck9lBaHR0cHM6Ly9vY2RuLmV1L3B1bHNjbXMvTURBXy8xZGViODZlZThhZmI0ZDQwZWJlMTNiMjBhNDFjMjdiNy5qcGeRlQLNB.jpeg\" height=\"529\" width=\"940\" alt=\"MG S9 PHEV\" loading=\"lazy\" class=\"ods-c-image__img ods-c-image__img--viewport-width\"\/> <\/p>\n<p>MG S9 PHEVMG Motor<\/p>\n<p> Ile kosztuje MG S9 w Polsce?<\/p>\n<p>Cho\u0107 oficjalna premiera MG S9 odb\u0119dzie si\u0119 w maju, dealerzy MG Motor ju\u017c przyjmuj\u0105 zam\u00f3wienia na nowego SUV-a. Cennik modelu startuje od 172,9 tys. z\u0142 za wersj\u0119 Excite. Lepiej wyposa\u017cona odmiana Exclusive kosztuje 181,9 tys. z\u0142. W ramach przedsprzeda\u017cy MG Motor przygotowa\u0142o promocyjne warunki finansowania \u2014 kredyt 50\/50 lub leasing 101 proc.<\/p>\n<p>Czy to dobra oferta? Zachodni producenci nie maj\u0105 do niej startu, bo ich 7-osobowe SUV-y z uk\u0142adem PHEV wymagaj\u0105 wy\u0142o\u017cenia na st\u00f3\u0142 kilkudziesi\u0119ciu tysi\u0119cy z\u0142otych wi\u0119cej. Cennik MG S9 jest za to zbli\u017cony do cennik\u00f3w Chery Tiggo 8 i DFSK E5 PHEV, cho\u0107 s\u0105 w nim nieco wy\u017csze kwoty. Na co mog\u0105 liczy\u0107 klienci? W bogatszej wersji Exclusive nawet na ekosk\u00f3r\u0119, podgrzewane i wentylowane fotele z masa\u017cem, 3-strefow\u0105 klimatyzacj\u0119, panoramiczny dach, 12-g\u0142o\u015bnikowy zestaw audio Bose, bezprzewodow\u0105 \u0142adowark\u0119 do telefonu i 16 system\u00f3w ADAS oraz 7-letni\u0105 gwarancj\u0119 w standardzie. Okazja?<\/p>\n<p>        1\/6 MG S9 PHEV       <img class=\"ods-a-photo ods-a-photo--background\" src=\"https:\/\/www.europesays.com\/pl\/wp-content\/uploads\/2026\/04\/J5ek9lBaHR0cHM6Ly9vY2RuLmV1L3B1bHNjbXMvTURBXy8xZGViODZlZThhZmI0ZDQwZWJlMTNiMjBhNDFjMjdiNy5qcGeRkwXNB.jpeg\" height=\"529\" width=\"940\" alt=\"MG S9 PHEV\" loading=\"lazy\" fetchpriority=\"auto\" decoding=\"auto\"\/>    <\/p>\n<p>MG Motor<\/p>\n<p>  MGS9 PHEV,  Car,  Suv,  Transportation,  Vehicle  <\/p>\n<p>MGS9 PHEV,  Car,  Suv,  Transportation,  Vehicle<\/p>\n<p>   2\/6 MG S9 PHEV (2026)       <img class=\"ods-a-photo ods-a-photo--background\" src=\"https:\/\/www.europesays.com\/pl\/wp-content\/uploads\/2026\/04\/QqPk9lBaHR0cHM6Ly9vY2RuLmV1L3B1bHNjbXMvTURBXy81NGFiNzZkMjUyOGIwOTM4MWQ5ODQwZWJhOGQ0MTMyMS5qcGeRkwXNB.jpeg\" height=\"617\" width=\"940\" alt=\"MG S9 PHEV (2026)\" loading=\"lazy\" fetchpriority=\"auto\" decoding=\"auto\"\/>    <\/p>\n<p>MG Motor<\/p>\n<p>                3\/6 MG S9 PHEV (2026)       <img class=\"ods-a-photo ods-a-photo--background\" src=\"https:\/\/www.europesays.com\/pl\/wp-content\/uploads\/2026\/04\/u6gk9lBaHR0cHM6Ly9vY2RuLmV1L3B1bHNjbXMvTURBXy9mZmI2OTg2NGE4YjZjZWFmYTE1ODM2MzA2ZmFkNzcxMy5qcGeRkwXNB.jpeg\" height=\"627\" width=\"940\" alt=\"MG S9 PHEV (2026)\" loading=\"lazy\" fetchpriority=\"auto\" decoding=\"auto\"\/>    <\/p>\n<p>MG Motor<\/p>\n<p>         4\/6 MG S9 PHEV (2026)       <img class=\"ods-a-photo ods-a-photo--background\" src=\"https:\/\/www.europesays.com\/pl\/wp-content\/uploads\/2026\/04\/wXKk9lBaHR0cHM6Ly9vY2RuLmV1L3B1bHNjbXMvTURBXy84MDFjYzY5NWU4ZDA1ZWI4MzgxM2VjYTJiODM1YmNkZC5qcGeRkwXNB.jpeg\" height=\"627\" width=\"940\" alt=\"MG S9 PHEV (2026)\" loading=\"lazy\" fetchpriority=\"auto\" decoding=\"auto\"\/>    <\/p>\n<p>MG Motor<\/p>\n<p>                5\/6 MG S9 PHEV (2026)       <img class=\"ods-a-photo ods-a-photo--background\" src=\"https:\/\/www.europesays.com\/pl\/wp-content\/uploads\/2026\/04\/pOxk9lBaHR0cHM6Ly9vY2RuLmV1L3B1bHNjbXMvTURBXy84YzNlZWZiYzMxNGMzYmExZjMxYzA5MmFiZDE2NDg1My5qcGeRkwXNB.jpeg\" height=\"627\" width=\"940\" alt=\"MG S9 PHEV (2026)\" loading=\"lazy\" fetchpriority=\"auto\" decoding=\"auto\"\/>    <\/p>\n<p>MG Motor<\/p>\n<p>         6\/6 MG S9 PHEV       <img class=\"ods-a-photo ods-a-photo--background\" src=\"https:\/\/www.europesays.com\/pl\/wp-content\/uploads\/2026\/04\/AiXk9lBaHR0cHM6Ly9vY2RuLmV1L3B1bHNjbXMvTURBXy9iYzFmYzg2MzdhM2JjZjNjMWFhNzUyZDYxMmM1YTg5MS5qcGeRkwXNB.jpeg\" height=\"627\" width=\"940\" alt=\"MG S9 PHEV\" loading=\"lazy\" fetchpriority=\"auto\" decoding=\"auto\"\/>    <\/p>\n<p>MG Motor<\/p>\n<p>  MGS9 PHEV,  Tech Day,  Car,  Transportation,  Vehicle<br \/>\nTech Da 25 March  <\/p>\n<p>MGS9 PHEV,  Tech Day,  Car,  Transportation,  Vehicle<br \/>\nTech Da 25 March<\/p>\n","protected":false},"excerpt":{"rendered":"MG Motor rozpoczyna w Polsce przedsprzeda\u017c swojego nowego, flagowego SUV-a segmentu D \u2014 modelu MG S9 PHEV. To&hellip;\n","protected":false},"author":2,"featured_media":374298,"comment_status":"","ping_status":"","sticky":false,"template":"","format":"standard","meta":{"footnotes":"","_share_on_mastodon":"0"},"categories":[16],"tags":[210,1833,113,61195,112,2834,846,24432,6555,48,46,42,38,40,39,41,47,26],"class_list":["post-374297","post","type-post","status-publish","format-standard","has-post-thumbnail","category-biznes","tag-aktualnosci","tag-auta_z_chin","tag-biznes","tag-bottomfeed_styl","tag-business","tag-ceny","tag-chinskie_auta","tag-hybrydowy_suv","tag-mg","tag-nat_styl","tag-omp","tag-pl","tag-poland","tag-polish","tag-polska","tag-polski","tag-screening_general","tag-wiadomosci"],"share_on_mastodon":{"url":"https:\/\/pubeurope.com\/@pl\/116425513291556840","error":""},"_links":{"self":[{"href":"https:\/\/www.europesays.com\/pl\/wp-json\/wp\/v2\/posts\/374297","targetHints":{"allow":["GET"]}}],"collection":[{"href":"https:\/\/www.europesays.com\/pl\/wp-json\/wp\/v2\/posts"}],"about":[{"href":"https:\/\/www.europesays.com\/pl\/wp-json\/wp\/v2\/types\/post"}],"author":[{"embeddable":true,"href":"https:\/\/www.europesays.com\/pl\/wp-json\/wp\/v2\/users\/2"}],"replies":[{"embeddable":true,"href":"https:\/\/www.europesays.com\/pl\/wp-json\/wp\/v2\/comments?post=374297"}],"version-history":[{"count":0,"href":"https:\/\/www.europesays.com\/pl\/wp-json\/wp\/v2\/posts\/374297\/revisions"}],"wp:featuredmedia":[{"embeddable":true,"href":"https:\/\/www.europesays.com\/pl\/wp-json\/wp\/v2\/media\/374298"}],"wp:attachment":[{"href":"https:\/\/www.europesays.com\/pl\/wp-json\/wp\/v2\/media?parent=374297"}],"wp:term":[{"taxonomy":"category","embeddable":true,"href":"https:\/\/www.europesays.com\/pl\/wp-json\/wp\/v2\/categories?post=374297"},{"taxonomy":"post_tag","embeddable":true,"href":"https:\/\/www.europesays.com\/pl\/wp-json\/wp\/v2\/tags?post=374297"}],"curies":[{"name":"wp","href":"https:\/\/api.w.org\/{rel}","templated":true}]}}