{"id":375418,"date":"2026-04-18T23:48:16","date_gmt":"2026-04-18T23:48:16","guid":{"rendered":"https:\/\/www.europesays.com\/pl\/375418\/"},"modified":"2026-04-18T23:48:16","modified_gmt":"2026-04-18T23:48:16","slug":"sony-przywroci-smartfonom-zapomniane-zlacze-komputer-swiat","status":"publish","type":"post","link":"https:\/\/www.europesays.com\/pl\/375418\/","title":{"rendered":"Sony przywr\u00f3ci smartfonom zapomniane z\u0142\u0105cze &#8211; Komputer \u015awiat"},"content":{"rendered":"<ol>\n<li><a href=\"https:\/\/news.google.com\/rss\/articles\/CBMivgFBVV95cUxPbkh0bVc2bExuMWtfeG5Bb0w5d1RVRjV1Z0ctZHV0aTcxbTFEWjJTSWUwNzc5cUx0MXE0TF94aC1zVHlQTndzT0NVODh2Yy1SQVR3azdxcUctNGd1LU9BemU0T0xucTlTQ1RPRWh3WjlQdklFUXRPX0E4REFsNzNTajU1TnZGd0h5c3ZQdENrTzhmTGozU054azdyc3JXU3ZNRXpyalJiVENuLVVJSXJQZFJXMHkxeDlIWlVCMjBR?oc=5\" target=\"_blank\" rel=\"nofollow noopener\">Sony przywr\u00f3ci smartfonom zapomniane z\u0142\u0105cze<\/a>&nbsp;&nbsp;Komputer \u015awiat<\/li>\n<li><a href=\"https:\/\/news.google.com\/rss\/articles\/CBMikAFBVV95cUxQZ1VlU3JTZWFGQ3hCNno2YVF4aGRyZlAyRzFCWXZDdjV5aWlYUDlzNXpGbE0tcEt1S2FjeW9pWkNad3NIWUhUWFJqbTZRNV9MOThvZmRHZDFKR0hhUjcwSTFCZWhZWGRnQk0zOUlmc2lwUFlXY3dPUnZvbWJCcFhXa283OUpPSlphTlZZZklCeEQ?oc=5\" target=\"_blank\" rel=\"nofollow noopener\">Znam dat\u0119 premiery najbrzydszego flagowca 2026. Nie wiem, czy 1 TB i microSD uratuje jego facjat\u0119<\/a>&nbsp;&nbsp;gsmManiaK.pl<\/li>\n<li><a href=\"https:\/\/news.google.com\/rss\/articles\/CBMilgFBVV95cUxPNDlDZ2hreEczY3hvSkJReGgwOGFFUVo5aWV6cm8zczRGNWtiNW9JVF9tUy04Sm9KUkxuZlRGeEdONHR3VEdvcEhrclRzQjIzMkk2Z09NSWtQMlYwWUdsOVF5QmU3N1RfR0UwejQ1QXVWNVhqVEZlcmUybUltclVKcHVIM3d0M2xmZVl0eURlUVktRFlMRUE?oc=5\" target=\"_blank\" rel=\"nofollow noopener\">Sony Xperia 1 VIII z nowymi renderami. Fani nie maj\u0105 powod\u00f3w do rado\u015bci<\/a>&nbsp;&nbsp;dailyweb<\/li>\n<li><a href=\"https:\/\/news.google.com\/rss\/articles\/CBMiwgFBVV95cUxQR0RZdUZUZWcwcnZoNGFicU5mTFFXVklsMnFINjJSWmRIR2pwR3c4aFVTd0wxc1RoeFVpLXQ5X2dxSkdpaEhUS2o2OGotRHp2aS1WQmhnQWJLRWNTS3BTS09ScmdJWnZ6dUpxUlpac0Zxb3JfMjFoZmZINGdJRm5BeVNqUC16OGNQN0l6ZVRJaG5vWVV1cUpYRWQ3Yk41eDhkWmZYck5QOEZzSE0yU3VOOW1kcnRucTB3Q3lTWmliM1ItUQ?oc=5\" target=\"_blank\" rel=\"nofollow noopener\">Sony Xperia 1 VIII: szczeg\u00f3\u0142y premiery nowego flagowego telefonu Sony na wolno\u015bci<\/a>&nbsp;&nbsp;Notebookcheck.pl<\/li>\n<li><a href=\"https:\/\/news.google.com\/rss\/articles\/CBMihwFBVV95cUxNOXZPOU9fYXBoR2xrWmItcHpUNVRXU2Y2OUNMYVFaRS1zajE0R0Z1OFFoZ2pLY0JBV1IySUxNVklnOFpFN1kwZUdyZE42a1V1cVhZNkNNbGRQTHppT05NcEktTHVFeHZ3SWw0Rm1ydF9DUjVndUdzVWFDV2tpb0JpeVdXNklMTms?oc=5\" target=\"_blank\" rel=\"nofollow noopener\">Sony Xperia 1 VIII coraz bli\u017cej. Mo\u017ce zawstydzi\u0107 wielu swoich rywali<\/a>&nbsp;&nbsp;Tabletowo.pl<\/li>\n<\/ol>\n","protected":false},"excerpt":{"rendered":"Sony przywr\u00f3ci smartfonom zapomniane z\u0142\u0105cze&nbsp;&nbsp;Komputer \u015awiat Znam dat\u0119 premiery najbrzydszego flagowca 2026. Nie wiem, czy 1 TB i&hellip;\n","protected":false},"author":2,"featured_media":375419,"comment_status":"","ping_status":"","sticky":false,"template":"","format":"standard","meta":{"footnotes":"","_share_on_mastodon":"0"},"categories":[20],"tags":[61195,6204,48,120,118,119,56812,46,42,38,40,39,41,116,114,115,47,6205,4199,121,117],"class_list":["post-375418","post","type-post","status-publish","format-standard","has-post-thumbnail","category-nauka-i-technika","tag-bottomfeed_styl","tag-mobile","tag-nat_styl","tag-nauka","tag-nauka-i-technika","tag-naukatechnika","tag-newbb_tst0","tag-omp","tag-pl","tag-poland","tag-polish","tag-polska","tag-polski","tag-science","tag-science-and-technology","tag-sciencetechnology","tag-screening_general","tag-smartfony","tag-sony","tag-technika","tag-technology"],"share_on_mastodon":{"url":"https:\/\/pubeurope.com\/@pl\/116428387389659185","error":""},"_links":{"self":[{"href":"https:\/\/www.europesays.com\/pl\/wp-json\/wp\/v2\/posts\/375418","targetHints":{"allow":["GET"]}}],"collection":[{"href":"https:\/\/www.europesays.com\/pl\/wp-json\/wp\/v2\/posts"}],"about":[{"href":"https:\/\/www.europesays.com\/pl\/wp-json\/wp\/v2\/types\/post"}],"author":[{"embeddable":true,"href":"https:\/\/www.europesays.com\/pl\/wp-json\/wp\/v2\/users\/2"}],"replies":[{"embeddable":true,"href":"https:\/\/www.europesays.com\/pl\/wp-json\/wp\/v2\/comments?post=375418"}],"version-history":[{"count":0,"href":"https:\/\/www.europesays.com\/pl\/wp-json\/wp\/v2\/posts\/375418\/revisions"}],"wp:featuredmedia":[{"embeddable":true,"href":"https:\/\/www.europesays.com\/pl\/wp-json\/wp\/v2\/media\/375419"}],"wp:attachment":[{"href":"https:\/\/www.europesays.com\/pl\/wp-json\/wp\/v2\/media?parent=375418"}],"wp:term":[{"taxonomy":"category","embeddable":true,"href":"https:\/\/www.europesays.com\/pl\/wp-json\/wp\/v2\/categories?post=375418"},{"taxonomy":"post_tag","embeddable":true,"href":"https:\/\/www.europesays.com\/pl\/wp-json\/wp\/v2\/tags?post=375418"}],"curies":[{"name":"wp","href":"https:\/\/api.w.org\/{rel}","templated":true}]}}