{"id":375470,"date":"2026-04-19T00:21:36","date_gmt":"2026-04-19T00:21:36","guid":{"rendered":"https:\/\/www.europesays.com\/pl\/375470\/"},"modified":"2026-04-19T00:21:36","modified_gmt":"2026-04-19T00:21:36","slug":"karol-nawrocki-i-andrzej-duda-przed-trybunalem-stanu-wiceminister-mowi-wprost","status":"publish","type":"post","link":"https:\/\/www.europesays.com\/pl\/375470\/","title":{"rendered":"Karol Nawrocki i Andrzej Duda przed Trybuna\u0142em Stanu? Wiceminister m\u00f3wi wprost"},"content":{"rendered":"<p>Wicepremier i minister cyfryzacji Krzysztof Gawkowski w rozmowie z &#8222;Rzeczpospolit\u0105&#8221; w ostrych s\u0142owach skrytykowa\u0142 zar\u00f3wno obecnego, jak i poprzedniego prezydenta Polski. Jak stwierdzi\u0142, to oni odpowiadaj\u0105 za to, \u017ce &#8222;Polska p\u0142onie&#8221;.<\/p>\n<p> Dalszy ci\u0105g artyku\u0142u pod materia\u0142em wideo <\/p>\n<p>\u2014 Oni s\u0105 winni temu, \u017ce konstytucja musi si\u0119 dzi\u015b broni\u0107 ostatkiem si\u0142 \u2014 m\u00f3wi\u0142 w rozmowie z dziennikiem, dodaj\u0105c, \u017ce &#8222;takie deptanie konstytucji kojarzy mu si\u0119 tylko z jednym momentem w historii Rzeczypospolitej&#8221;. \u2014 Z tym, jak zdrajcy deptali Konstytucj\u0119 3 Maja. Tak samo patrz\u0119 na to, co dzieje si\u0119 teraz \u2014 stwierdzi\u0142 Gawkowski.<\/p>\n<p>     &#8222;Ich miejsce jest przed Trybuna\u0142em Stanu&#8221;<\/p>\n<p>Zdaniem wicepremiera Karol Nawrocki i Andrzej Duda za to, co robili i robi\u0105, powinni stan\u0105\u0107 przed Trybuna\u0142em Stanu. \u2014 Ich miejsce jest przed Trybuna\u0142em Stanu. Jeden nie wykonywa\u0142 swoich obowi\u0105zk\u00f3w, ale nikt go nie stawia\u0142 w trudnej sytuacji, bo rz\u0105dzi\u0142 PiS. Drugi te\u017c ich nie wykonuje, tylko ma trudniejsz\u0105 sytuacj\u0119, bo w parlamencie jest jaki\u015b rozs\u0105dek. Jeden i drugi abdykowali ze swoich obowi\u0105zk\u00f3w. A abdykacja z obowi\u0105zk\u00f3w g\u0142owy pa\u0144stwa oznacza r\u00f3wnie\u017c Trybuna\u0142 Stanu \u2014 oznajmi\u0142 polityk, zaznaczaj\u0105c, \u017ce jego s\u0142owa to &#8222;realna gro\u017aba&#8221;, a nie tylko polityka.<\/p>\n<p>\u2014 Na wszystko przychodzi w historii czas. Niekiedy na os\u0105dy czeka si\u0119 dekad\u0119, czasami dwie, ale kara zawsze przychodzi \u2014 m\u00f3wi\u0142 w rozmowie z &#8222;Rz&#8221;.<\/p>\n<p>     Wicepremier straci\u0142 nadziej\u0119. &#8222;Pr\u00f3bowa\u0142em rozmawia\u0107&#8221;Gawkowski stwierdzi\u0142 tak\u017ce, \u017ce nie wierzy ju\u017c, \u017ce Nawrocki podpisze <a href=\"https:\/\/wiadomosci.onet.pl\/tylko-w-onecie\/weto-w-sprawie-uslug-cyfrowych-weglarczyk-ostro-o-decyzji-prezydenta\/t3bsj50\" id=\"398ccdd0-88f1-416c-88aa-6afede862ed7\" rel=\"nofollow noopener\" target=\"_blank\">jak\u0105kolwiek ustaw\u0119, kt\u00f3r\u0105 przygotuje jego resort. <\/a>Podkre\u015bla, \u017ce pr\u00f3bowa\u0142 si\u0119 porozumie\u0107, rozmawia\u0107, ale nie doczeka\u0142 si\u0119 odzewu. \u2014 Mam wra\u017cenie, \u017ce polityka prezydenta Nawrockiego polega na tym, \u017ceby krzycze\u0107 w telewizji, realizowa\u0107 polityczne wytyczne PiS i Konfederacji, ale kiedy przychodzi do konkret\u00f3w, to udawa\u0107, \u017ce go w tym pokoju nie ma \u2014 oceni\u0142 minister.<\/p>\n<p>\u2014 Nie wierz\u0119, \u017ce prezydent b\u0119dzie wetowa\u0142 wszystko, co dobre, bo musia\u0142by wprost powiedzie\u0107, \u017ce nie chce, \u017ceby Polska si\u0119 zmienia\u0142a \u2014 doda\u0142.<\/p>\n<p>\u2014 Niech powie, \u017ce big techy maj\u0105 u nas rz\u0105dzi\u0107. Niech powie, \u017ce nie powinny tu p\u0142aci\u0107 podatk\u00f3w. Niech powie, \u017ce sztuczna inteligencja nie powinna by\u0107 w \u017caden spos\u00f3b ograniczana i ma decydowa\u0107 za cz\u0142owieka. Niech powie, \u017ce nie powinni\u015bmy wprowadza\u0107 nowych technologii. Czekam na to \u2014 oznajmi\u0142 w rozmowie z &#8222;Rz&#8221;.<\/p>\n","protected":false},"excerpt":{"rendered":"Wicepremier i minister cyfryzacji Krzysztof Gawkowski w rozmowie z &#8222;Rzeczpospolit\u0105&#8221; w ostrych s\u0142owach skrytykowa\u0142 zar\u00f3wno obecnego, jak i&hellip;\n","protected":false},"author":2,"featured_media":375471,"comment_status":"","ping_status":"","sticky":false,"template":"","format":"standard","meta":{"footnotes":"","_share_on_mastodon":"0"},"categories":[62712],"tags":[2159,61195,690,43,6332,49,8091,48,56992,46,47,789,8206],"class_list":["post-375470","post","type-post","status-publish","format-standard","has-post-thumbnail","category-karol-nawrocki","tag-andrzej_duda","tag-bottomfeed_styl","tag-karol-nawrocki","tag-karol_nawrocki","tag-konstytucja","tag-kraj","tag-krzysztof_gawkowski","tag-nat_styl","tag-newbb_tst1","tag-omp","tag-screening_general","tag-trybunal_stanu","tag-weto"],"share_on_mastodon":{"url":"https:\/\/pubeurope.com\/@pl\/116428517035709397","error":""},"_links":{"self":[{"href":"https:\/\/www.europesays.com\/pl\/wp-json\/wp\/v2\/posts\/375470","targetHints":{"allow":["GET"]}}],"collection":[{"href":"https:\/\/www.europesays.com\/pl\/wp-json\/wp\/v2\/posts"}],"about":[{"href":"https:\/\/www.europesays.com\/pl\/wp-json\/wp\/v2\/types\/post"}],"author":[{"embeddable":true,"href":"https:\/\/www.europesays.com\/pl\/wp-json\/wp\/v2\/users\/2"}],"replies":[{"embeddable":true,"href":"https:\/\/www.europesays.com\/pl\/wp-json\/wp\/v2\/comments?post=375470"}],"version-history":[{"count":0,"href":"https:\/\/www.europesays.com\/pl\/wp-json\/wp\/v2\/posts\/375470\/revisions"}],"wp:featuredmedia":[{"embeddable":true,"href":"https:\/\/www.europesays.com\/pl\/wp-json\/wp\/v2\/media\/375471"}],"wp:attachment":[{"href":"https:\/\/www.europesays.com\/pl\/wp-json\/wp\/v2\/media?parent=375470"}],"wp:term":[{"taxonomy":"category","embeddable":true,"href":"https:\/\/www.europesays.com\/pl\/wp-json\/wp\/v2\/categories?post=375470"},{"taxonomy":"post_tag","embeddable":true,"href":"https:\/\/www.europesays.com\/pl\/wp-json\/wp\/v2\/tags?post=375470"}],"curies":[{"name":"wp","href":"https:\/\/api.w.org\/{rel}","templated":true}]}}