{"id":375659,"date":"2026-04-19T03:16:10","date_gmt":"2026-04-19T03:16:10","guid":{"rendered":"https:\/\/www.europesays.com\/pl\/375659\/"},"modified":"2026-04-19T03:16:10","modified_gmt":"2026-04-19T03:16:10","slug":"tajner-znow-prezesem-malysz-ma-dosc-a-horngacher-zjednoczyl-gorali-komentarz-sport-tvp-pl","status":"publish","type":"post","link":"https:\/\/www.europesays.com\/pl\/375659\/","title":{"rendered":"Tajner zn\u00f3w prezesem, Ma\u0142ysz ma do\u015b\u0107, a Horngacher&#8230; zjednoczy\u0142 g\u00f3rali [KOMENTARZ] &#8211; sport.tvp.pl"},"content":{"rendered":"<ol>\n<li><a href=\"https:\/\/news.google.com\/rss\/articles\/CBMiqgFBVV95cUxQa2VzS2RKRDYzV1VYLWNtdFJ1Q3o4NmVKb091R1RtVlVJWmx4NHVSZTgzTXJ2WHA2ZzQ5QjRobFFTQlNkX2dpanBzVDJVR2xySVJJaFQzdUE0UlVWZHl4SE9PTzRQc3Bhd2lMUkFqMWthVkx0dXhYQTJJZG1VbmVhbjIxbl9SYUxNMXZoOUswak9jRmZubXJrbUhySVRUUWkwQURfMEljbDFQQdIBrwFBVV95cUxNMTQzY0hReDNNVTN3cThTbXJXd3N4bXZPaXUxRmMzWmoyb3ZWR2duU2hWcmdoWWQyQnZrZ2JMVmFOellpWTJWbnZzQ09acWtlRzU3cjBfbHUzcGVzUFhwLU5hMjQ2eEVDY3VqSTI3MG1RaUpidThzWTQtdFRlcmZzWE1tdU52a3I0M2hpa0VTUnpfVzljaUlHUk8tbHBaaWNnNjlnTW40N0J1MEhNRklv?oc=5\" target=\"_blank\" rel=\"nofollow noopener\">Tajner zn\u00f3w prezesem, Ma\u0142ysz ma do\u015b\u0107, a Horngacher&#8230; zjednoczy\u0142 g\u00f3rali [KOMENTARZ]<\/a>&nbsp;&nbsp;sport.tvp.pl<\/li>\n<li><a href=\"https:\/\/news.google.com\/rss\/articles\/CBMiwgFBVV95cUxPXzZPN0tIaFlza2hQak81aXdiSWttbFJvS1ZXeXpoVjNKTkhTRXFSVWNZZlNlUmhrZWM1N1ktZVJFYm1URy13RldxS3lXamI3MVVaWGRIYWFhLVh0SVRGT3FjTWVtcVVDQXRTSC1KZTZvRnpoVUIweGNsVTR4N0g5VUh4bHBPSjhMY0pjamJ6YzhwQXhrTG5YUUhsZjFLcjhuV0tUMW1mQS1vZmt5bnE1LWRvUDJrR3NSbEhwTlVoRHdvZw?oc=5\" target=\"_blank\" rel=\"nofollow noopener\">Powr\u00f3t Apoloniusza Tajnera! B\u0119dzie kandydowa\u0107. Uderza w zwi\u0105zek Adama Ma\u0142ysza<\/a>&nbsp;&nbsp;Przegl\u0105d Sportowy<\/li>\n<li><a href=\"https:\/\/news.google.com\/rss\/articles\/CBMivgFBVV95cUxQYzRZTlE0Mk1lby1pUXBzaE1HT0ZHbjFCS1ZxcjM1OG9WenlZbExpNmJqV0pmYmxhS0Q4djVNcm02clVhQUJTSEFQTjQ0MUotRkFFQ0RMd2RaQnFrTlNUQ2ZPcW9rMndFYjNkcHhVdzNFc3dyMzNDTVBNX0Nsam92UFdjYVQ3VEc3bXFuTGxOMUl5S3hUaTU4ZGtkd1dObElCRmxyc1A1YWFNaG9aNWpfOXZHQThOdHY4YmlEeFJR?oc=5\" target=\"_blank\" rel=\"nofollow noopener\">Trz\u0119sienie ziemi w polskich skokach. Tajner og\u0142osi\u0142 decyzje, jednak zwrot akcji<\/a>&nbsp;&nbsp;Sport Interia<\/li>\n<li><a href=\"https:\/\/news.google.com\/rss\/articles\/CBMinwFBVV95cUxPck9FMERmX3BvS2RELWpXVGUzcG91TXZxMFR3OVRIZUtOU3hua2k3YlhrdlNheDUtalBoR1hucnRMd0lZajd1OFJHSXllSV9lQlBqQ3p4Q2NUVGFCb1BhQ0VhVFJrR25FQjRHbXViV3lBNHJoOW9RT2FwenV6UFhlaDA2QXlyVzFMdjJlQ0N2dUZzMDRFVC1MSHl1WTRDSmc?oc=5\" target=\"_blank\" rel=\"nofollow noopener\">&#8222;Wiem, co nale\u017cy zrobi\u0107&#8221;. Czy Tajner zast\u0105pi Ma\u0142ysza w PZN?<\/a>&nbsp;&nbsp;RMF24<\/li>\n<li><a href=\"https:\/\/news.google.com\/rss\/articles\/CBMinAFBVV95cUxOU0hhWjI0RGVvMG9QTURtSk5mR3FuYnV1dzRUV2pIdy16a0ZubEIyMFFuOXBVaVlVRkxHaV85elZoSjlQa09Ub05CQlloMG9tRFMzTm1mVVNGUmpnLURTN2R1Q0tDeEo2WkpDeFYtNmNXYUFHNUVHS0ljdGpBN182Z0RBb3pzX1JmSTlvQlBSWnhaYk1yS19NTWlFWC0?oc=5\" target=\"_blank\" rel=\"nofollow noopener\">Szykuje si\u0119 sensacja w PZN? Tajner og\u0142osi\u0142 decyzj\u0119<\/a>&nbsp;&nbsp;SportoweFakty<\/li>\n<\/ol>\n","protected":false},"excerpt":{"rendered":"Tajner zn\u00f3w prezesem, Ma\u0142ysz ma do\u015b\u0107, a Horngacher&#8230; zjednoczy\u0142 g\u00f3rali [KOMENTARZ]&nbsp;&nbsp;sport.tvp.pl Powr\u00f3t Apoloniusza Tajnera! B\u0119dzie kandydowa\u0107. Uderza w&hellip;\n","protected":false},"author":2,"featured_media":375660,"comment_status":"","ping_status":"","sticky":false,"template":"","format":"standard","meta":{"footnotes":"","_share_on_mastodon":"0"},"categories":[5],"tags":[1557,34805,32,33,36,37,27,34,35,28,31,25,42,38,40,39,41,24782,1538,334,28540,29,30,26],"class_list":["post-375659","post","type-post","status-publish","format-standard","has-post-thumbnail","category-naglowki","tag-adam-malysz","tag-apoloniusz-tajner","tag-breaking-news","tag-breakingnews","tag-featured-news","tag-featurednews","tag-headlines","tag-latest-news","tag-latestnews","tag-naglowki","tag-najwazniejsze-artykuly","tag-news","tag-pl","tag-poland","tag-polish","tag-polska","tag-polski","tag-pzn","tag-skoki-narciarskie","tag-sport-tvp-pl","tag-stefan-horngacher","tag-top-stories","tag-topstories","tag-wiadomosci"],"share_on_mastodon":{"url":"https:\/\/pubeurope.com\/@pl\/116429205197056707","error":""},"_links":{"self":[{"href":"https:\/\/www.europesays.com\/pl\/wp-json\/wp\/v2\/posts\/375659","targetHints":{"allow":["GET"]}}],"collection":[{"href":"https:\/\/www.europesays.com\/pl\/wp-json\/wp\/v2\/posts"}],"about":[{"href":"https:\/\/www.europesays.com\/pl\/wp-json\/wp\/v2\/types\/post"}],"author":[{"embeddable":true,"href":"https:\/\/www.europesays.com\/pl\/wp-json\/wp\/v2\/users\/2"}],"replies":[{"embeddable":true,"href":"https:\/\/www.europesays.com\/pl\/wp-json\/wp\/v2\/comments?post=375659"}],"version-history":[{"count":0,"href":"https:\/\/www.europesays.com\/pl\/wp-json\/wp\/v2\/posts\/375659\/revisions"}],"wp:featuredmedia":[{"embeddable":true,"href":"https:\/\/www.europesays.com\/pl\/wp-json\/wp\/v2\/media\/375660"}],"wp:attachment":[{"href":"https:\/\/www.europesays.com\/pl\/wp-json\/wp\/v2\/media?parent=375659"}],"wp:term":[{"taxonomy":"category","embeddable":true,"href":"https:\/\/www.europesays.com\/pl\/wp-json\/wp\/v2\/categories?post=375659"},{"taxonomy":"post_tag","embeddable":true,"href":"https:\/\/www.europesays.com\/pl\/wp-json\/wp\/v2\/tags?post=375659"}],"curies":[{"name":"wp","href":"https:\/\/api.w.org\/{rel}","templated":true}]}}