{"id":375813,"date":"2026-04-19T05:36:09","date_gmt":"2026-04-19T05:36:09","guid":{"rendered":"https:\/\/www.europesays.com\/pl\/375813\/"},"modified":"2026-04-19T05:36:09","modified_gmt":"2026-04-19T05:36:09","slug":"abp-jedraszewski-uderza-w-polska-szkole-to-samo-co-chcial-hitler","status":"publish","type":"post","link":"https:\/\/www.europesays.com\/pl\/375813\/","title":{"rendered":"Abp J\u0119draszewski uderza w polsk\u0105 szko\u0142\u0119. &#8222;To samo, co chcia\u0142 Hitler&#8221;"},"content":{"rendered":"\n<p>Dlaczego o tym piszemy?<\/p>\n<p>W sobot\u0119 po po\u0142udniu rozpocz\u0105\u0142 si\u0119 Zlot Gwia\u017adzisty na Jasn\u0105 G\u00f3r\u0119, organizowany przez Stowarzyszenie Mi\u0119dzynarodowy Motocyklowy Rajd Katy\u0144ski. Z uczestnikami zlotu spotka\u0142 si\u0119 abp senior Marek J\u0119draszewski, kt\u00f3ry skrytykowa\u0142 wsp\u00f3\u0142czesn\u0105 szko\u0142\u0119 i poziom wychowania patriotycznego.<\/p>\n<p>   <img decoding=\"async\" src=\"https:\/\/www.europesays.com\/pl\/wp-content\/uploads\/2026\/04\/5Cck9lGaHR0cHM6Ly9vY2RuLmV1L3B1bHNjbXMvTURBXy84NTAzNDE4ZC1mNjk2LTQwZDUtYWVkMy04N2I3YmExMmQyOTQuanBlZ.jpeg\" height=\"627\" width=\"940\" alt=\"Abp J\u0119draszewski na pielgrzymce motocyklist\u00f3w\" loading=\"lazy\" class=\"ods-c-image__img ods-c-image__img--viewport-width\"\/> <\/p>\n<p>Abp J\u0119draszewski na pielgrzymce motocyklist\u00f3wPAP\/Waldemar Deska<\/p>\n<p>Co powiedzia\u0142 abp J\u0119draszewski?<\/p>\n<p>Podczas spotkania w Auli Papieskiej na Jasnej G\u00f3rze abp J\u0119draszewski m\u00f3wi\u0142 m.in. o wychowaniu patriotycznym. \u2014 Je\u017celi wed\u0142ug bada\u0144 statystycznych ok. 13 proc. Polak\u00f3w nie kocha Polski, a dla dwudziestu kilku kolejnych sprawy Polski s\u0105 oboj\u0119tne, to naprawd\u0119 znajdujemy si\u0119 w sytuacji dramatycznej. Je\u015bli o tym m\u00f3wi\u0119, to nie dlatego, by wzbudzi\u0107 u pa\u0144stwa poczucie pesymizmu. Ka\u017cdy sensowny program naprawczy zaczyna si\u0119 od stwierdzenia, jak jest \u2014 powiedzia\u0142.<\/p>\n<p>Zaznaczy\u0142, \u017ce sam jest optymist\u0105. \u2014 Jest wiele wspania\u0142ych rzeczy, kt\u00f3re si\u0119 rodz\u0105 i tak\u0105 jest Rajd Katy\u0144ski, kt\u00f3ry szuka nowego j\u0119zyka, by zarazi\u0107 ludzi nie tylko tym, co si\u0119 odczuwa, jad\u0105c motocyklem, ale i pewn\u0105 ide\u0105, kt\u00f3r\u0105 poprzez motocykl mo\u017cna przekaza\u0107 dalej \u2014 doda\u0142.<\/p>\n<p> <img decoding=\"async\" src=\"https:\/\/www.europesays.com\/pl\/wp-content\/uploads\/2026\/04\/SBTk9lGaHR0cHM6Ly9vY2RuLmV1L3B1bHNjbXMvTURBXy8zOTU0MjZiMC02NWZhLTRmZjktYTQxNC1lZTA0MmRlYWMzOWUuanBlZ.jpeg\" height=\"627\" width=\"940\" alt=\"Abp J\u0119draszewski na pielgrzymce motocyklist\u00f3w\" loading=\"lazy\" class=\"ods-c-image__img ods-c-image__img--viewport-width\"\/> <\/p>\n<p>Abp J\u0119draszewski na pielgrzymce motocyklist\u00f3wPAP\/Waldemar Deska<\/p>\n<p>Hierarcha skrytykowa\u0142 wsp\u00f3\u0142czesn\u0105 szko\u0142\u0119. \u2014 Wycina si\u0119 nauczanie historii, nauczanie j\u0119zyka polskiego, geografii i wszystkich wa\u017cnych przedmiot\u00f3w wp\u0142ywaj\u0105cych bezpo\u015brednio na kszta\u0142towanie to\u017csamo\u015bci. Chce si\u0119 zrobi\u0107 z naszej m\u0142odzie\u017cy to samo, co chcia\u0142 Hitler: nauczy\u0107 tylko dodawania i odejmowania, by powsta\u0142a masa bezwolna do pracy na, dzisiaj, niemieckich polach szparagowych. Nie mo\u017cna do tego dopu\u015bci\u0107! \u2014 apelowa\u0142.<\/p>\n<p>Zobacz:<\/p>\n","protected":false},"excerpt":{"rendered":"Dlaczego o tym piszemy? W sobot\u0119 po po\u0142udniu rozpocz\u0105\u0142 si\u0119 Zlot Gwia\u017adzisty na Jasn\u0105 G\u00f3r\u0119, organizowany przez Stowarzyszenie&hellip;\n","protected":false},"author":2,"featured_media":375814,"comment_status":"","ping_status":"","sticky":false,"template":"","format":"standard","meta":{"footnotes":"","_share_on_mastodon":"0"},"categories":[12],"tags":[61195,702,16003,48,56992,46,42,38,40,39,41,47,1887,925,70],"class_list":["post-375813","post","type-post","status-publish","format-standard","has-post-thumbnail","category-polska","tag-bottomfeed_styl","tag-kosciol_katolicki","tag-marek_jedraszewski","tag-nat_styl","tag-newbb_tst1","tag-omp","tag-pl","tag-poland","tag-polish","tag-polska","tag-polski","tag-screening_general","tag-slask","tag-szkola_nauczyciele_uczniowie","tag-w_skrocie"],"share_on_mastodon":{"url":"https:\/\/pubeurope.com\/@pl\/116429756349167959","error":""},"_links":{"self":[{"href":"https:\/\/www.europesays.com\/pl\/wp-json\/wp\/v2\/posts\/375813","targetHints":{"allow":["GET"]}}],"collection":[{"href":"https:\/\/www.europesays.com\/pl\/wp-json\/wp\/v2\/posts"}],"about":[{"href":"https:\/\/www.europesays.com\/pl\/wp-json\/wp\/v2\/types\/post"}],"author":[{"embeddable":true,"href":"https:\/\/www.europesays.com\/pl\/wp-json\/wp\/v2\/users\/2"}],"replies":[{"embeddable":true,"href":"https:\/\/www.europesays.com\/pl\/wp-json\/wp\/v2\/comments?post=375813"}],"version-history":[{"count":0,"href":"https:\/\/www.europesays.com\/pl\/wp-json\/wp\/v2\/posts\/375813\/revisions"}],"wp:featuredmedia":[{"embeddable":true,"href":"https:\/\/www.europesays.com\/pl\/wp-json\/wp\/v2\/media\/375814"}],"wp:attachment":[{"href":"https:\/\/www.europesays.com\/pl\/wp-json\/wp\/v2\/media?parent=375813"}],"wp:term":[{"taxonomy":"category","embeddable":true,"href":"https:\/\/www.europesays.com\/pl\/wp-json\/wp\/v2\/categories?post=375813"},{"taxonomy":"post_tag","embeddable":true,"href":"https:\/\/www.europesays.com\/pl\/wp-json\/wp\/v2\/tags?post=375813"}],"curies":[{"name":"wp","href":"https:\/\/api.w.org\/{rel}","templated":true}]}}