{"id":375959,"date":"2026-04-19T07:34:10","date_gmt":"2026-04-19T07:34:10","guid":{"rendered":"https:\/\/www.europesays.com\/pl\/375959\/"},"modified":"2026-04-19T07:34:10","modified_gmt":"2026-04-19T07:34:10","slug":"dawna-polska-top-1-wrocila-na-pomaranczowa-platforme-to-sie-dzieje-na-jej-streamach-kick","status":"publish","type":"post","link":"https:\/\/www.europesays.com\/pl\/375959\/","title":{"rendered":"Dawna polska TOP 1 wr\u00f3ci\u0142a na pomara\u0144czow\u0105 platform\u0119. To si\u0119 dzieje na jej streamach Kick"},"content":{"rendered":"<p>W pewnym momencie by\u0142a zdecydowan\u0105 TOP 1 polskiej pomara\u0144czowej platformy. Potem znikn\u0119\u0142a. O swoich planach zaprzestania wrzucania contentu opowiada\u0142a wielokrotnie. Skupi\u0142a si\u0119 na streamowaniu i na niebieskiej stronie.<\/p>\n<p>Teraz co\u015b si\u0119 jednak zmieni\u0142o. Dawna TOP 1 zaj\u0119\u0142a si\u0119 nie tylko kana\u0142em na Youtube, ale i streamami na Kicku. Te nie s\u0105 ogl\u0105dane jako\u015b niesamowicie cz\u0119sto, a g\u0142\u00f3wnym odbiorc\u0105 wydaje si\u0119 partner Patrycji.<\/p>\n<p>Wczoraj do wi\u0119kszej ilo\u015bci os\u00f3b przebi\u0142y si\u0119 klipy, na kt\u00f3rych kto\u015b donejtuje Patrycj\u0119, by ta na zmian\u0119 zapina\u0142a i rozpina\u0142a suwak w ubraniu. Po kilkaset z\u0142otych. Oczywi\u015bcie s\u0105 podejrzenia, \u017ce widzowie ci wcale nie istniej\u0105, a donejty s\u0105 fa\u0142szywe. Trzeba bra\u0107 taki scenariusz pod uwag\u0119. Nie ma na to jednak \u017cadnych dowod\u00f3w.<\/p>\n<p>Klipy te zebra\u0142y ju\u017c ponad 78 tysi\u0119cy zasi\u0119gu, a liczba ta ci\u0105gle ro\u015bnie.<\/p>\n<p><a href=\"https:\/\/boop.pl\/img\/#https:\/\/img.boop.pl\/uploads\/2026\/04\/130719620183-dawna-polska-top-1-wrocila-na-pomar.jpg?class=full\" data-no-instant=\"\" rel=\"noopener nofollow\" target=\"_blank\"><img decoding=\"async\" loading=\"lazy\" class=\"aligncenter size-full img-419871\"   alt=\"\" width=\"771\" height=\"697\"\/><\/a><\/p>\n<p>Te klipy:<\/p>\n<p><img decoding=\"async\" loading=\"lazy\" class=\"vimg-tumb\" alt=\"Video\"  \/><img decoding=\"async\" loading=\"lazy\" class=\"bimg-tumb\" alt=\"Video\"  \/><img decoding=\"async\" loading=\"lazy\" class=\"vimg-tumb\" alt=\"Video\"  \/><img decoding=\"async\" loading=\"lazy\" class=\"bimg-tumb\" alt=\"Video\"  \/><\/p>\n<p>Najpopularniejszy klip na kanale:<\/p>\n<p><img decoding=\"async\" loading=\"lazy\" class=\"vimg-tumb\" alt=\"Video\"  \/><img decoding=\"async\" loading=\"lazy\" class=\"bimg-tumb\" alt=\"Video\"  \/><\/p>\n<p>Natalie Wayne, bo o niej mowa (prawdziwe imi\u0119 Patrycja) jaki\u015b czas temu dawa\u0142a do zrozumienia, \u017ce odpuszcza pomara\u0144czow\u0105 platform\u0119. Jej konto w teorii znikn\u0119\u0142o.<\/p>\n<p>W teorii, bo po\u0142ow\u0119 czasu sp\u0119dzamy w Stanach i widzimy, \u017ce Polka wcale nie zako\u0144czy\u0142a tam dzia\u0142alno\u015bci. Po prostu profil zosta\u0142 ukryty przed Polakami. Nowe filmy nadal s\u0105 tam dodawane, cho\u0107 bardziej w formie zajawki.<\/p>\n<p><a href=\"https:\/\/boop.pl\/img\/#https:\/\/img.boop.pl\/uploads\/2026\/04\/360719065902-dawna-polska-top-1-wrocila-na-pomar.jpg?class=full\" data-no-instant=\"\" rel=\"noopener nofollow\" target=\"_blank\"><img decoding=\"async\" loading=\"lazy\" class=\"aligncenter size-full img-419869\"   alt=\"\" width=\"983\" height=\"519\"\/><\/a><\/p>\n<p>Zbiera to te kilkaset wy\u015bwietle\u0144 i w zasadzie trudno powiedzie\u0107, po co jest udost\u0119pniane. Natalie Wayne w pewnym momencie by\u0142a naprawd\u0119 popularna, natomiast potem jej kariera skr\u0119ci\u0142a w stron\u0119 spokojniejszej dzia\u0142alno\u015bci.<\/p>\n<p>Niewiele os\u00f3b pami\u0119ta, \u017ce ona sama walczy\u0142a nawet w Prime MMA. Dzisiaj jest to niemo\u017cliwe, mi\u0119dzy innymi przez kontuzj\u0119.<\/p>\n","protected":false},"excerpt":{"rendered":"W pewnym momencie by\u0142a zdecydowan\u0105 TOP 1 polskiej pomara\u0144czowej platformy. Potem znikn\u0119\u0142a. O swoich planach zaprzestania wrzucania contentu&hellip;\n","protected":false},"author":2,"featured_media":375960,"comment_status":"","ping_status":"","sticky":false,"template":"","format":"standard","meta":{"footnotes":"","_share_on_mastodon":"0"},"categories":[12],"tags":[3103,41921,42,38,40,39,41],"class_list":["post-375959","post","type-post","status-publish","format-standard","has-post-thumbnail","category-polska","tag-dla-ciebie","tag-kick","tag-pl","tag-poland","tag-polish","tag-polska","tag-polski"],"share_on_mastodon":{"url":"https:\/\/pubeurope.com\/@pl\/116430219846454497","error":""},"_links":{"self":[{"href":"https:\/\/www.europesays.com\/pl\/wp-json\/wp\/v2\/posts\/375959","targetHints":{"allow":["GET"]}}],"collection":[{"href":"https:\/\/www.europesays.com\/pl\/wp-json\/wp\/v2\/posts"}],"about":[{"href":"https:\/\/www.europesays.com\/pl\/wp-json\/wp\/v2\/types\/post"}],"author":[{"embeddable":true,"href":"https:\/\/www.europesays.com\/pl\/wp-json\/wp\/v2\/users\/2"}],"replies":[{"embeddable":true,"href":"https:\/\/www.europesays.com\/pl\/wp-json\/wp\/v2\/comments?post=375959"}],"version-history":[{"count":0,"href":"https:\/\/www.europesays.com\/pl\/wp-json\/wp\/v2\/posts\/375959\/revisions"}],"wp:featuredmedia":[{"embeddable":true,"href":"https:\/\/www.europesays.com\/pl\/wp-json\/wp\/v2\/media\/375960"}],"wp:attachment":[{"href":"https:\/\/www.europesays.com\/pl\/wp-json\/wp\/v2\/media?parent=375959"}],"wp:term":[{"taxonomy":"category","embeddable":true,"href":"https:\/\/www.europesays.com\/pl\/wp-json\/wp\/v2\/categories?post=375959"},{"taxonomy":"post_tag","embeddable":true,"href":"https:\/\/www.europesays.com\/pl\/wp-json\/wp\/v2\/tags?post=375959"}],"curies":[{"name":"wp","href":"https:\/\/api.w.org\/{rel}","templated":true}]}}