{"id":376046,"date":"2026-04-19T08:41:12","date_gmt":"2026-04-19T08:41:12","guid":{"rendered":"https:\/\/www.europesays.com\/pl\/376046\/"},"modified":"2026-04-19T08:41:12","modified_gmt":"2026-04-19T08:41:12","slug":"burza-w-sieci-po-polfinale-mam-talent-czas-na-zmiany-2","status":"publish","type":"post","link":"https:\/\/www.europesays.com\/pl\/376046\/","title":{"rendered":"Burza w sieci po p\u00f3\u0142finale &#8222;Mam talent!&#8221;. &#8222;Czas na zmiany&#8221;"},"content":{"rendered":"<p>&#8222;<a href=\"https:\/\/plejada.pl\/temat\/mam-talent\/fx5kvfk\" id=\"876c5879-a989-4c68-8be9-b651a41f5c78\" rel=\"nofollow noopener\" target=\"_blank\">Mam Talent!<\/a>&#8221; wchodzi w decyduj\u0105c\u0105 faz\u0119, a p\u00f3\u0142fina\u0142y od lat nale\u017c\u0105 do najbardziej emocjonuj\u0105cych moment\u00f3w ca\u0142ego programu. To w\u0142a\u015bnie wtedy uczestnicy prezentuj\u0105 swoje najbardziej dopracowane wyst\u0119py, walcz\u0105c o miejsce w wielkim finale.<\/p>\n<p>To te\u017c moment, w kt\u00f3rym emocje si\u0119gaj\u0105 zenitu. Zar\u00f3wno jurorzy, jak i publiczno\u015b\u0107 reaguj\u0105 bardzo \u017cywio\u0142owo na wyst\u0119py, a decyzje dotycz\u0105ce awansu cz\u0119sto budz\u0105 dyskusje i skrajne opinie. Po emocjonuj\u0105cych decyzjach jury oraz g\u0142osowaniu widz\u00f3w w sobot\u0119 wy\u0142oniono osoby, kt\u00f3re zdoby\u0142y najwi\u0119ksze uznanie. Do fina\u0142u przesz\u0142y: duet Liza i Dina (pies) oraz Milena Tesarska. <\/p>\n<p>     Zobacz tak\u017ce: <a href=\"https:\/\/plejada.pl\/newsy\/jan-pirowski-o-10-letnim-miloszu-zdradza-co-wydarzylo-sie-po-mam-talent\/37tcfkl\" id=\"d72d16bc-adba-4943-8316-8cb6b8915d11\" rel=\"nofollow noopener\" target=\"_blank\">Jan Pirowski us\u0142ysza\u0142 to od 10-letniego Mi\u0142osza po &#8222;Mam talent!&#8221;. &#8222;Chc\u0119 uspokoi\u0107&#8221;<\/a> Dalszy ci\u0105g artyku\u0142u pod materia\u0142em wideo Fala komentarzy po &#8222;Mam talent!&#8221;<\/p>\n<p>Tym razem jurorzy stan\u0119li przed trudnym wyborem, decyduj\u0105c, kto awansuje do fina\u0142u. Do rywalizacji o miejsce w kolejnym etapie przyst\u0105pili Maciej Pa\u0142aty\u0144ski, prezentuj\u0105cy swoje umiej\u0119tno\u015bci z jojo, oraz Milena Tesarska, kt\u00f3ra specjalizuje si\u0119 w akrobatyce powietrznej.<\/p>\n<p>Po naradzie i g\u0142osowaniu juror\u00f3w \u2014 Julia Wieniawa, Agustin Egurrola, Marcin Prokop oraz Agnieszka Chyli\u0144ska \u2014 zdecydowano, \u017ce do dalszego etapu przechodzi m\u0142oda akrobatka.<\/p>\n<p>Najwi\u0119ksze emocje w sieci nie dotyczy\u0142y jednak samego werdyktu. W komentarzach internaut\u00f3w pojawi\u0142y si\u0119 te\u017c krytyczne g\u0142osy, w kt\u00f3rych cz\u0119\u015b\u0107 os\u00f3b kwestionowa\u0142a udzia\u0142 zwierz\u0105t w tego typu programach, uznaj\u0105c, \u017ce nie powinny one bra\u0107 udzia\u0142u w telewizyjnych talent show.<\/p>\n<p>&#8222;Nic pi\u0119kniejszego dzi\u015b nie zobaczycie&#8221;<\/p>\n<p>&#8222;Uwa\u017cam, \u017ce zwierz\u0119ta nie powinny wyst\u0119powa\u0107 w takich programach. Czuj\u0119, jakbym ogl\u0105da\u0142a zwierz\u0119 w cyrku. Nie ma znaczenia dla mnie, \u017ce robi to ze swoj\u0105 w\u0142a\u015bcicielk\u0105&#8230; \u0179le mi si\u0119 patrzy\u0142o, jak ten pies, jak w wojsku na ko\u0144cu co chwil\u0119 siada\u0142 i patrzy\u0142 na w\u0142a\u015bcicielk\u0119 w taki wyuczony spos\u00f3b. Pies czy zwierzaki musz\u0105 by\u0107 w \u015brodowisku domowym albo biega\u0107 po dworze, a nie by\u0107 zmuszane wyst\u0119powa\u0107 dla innych ku uciesze w\u0142a\u015bcicielki. Tak samo, jak dzieci do pewnego wieku nie powinny wyst\u0119powa\u0107 w takich programach&#8221;<\/p>\n<p>&#8222;Serio ludzie? Ju\u017c nie by\u0142o na kogo g\u0142osowa\u0107? My\u015bla\u0142am, \u017ce to program dla ludzi, a nie dla skacz\u0105cego pieska&#8221;<\/p>\n<p>&#8222;\u017baden talent tylko tresura&#8221;<\/p>\n<p>&#8222;To nie s\u0105 kandydaci do fina\u0142u, byli lepsi&#8221;<\/p>\n<p>&#8222;Pora\u017cka. Kto tu ma talent. Pies czy cz\u0142owiek. Ka\u017cdego border collie mo\u017cna nauczy\u0107 niemal wszystkiego&#8221;<\/p>\n<p>&#8222;Nie rozumiem, co jest tam takiego niezwyk\u0142ego, by i\u015b\u0107 gwarantowanie do fina\u0142u&#8221;<\/p>\n<p>&#8222;By\u0142o to \u0142adne i przyjemnie si\u0119 ogl\u0105da\u0142o&#8221;<\/p>\n<p>&#8222;Ju\u017c chyba dwa razy wygra\u0142 pies, czas na zmiany&#8221;<\/p>\n<p>Sprawd\u017a: <a href=\"https:\/\/plejada.pl\/zdjecia-gwiazd\/posagowa-paulina-krupinska-i-usmiechniety-marcin-prokop-w-mam-talent-foto\/qwm2h0m\" id=\"f5c5e551-d1c7-4b77-8885-6c93ec9084c6\" rel=\"nofollow noopener\" target=\"_blank\">Paulina Krupi\u0144ska ol\u015bni\u0142a w &#8222;Mam talent!&#8221;. Nie zabrak\u0142o Marcina Prokopa<\/a> Dzi\u0119kujemy, \u017ce przeczyta\u0142a\u015b\/e\u015b nasz artyku\u0142 do ko\u0144ca. W serwisie Plejada.pl ka\u017cdego dnia piszemy o najwa\u017cniejszych wydarzeniach show-biznesowych. B\u0105d\u017a na bie\u017c\u0105co!<a rel=\"nofollow noopener\" href=\"https:\/\/profile.google.com\/cp\/Cg0vZy8xMWJ6X19wdHBx\" id=\"cc665716-97a4-48a5-933f-effcd39bde6f\" target=\"_blank\"> Obserwuj<\/a> Plejad\u0119 w Google. Odwied\u017a nas tak\u017ce na<a rel=\"nofollow noopener\" href=\"https:\/\/www.facebook.com\/plejadapl\" id=\"ed2f94ee-ba58-49a2-897c-f28b3f6ed388\" target=\"_blank\"> Facebooku<\/a>,<a rel=\"nofollow noopener\" href=\"https:\/\/www.instagram.com\/plejadapl\/\" id=\"a4856af0-2a95-411d-8ec1-06a5a70f6b9a\" target=\"_blank\"> Instagramie<\/a>,<a rel=\"nofollow noopener\" href=\"https:\/\/www.youtube.com\/c\/plejada\" id=\"223dc84a-2303-4e53-bf8f-29ce02dcb2c1\" target=\"_blank\"> YouTubie<\/a> oraz<a rel=\"nofollow noopener\" href=\"https:\/\/www.tiktok.com\/@plejada_pl\" id=\"fb0077bf-4085-4814-bd70-f6c45352ecf0\" target=\"_blank\"> TikToku<\/a>.Chcesz podzieli\u0107 si\u0119 ciekawym newsem lub zaproponowa\u0107 temat? Skontaktuj si\u0119 z nami, pisz\u0105c maila na adres: <a rel=\"nofollow noopener\" href=\"https:\/\/plejada.pl\/newsy\/burza-w-sieci-po-polfinale-mam-talent-czas-na-zmiany\/mailto:plejada@redakcjaonet.pl\" id=\"09d7c562-ce3b-4540-9e61-cd43441b7416\" target=\"_blank\">plejada@redakcjaonet.pl<\/a>.<script async src=\"\/\/www.instagram.com\/embed.js\"><\/script><script async src=\"\/\/www.tiktok.com\/embed.js\"><\/script><\/p>\n","protected":false},"excerpt":{"rendered":"&#8222;Mam Talent!&#8221; wchodzi w decyduj\u0105c\u0105 faz\u0119, a p\u00f3\u0142fina\u0142y od lat nale\u017c\u0105 do najbardziej emocjonuj\u0105cych moment\u00f3w ca\u0142ego programu. To&hellip;\n","protected":false},"author":2,"featured_media":376047,"comment_status":"","ping_status":"","sticky":false,"template":"","format":"standard","meta":{"footnotes":"","_share_on_mastodon":"0"},"categories":[22],"tags":[16832,61195,122,1154,48,125,46,42,38,40,39,41,123,47],"class_list":["post-376046","post","type-post","status-publish","format-standard","has-post-thumbnail","category-rozrywka","tag-_mam_talent_","tag-bottomfeed_styl","tag-entertainment","tag-media_spolecznosciowe","tag-nat_styl","tag-newsy","tag-omp","tag-pl","tag-poland","tag-polish","tag-polska","tag-polski","tag-rozrywka","tag-screening_general"],"share_on_mastodon":{"url":"https:\/\/pubeurope.com\/@pl\/116430483513732898","error":""},"_links":{"self":[{"href":"https:\/\/www.europesays.com\/pl\/wp-json\/wp\/v2\/posts\/376046","targetHints":{"allow":["GET"]}}],"collection":[{"href":"https:\/\/www.europesays.com\/pl\/wp-json\/wp\/v2\/posts"}],"about":[{"href":"https:\/\/www.europesays.com\/pl\/wp-json\/wp\/v2\/types\/post"}],"author":[{"embeddable":true,"href":"https:\/\/www.europesays.com\/pl\/wp-json\/wp\/v2\/users\/2"}],"replies":[{"embeddable":true,"href":"https:\/\/www.europesays.com\/pl\/wp-json\/wp\/v2\/comments?post=376046"}],"version-history":[{"count":0,"href":"https:\/\/www.europesays.com\/pl\/wp-json\/wp\/v2\/posts\/376046\/revisions"}],"wp:featuredmedia":[{"embeddable":true,"href":"https:\/\/www.europesays.com\/pl\/wp-json\/wp\/v2\/media\/376047"}],"wp:attachment":[{"href":"https:\/\/www.europesays.com\/pl\/wp-json\/wp\/v2\/media?parent=376046"}],"wp:term":[{"taxonomy":"category","embeddable":true,"href":"https:\/\/www.europesays.com\/pl\/wp-json\/wp\/v2\/categories?post=376046"},{"taxonomy":"post_tag","embeddable":true,"href":"https:\/\/www.europesays.com\/pl\/wp-json\/wp\/v2\/tags?post=376046"}],"curies":[{"name":"wp","href":"https:\/\/api.w.org\/{rel}","templated":true}]}}