{"id":376534,"date":"2026-04-19T14:20:28","date_gmt":"2026-04-19T14:20:28","guid":{"rendered":"https:\/\/www.europesays.com\/pl\/376534\/"},"modified":"2026-04-19T14:20:28","modified_gmt":"2026-04-19T14:20:28","slug":"narodowy-marsz-zycia-przeszedl-w-warszawie-prezydent-zabral-glos","status":"publish","type":"post","link":"https:\/\/www.europesays.com\/pl\/376534\/","title":{"rendered":"Narodowy Marsz \u017bycia przeszed\u0142 w Warszawie. Prezydent zabra\u0142 g\u0142os"},"content":{"rendered":"<p>Pod has\u0142em &#8222;Wiara i Wierno\u015b\u0107 966-2026&#8221; w niedziel\u0119 ulicami Warszawy przeszed\u0142 Narodowy Marsz \u017bycia. Ruszy\u0142 z Placu Zamkowego oko\u0142o godziny 13. Wyj\u015bcie poprzedzi\u0142y msze \u015bw. odprawione o godz. 11 w dw\u00f3ch ko\u015bcio\u0142ach. W Bazylice Archikatedralnej pw. M\u0119cze\u0144stwa Jana Chrzciciela mszy \u015bw. przewodniczy\u0142 biskup Piotr Jarecki, a w Katedrze Warszawsko-Praskiej pw. \u015bw. Micha\u0142a Archanio\u0142a i \u015bw. Floriana \u2014 biskup Tomasz Sztajerwald.<\/p>\n<p> Dalszy ci\u0105g artyku\u0142u pod materia\u0142em wideo <\/p>\n<p>Uczestnicy marszu przeszli ulicami: Senatorsk\u0105, Wierzbow\u0105 przez Plac Marsza\u0142ka J\u00f3zefa Pi\u0142sudskiego, Kr\u00f3lewsk\u0105 i Krakowskim Przedmie\u015bciem, a nast\u0119pnie wr\u00f3cili na Plac Zamkowy.<\/p>\n<p>Prezydent Nawrocki: wspieram t\u0119 inicjatyw\u0119     <\/p>\n<p>W chwili, gdy czo\u0142o Marszu znalaz\u0142o si\u0119 przed Pa\u0142acem Prezydenckim, do uczestnik\u00f3w wyszed\u0142 prezydent Karol Nawrocki. Zaznaczy\u0142, \u017ce Narodowy Marsz \u017bycia jest &#8222;pi\u0119kn\u0105 inicjatyw\u0105, kt\u00f3ra pokazuje, jak z\u0142o mo\u017cna zwyci\u0119\u017ca\u0107 dobrem&#8221;.<\/p>\n<p>\u2014 Wspieram te inicjatywy, kt\u00f3re s\u0142u\u017c\u0105 Polsce, a ta inicjatywa z ca\u0142\u0105 pewno\u015bci\u0105 s\u0142u\u017cy Polsce. Jest te\u017c odpowiedzi\u0105 na g\u0142\u0119boki kryzys demograficzny. Dzisiaj odpowied\u017a na wiele polskich problem\u00f3w tkwi w\u0142a\u015bnie w polskich rodzinach, w naszej to\u017csamo\u015bci, w tym, aby\u015bmy pami\u0119tali, sk\u0105d przychodzimy i dok\u0105d zmierzamy \u2014 m\u00f3wi\u0142 prezydent.<\/p>\n<p>Jedna z organizatorek Lidia Sankowska-Grabczuk podkre\u015bli\u0142a, \u017ce Narodowy Marsz \u017bycia jest jedn\u0105 z najwi\u0119kszych imprez pro-life w Europie.<\/p>\n<p>\u2014 Jest to impreza niezwykle wa\u017cna, poniewa\u017c w dalszym ci\u0105gu w Polsce, w Europie i na \u015bwiecie kwestionowane s\u0105 podstawowe prawa cz\u0142owieka: prawo do \u017cycia, prawo do ochrony rodziny, prawo do wychowywania dzieci zgodnie z w\u0142asnymi przekonaniami. Dop\u00f3ki te prawa b\u0119d\u0105 kwestionowane, dop\u00f3ty Narodowy Marsz \u017bycia b\u0119dzie szed\u0142 \u2014 zapowiedzia\u0142a.<\/p>\n<p>Sankowska-Grabczuk przypomina\u0142a, \u017ce marsz ma by\u0107 r\u00f3wnie\u017c upami\u0119tnieniem 1060. rocznicy Chrztu Polski, kt\u00f3ra obchodzona by\u0142a 14 kwietnia. Dlatego \u2014 jak podkre\u015bli\u0142a \u2014 tegorocznym has\u0142em marszu s\u0105 s\u0142owa: &#8222;Wiara i Wierno\u015b\u0107 966-2026&#8221;.<\/p>\n<p>\u2014 Wszystkie nasze postulaty: rodzina, prawo do \u017cycia, ma\u0142\u017ce\u0144stwo \u2014 to s\u0105 niezwykle wa\u017cne warto\u015bci, fundamenty dla nas wszystkich. Ale bez wiary i wierno\u015bci s\u0105 troch\u0119 jak dom budowany na piasku. Natomiast wiara i wierno\u015b\u0107 \u2014 wiara naszej cywilizacji chrze\u015bcija\u0144skiej, wierno\u015b\u0107 naszemu dziedzictwu ponadtysi\u0105cletniemu \u2014 to s\u0105 te sprawy, kt\u00f3re sprawiaj\u0105, \u017ce nasz dom rzeczywi\u015bcie jest trwa\u0142y, jest budowany na skalnym fundamencie. Z tym wszystkim dzisiaj b\u0119dziemy maszerowa\u0107 \u2014 m\u00f3wi\u0142a.<\/p>\n<p>O to walcz\u0105 uczestnicy marszu     <\/p>\n<p>Prezes Fundacji \u015awi\u0119tego Benedykta Bogus\u0142aw Kiernicki zaznaczy\u0142, \u017ce w\u015br\u00f3d warto\u015bci, kt\u00f3re zamanifestowa\u0107 chc\u0105 organizatorzy Marszu, najwa\u017cniejsze s\u0105: ochrona \u017cycia, ochrona rodziny i ochrona ma\u0142\u017ce\u0144stwa.<\/p>\n<p>\u2014 Wzywamy ludzi tutaj na marsz, bo obecno\u015b\u0107 tutaj jest \u015bwiadectwem. Chcemy to \u015bwiadectwo dawa\u0107 publicznie. Jan Pawe\u0142 II m\u00f3wi\u0142 kiedy\u015b do mojego pokolenia [&#8230;], \u017ce ka\u017cdy z nas ma swoje Westerplatte. P\u00f3\u017aniej papie\u017c Franciszek ju\u017c do innej m\u0142odzie\u017cy powiedzia\u0142, \u017ce trzeba wsta\u0107 z kanapy i zrobi\u0107 raban. To jest w\u0142a\u015bnie ta postawa, \u017ce nie mo\u017cna by\u0107 tylko widzem i obserwatorem, ale trzeba o swoich sprawach, o swoich pogl\u0105dach, \u015bwiadczy\u0107 \u017cyciem \u2014 stwierdzi\u0142.<\/p>\n<p>Wsp\u00f3\u0142prowadz\u0105cy Marsz Rafa\u0142 Patyra zaznaczy\u0142, \u017ce uczestnicy Narodowego Marszu \u017bycia wspomina\u0107 b\u0119d\u0105 tak\u017ce \u015aluby Lwowskie, z\u0142o\u017cone 1 kwietnia 1656 r., w czasie potopu szwedzkiego, przez kr\u00f3la Jana Kazimierza.<\/p>\n<p>\u2014 W\u00f3wczas, kiedy potop szwedzki zalewa\u0142 ca\u0142\u0105 Rzeczpospolit\u0105, wydawa\u0142o si\u0119, \u017ce nic z w\u00f3d tego potopu nie ocaleje. A jednak dzi\u0119ki wstawiennictwu z g\u00f3ry uda\u0142o si\u0119 Polsk\u0119 uratowa\u0107 i przeprowadzi\u0107 przez kolejne wieki. My jeste\u015bmy tymi, kt\u00f3rzy t\u0119 wielk\u0105 spu\u015bcizn\u0119, to wielkie dziedzictwo, kt\u00f3remu na imi\u0119 Polska chrze\u015bcija\u0144ska, Polska otwarta na \u017cycie, Polska otwarta na rodziny, na te tradycyjne warto\u015bci \u2014 jeste\u015bmy zobowi\u0105zani d\u017awiga\u0107 na swoich barkach \u2014 m\u00f3wi\u0142.<\/p>\n<p>Doda\u0142, \u017ce kolejnym wydarzeniem, kt\u00f3re zostanie na Marszu wspomniane, s\u0105 Jasnog\u00f3rskie \u015aluby Narodu, napisane przez prymasa Polski kard. Stefana Wyszy\u0144skiego, a odczytane 26 sierpnia 1956 r. na Jasnej G\u00f3rze.<\/p>\n<p>\u2014 Chcemy pokaza\u0107, \u017ce jeste\u015bmy wierni temu wszystkiemu, co napisa\u0142 (kard. Wyszy\u0144ski \u2014 PAP) i \u017ce jest kto\u015b, kto w Polsce ca\u0142y czas niesie ten ogie\u0144 nadziei na to, \u017ce \u017cycie jest najwa\u017cniejsze \u2014 doda\u0142 Patyra.<\/p>\n<p>     Narodowy Marsz \u017bycia ma 20-letni\u0105 tradycj\u0119<\/p>\n<p>Uczestnicy Narodowego Marszu \u017bycia nie\u015bli kopi\u0119 ikony Matki Bo\u017cej Cz\u0119stochowskiej, kt\u00f3ra od 14 lat odbywa pielgrzymk\u0119 przez \u015bwiat &#8222;w obronie cywilizacji \u017cycia&#8221; pod has\u0142em &#8222;Od Oceanu do Oceanu&#8221;. Do tej pory kopia ikony przejecha\u0142a 220 tys. km i odwiedzi\u0142a 32 kraje na pi\u0119ciu kontynentach.<\/p>\n<p>Organizatorami wydarzenia jest Fundacja \u015awi\u0119tego Benedykta oraz kilkadziesi\u0105t organizacji pro-life z ca\u0142ej Polski. Odbywa si\u0119 ono pod honorowym patronatem Konferencji Episkopatu Polski.<\/p>\n<p>Pierwszy Marsz \u017bycia odby\u0142 si\u0119 w Warszawie w 2006 r. Od tego czasu podobne inicjatywy organizowane s\u0105 co roku w ponad 150 miastach i miejscowo\u015bciach w ca\u0142ym kraju. Obok ma\u0142\u017ce\u0144stw z ma\u0142ymi dzie\u0107mi w wydarzeniu bior\u0105 udzia\u0142 osoby starsze, samotne, cz\u0142onkowie ruch\u00f3w i stowarzysze\u0144 oraz duchowni i osoby publiczne.<\/p>\n<p>        1\/15 Karol Nawrocki na Narodowym Marszu \u017bycia       <img class=\"ods-a-photo ods-a-photo--background\" src=\"https:\/\/www.europesays.com\/pl\/wp-content\/uploads\/2026\/04\/H4nk9lGaHR0cHM6Ly9vY2RuLmV1L3B1bHNjbXMvTURBXy81MTg1YjBjMy0wNDM0LTRlMWQtOTVjOC1iZDcxNWUwMzhhZDEuanBlZ.jpeg\" height=\"626\" width=\"940\" alt=\"Karol Nawrocki na Narodowym Marszu \u017bycia\" loading=\"lazy\" fetchpriority=\"auto\" decoding=\"auto\"\/>    <\/p>\n<p>PAP\/Radek Pietruszka<\/p>\n<p>  PAP\/Radek Pietruszka  <\/p>\n<p>PAP\/Radek Pietruszka<\/p>\n<p>   2\/15 Uczestnicy Narodowego Marszu \u017bycia       <img class=\"ods-a-photo ods-a-photo--background\" src=\"https:\/\/www.europesays.com\/pl\/wp-content\/uploads\/2026\/04\/SQbk9lGaHR0cHM6Ly9vY2RuLmV1L3B1bHNjbXMvTURBXy9lZjQxOGUwMi1iOTIwLTQ5NmUtYWNmYi1iNWUxMTU3OGRmYTcuanBlZ.jpeg\" height=\"627\" width=\"940\" alt=\"Uczestnicy Narodowego Marszu \u017bycia\" loading=\"lazy\" fetchpriority=\"auto\" decoding=\"auto\"\/>    <\/p>\n<p>PAP\/Radek Pietruszka<\/p>\n<p>  PAP\/Radek Pietruszka  <\/p>\n<p>PAP\/Radek Pietruszka<\/p>\n<p>          3\/15 Uczestnicy Narodowego Marszu \u017bycia       <img class=\"ods-a-photo ods-a-photo--background\" src=\"https:\/\/www.europesays.com\/pl\/wp-content\/uploads\/2026\/04\/CIyk9lGaHR0cHM6Ly9vY2RuLmV1L3B1bHNjbXMvTURBXy8wMTEwMjUwNi0xNzc1LTRlZTItOTc1Ni1iOWJkODc3NjUwZmMuanBlZ.jpeg\" height=\"627\" width=\"940\" alt=\"Uczestnicy Narodowego Marszu \u017bycia\" loading=\"lazy\" fetchpriority=\"auto\" decoding=\"auto\"\/>    <\/p>\n<p>PAP\/Radek Pietruszka<\/p>\n<p>  PAP\/Radek Pietruszka  <\/p>\n<p>PAP\/Radek Pietruszka<\/p>\n<p>   4\/15 Uczestnicy Narodowego Marszu \u017bycia       <img class=\"ods-a-photo ods-a-photo--background\" src=\"https:\/\/www.europesays.com\/pl\/wp-content\/uploads\/2026\/04\/xcnk9lGaHR0cHM6Ly9vY2RuLmV1L3B1bHNjbXMvTURBXy9hNDI0ODBlNy1iN2JlLTRlZjgtYjliNy05MTAwNTU4NDE3MDAuanBlZ.jpeg\" height=\"627\" width=\"940\" alt=\"Uczestnicy Narodowego Marszu \u017bycia\" loading=\"lazy\" fetchpriority=\"auto\" decoding=\"auto\"\/>    <\/p>\n<p>PAP\/Radek Pietruszka<\/p>\n<p>   PAP\/Radek Pietruszka  <\/p>\n<p> PAP\/Radek Pietruszka<\/p>\n<p>          5\/15 Uczestnicy Narodowego Marszu \u017bycia       <img class=\"ods-a-photo ods-a-photo--background\" src=\"https:\/\/www.europesays.com\/pl\/wp-content\/uploads\/2026\/04\/WnCk9lGaHR0cHM6Ly9vY2RuLmV1L3B1bHNjbXMvTURBXy82ZTk3NDhjMy1kMGRlLTQzNzYtYmM5ZS05NzNiZTYwNjZmYTYuanBlZ.jpeg\" height=\"627\" width=\"940\" alt=\"Uczestnicy Narodowego Marszu \u017bycia\" loading=\"lazy\" fetchpriority=\"auto\" decoding=\"auto\"\/>    <\/p>\n<p>PAP\/Radek Pietruszka<\/p>\n<p>  PAP\/Radek Pietruszka  <\/p>\n<p>PAP\/Radek Pietruszka<\/p>\n<p>   6\/15 Kapelan prezydenta RP ks. Jaros\u0142aw W\u0105sowicz przemawia do uczestnik\u00f3w Narodowego Marszu \u017bycia w Warszawie       <img class=\"ods-a-photo ods-a-photo--background\" src=\"https:\/\/www.europesays.com\/pl\/wp-content\/uploads\/2026\/04\/IZbk9lGaHR0cHM6Ly9vY2RuLmV1L3B1bHNjbXMvTURBXy85MjE3OTQzZC0yMWY0LTRjNmQtYTVjYi1hNDBhMDMwN2JmNjMuanBlZ.jpeg\" height=\"627\" width=\"940\" alt=\"Kapelan prezydenta RP ks. Jaros\u0142aw W\u0105sowicz przemawia do uczestnik\u00f3w Narodowego Marszu \u017bycia w Warszawie\" loading=\"lazy\" fetchpriority=\"auto\" decoding=\"auto\"\/>    <\/p>\n<p>PAP\/Radek Pietruszka<\/p>\n<p>  PAP\/Radek Pietruszka  <\/p>\n<p>PAP\/Radek Pietruszka<\/p>\n<p>          7\/15 Uczestnicy Narodowego Marszu \u017bycia       <img class=\"ods-a-photo ods-a-photo--background\" src=\"https:\/\/www.europesays.com\/pl\/wp-content\/uploads\/2026\/04\/ECWk9lGaHR0cHM6Ly9vY2RuLmV1L3B1bHNjbXMvTURBXy80MGZhOGMzNy0yNDgzLTQ5N2YtYWQzZC0wZGIwMDc4MzFhZGIuanBlZ.jpeg\" height=\"627\" width=\"940\" alt=\"Uczestnicy Narodowego Marszu \u017bycia\" loading=\"lazy\" fetchpriority=\"auto\" decoding=\"auto\"\/>    <\/p>\n<p>PAP\/Radek Pietruszka<\/p>\n<p>  PAP\/Radek Pietruszka  <\/p>\n<p>PAP\/Radek Pietruszka<\/p>\n<p>   8\/15 Uczestnicy Narodowego Marszu \u017bycia       <img class=\"ods-a-photo ods-a-photo--background\" src=\"https:\/\/www.europesays.com\/pl\/wp-content\/uploads\/2026\/04\/R0ak9lGaHR0cHM6Ly9vY2RuLmV1L3B1bHNjbXMvTURBXy9iOGI3ZDQ5My0zN2Q5LTQ3MTEtYjhkZS0yY2I2ZTc2OTMyN2IuanBlZ.jpeg\" height=\"627\" width=\"940\" alt=\"Uczestnicy Narodowego Marszu \u017bycia\" loading=\"lazy\" fetchpriority=\"auto\" decoding=\"auto\"\/>    <\/p>\n<p>PAP\/Radek Pietruszka<\/p>\n<p>  PAP\/Radek Pietruszka  <\/p>\n<p>PAP\/Radek Pietruszka<\/p>\n<p>          9\/15 Uczestnicy Narodowego Marszu \u017bycia       <img class=\"ods-a-photo ods-a-photo--background\" src=\"https:\/\/www.europesays.com\/pl\/wp-content\/uploads\/2026\/04\/UkXk9lGaHR0cHM6Ly9vY2RuLmV1L3B1bHNjbXMvTURBXy9iYWE3ZDc1OC1mZjdiLTQyYWYtYjk5MS03MWNlZGFkOWZmZTkuanBlZ.jpeg\" height=\"627\" width=\"940\" alt=\"Uczestnicy Narodowego Marszu \u017bycia\" loading=\"lazy\" fetchpriority=\"auto\" decoding=\"auto\"\/>    <\/p>\n<p>PAP\/Radek Pietruszka<\/p>\n<p>  PAP\/Radek Pietruszka  <\/p>\n<p>PAP\/Radek Pietruszka<\/p>\n<p>   10\/15 Uczestnicy Narodowego Marszu \u017bycia       <img class=\"ods-a-photo ods-a-photo--background\" src=\"https:\/\/www.europesays.com\/pl\/wp-content\/uploads\/2026\/04\/FIlk9lGaHR0cHM6Ly9vY2RuLmV1L3B1bHNjbXMvTURBXy9mZGUwNGMxYi02ZjQ2LTRkZTEtOGUzMC05NTcwYjdjNjg2Y2YuanBlZ.jpeg\" height=\"627\" width=\"940\" alt=\"Uczestnicy Narodowego Marszu \u017bycia\" loading=\"lazy\" fetchpriority=\"auto\" decoding=\"auto\"\/>    <\/p>\n<p>PAP\/Radek Pietruszka<\/p>\n<p>  PAP\/Radek Pietruszka  <\/p>\n<p>PAP\/Radek Pietruszka<\/p>\n<p>          11\/15 Uczestnicy Narodowego Marszu \u017bycia       <img class=\"ods-a-photo ods-a-photo--background\" src=\"https:\/\/www.europesays.com\/pl\/wp-content\/uploads\/2026\/04\/5NMk9lGaHR0cHM6Ly9vY2RuLmV1L3B1bHNjbXMvTURBXy9iOGYyOTNhNC1lZmRjLTQzMjItYjJiOC05ZGY4NWRlYjllNzIuanBlZ.jpeg\" height=\"626\" width=\"940\" alt=\"Uczestnicy Narodowego Marszu \u017bycia\" loading=\"lazy\" fetchpriority=\"auto\" decoding=\"auto\"\/>    <\/p>\n<p>PAP\/Radek Pietruszka<\/p>\n<p>  PAP\/Radek Pietruszka  <\/p>\n<p>PAP\/Radek Pietruszka<\/p>\n<p>   12\/15 Kapelan prezydenta RP ks. Jaros\u0142aw W\u0105sowicz podczas Narodowego Marszu \u017bycia w Warszawie,       <img class=\"ods-a-photo ods-a-photo--background\" src=\"https:\/\/www.europesays.com\/pl\/wp-content\/uploads\/2026\/04\/_Bek9lGaHR0cHM6Ly9vY2RuLmV1L3B1bHNjbXMvTURBXy8xOGNmMzlhNC1kNDJhLTRhZWQtOTNlYS1jZDUzOGYzYWI4ODkuanBlZ.jpeg\" height=\"627\" width=\"940\" alt=\"Kapelan prezydenta RP ks. Jaros\u0142aw W\u0105sowicz podczas Narodowego Marszu \u017bycia w Warszawie,\" loading=\"lazy\" fetchpriority=\"auto\" decoding=\"auto\"\/>    <\/p>\n<p>PAP\/Radek Pietruszka<\/p>\n<p>  PAP\/Radek Pietruszka  <\/p>\n<p>PAP\/Radek Pietruszka<\/p>\n<p>          13\/15 Uczestnicy Narodowego Marszu \u017bycia       <img class=\"ods-a-photo ods-a-photo--background\" src=\"https:\/\/www.europesays.com\/pl\/wp-content\/uploads\/2026\/04\/R7Zk9lGaHR0cHM6Ly9vY2RuLmV1L3B1bHNjbXMvTURBXy9mZmQwZWE5MC1lMjY2LTQzNzItYTRkYS05YTRmZTQwYmI5NWQuanBlZ.jpeg\" height=\"627\" width=\"940\" alt=\"Uczestnicy Narodowego Marszu \u017bycia\" loading=\"lazy\" fetchpriority=\"auto\" decoding=\"auto\"\/>    <\/p>\n<p>PAP\/Radek Pietruszka<\/p>\n<p>  PAP\/Radek Pietruszka  <\/p>\n<p>PAP\/Radek Pietruszka<\/p>\n<p>   14\/15 Uczestnicy Narodowego Marszu \u017bycia       <img class=\"ods-a-photo ods-a-photo--background\" src=\"https:\/\/www.europesays.com\/pl\/wp-content\/uploads\/2026\/04\/vvhk9lGaHR0cHM6Ly9vY2RuLmV1L3B1bHNjbXMvTURBXy9iNDRjZWIzNi1jN2Q1LTRhNzYtOTZhMi1lYzcwM2Q2MWMxMTAuanBlZ.jpeg\" height=\"627\" width=\"940\" alt=\"Uczestnicy Narodowego Marszu \u017bycia\" loading=\"lazy\" fetchpriority=\"auto\" decoding=\"auto\"\/>    <\/p>\n<p>PAP\/Radek Pietruszka<\/p>\n<p>  PAP\/Radek Pietruszka  <\/p>\n<p>PAP\/Radek Pietruszka<\/p>\n<p>          15\/15 Uczestnicy Narodowego Marszu \u017bycia       <img class=\"ods-a-photo ods-a-photo--background\" src=\"https:\/\/www.europesays.com\/pl\/wp-content\/uploads\/2026\/04\/Z3ek9lGaHR0cHM6Ly9vY2RuLmV1L3B1bHNjbXMvTURBXy8yNGQ3YmUwMS05OWU4LTQwM2ItOWVkNC1lMWFkOTI3YmFhYjEuanBlZ.jpeg\" height=\"627\" width=\"940\" alt=\"Uczestnicy Narodowego Marszu \u017bycia\" loading=\"lazy\" fetchpriority=\"auto\" decoding=\"auto\"\/>    <\/p>\n<p>PAP\/Radek Pietruszka<\/p>\n<p>  PAP\/Radek Pietruszka  <\/p>\n<p>PAP\/Radek Pietruszka<\/p>\n","protected":false},"excerpt":{"rendered":"Pod has\u0142em &#8222;Wiara i Wierno\u015b\u0107 966-2026&#8221; w niedziel\u0119 ulicami Warszawy przeszed\u0142 Narodowy Marsz \u017bycia. Ruszy\u0142 z Placu Zamkowego&hellip;\n","protected":false},"author":2,"featured_media":376535,"comment_status":"","ping_status":"","sticky":false,"template":"","format":"standard","meta":{"footnotes":"","_share_on_mastodon":"0"},"categories":[51605],"tags":[4434,61195,46904,43,48,56992,46,42,38,40,39,41,47,435],"class_list":["post-376534","post","type-post","status-publish","format-standard","has-post-thumbnail","category-warszawa","tag-aborcja","tag-bottomfeed_styl","tag-galeria","tag-karol_nawrocki","tag-nat_styl","tag-newbb_tst1","tag-omp","tag-pl","tag-poland","tag-polish","tag-polska","tag-polski","tag-screening_general","tag-warszawa"],"share_on_mastodon":{"url":"https:\/\/pubeurope.com\/@pl\/116431816766255195","error":""},"_links":{"self":[{"href":"https:\/\/www.europesays.com\/pl\/wp-json\/wp\/v2\/posts\/376534","targetHints":{"allow":["GET"]}}],"collection":[{"href":"https:\/\/www.europesays.com\/pl\/wp-json\/wp\/v2\/posts"}],"about":[{"href":"https:\/\/www.europesays.com\/pl\/wp-json\/wp\/v2\/types\/post"}],"author":[{"embeddable":true,"href":"https:\/\/www.europesays.com\/pl\/wp-json\/wp\/v2\/users\/2"}],"replies":[{"embeddable":true,"href":"https:\/\/www.europesays.com\/pl\/wp-json\/wp\/v2\/comments?post=376534"}],"version-history":[{"count":0,"href":"https:\/\/www.europesays.com\/pl\/wp-json\/wp\/v2\/posts\/376534\/revisions"}],"wp:featuredmedia":[{"embeddable":true,"href":"https:\/\/www.europesays.com\/pl\/wp-json\/wp\/v2\/media\/376535"}],"wp:attachment":[{"href":"https:\/\/www.europesays.com\/pl\/wp-json\/wp\/v2\/media?parent=376534"}],"wp:term":[{"taxonomy":"category","embeddable":true,"href":"https:\/\/www.europesays.com\/pl\/wp-json\/wp\/v2\/categories?post=376534"},{"taxonomy":"post_tag","embeddable":true,"href":"https:\/\/www.europesays.com\/pl\/wp-json\/wp\/v2\/tags?post=376534"}],"curies":[{"name":"wp","href":"https:\/\/api.w.org\/{rel}","templated":true}]}}