{"id":376621,"date":"2026-04-19T15:16:08","date_gmt":"2026-04-19T15:16:08","guid":{"rendered":"https:\/\/www.europesays.com\/pl\/376621\/"},"modified":"2026-04-19T15:16:08","modified_gmt":"2026-04-19T15:16:08","slug":"stalo-sie-aryna-sabalenka-stracila-prowadzenie-iga-swiatek-daleko","status":"publish","type":"post","link":"https:\/\/www.europesays.com\/pl\/376621\/","title":{"rendered":"Sta\u0142o si\u0119! Aryna Sabalenka straci\u0142a prowadzenie. Iga \u015awi\u0105tek daleko"},"content":{"rendered":"<p>Po zwyci\u0119stwie za nasz\u0105 zachodni\u0105 granic\u0105 Rybakina dopisa\u0142a na swoje konto 500 pkt i z dorobkiem 3983 &#8222;oczek&#8221; przewodzi ca\u0142emu zestawieniu. Zawodniczka z Mi\u0144ska pozosta\u0142a na poziomie 3800 pkt. Przypomnijmy, \u017ce w Niemczech w og\u00f3le nie wyst\u0105pi\u0142a.<\/p>\n<p> Dalszy ci\u0105g artyku\u0142u pod materia\u0142em wideo <\/p>\n<p>Ciekawie jest r\u00f3wnie\u017c za plecami tej dw\u00f3jki. Na 3. miejscu sklasyfikowana jest Jessica Pegula, a dalej plasuj\u0105 si\u0119 Elina Switolina i Karolina Muchova, kt\u00f3re zaliczy\u0142y bardzo dobry wyst\u0119p w Stuttgarcie. Ukrainka dotar\u0142a do p\u00f3\u0142fina\u0142u, a Czeszka przegra\u0142a dopiero w finale.<\/p>\n<p>Iga \u015awi\u0105tek poza &#8222;10&#8221;! Ale i tak zaliczy\u0142a awans<\/p>\n<p>W g\u00f3r\u0119 posz\u0142a r\u00f3wnie\u017c Mirra Andriejewa. Rosjanka, kt\u00f3ra w Porsche Tennis Grand Prix wyeliminowa\u0142a \u015awi\u0105tek i zagra\u0142a w p\u00f3\u0142finale, aktualnie jest sz\u00f3sta. Miejsca premiowane awansem do ko\u0144cz\u0105cego sezon WTA Finals zajmuj\u0105 tak\u017ce Victoria Mboko i Coco Gauff.<\/p>\n<p>Z polskiej perspektywy najwa\u017cniejsza jest jednak sytuacja \u015awi\u0105tek. Po \u0107wier\u0107finale w Stuttgarcie i pora\u017cce z Andriejew\u0105, Polka ma w rankingu 1128 pkt i zajmuje dopiero 11. miejsce. Poza wspomnianymi wyprzedzaj\u0105 j\u0105 jeszcze Belinda Bencic i Amanda Anisimova.<\/p>\n<p> <img decoding=\"async\" src=\"https:\/\/www.europesays.com\/pl\/wp-content\/uploads\/2026\/04\/rcCk9lBaHR0cHM6Ly9vY2RuLmV1L3B1bHNjbXMvTURBXy8yYmI3Yjc3MWFjZGEyNTI1NmU0ODM4NzBjMjYwYWZjNi5wbmeRlQLNB.jpeg\" height=\"187\" width=\"187\" alt=\"Ranking WTA Race &quot;na \u017cywo&quot;\" loading=\"lazy\" class=\"ods-c-image__img ods-c-image__img--viewport-width\"\/> <\/p>\n<p>Ranking WTA Race &#8222;na \u017cywo&#8221;live-tennis.eu \/ mat. prasowe<\/p>\n<p>Co ciekawe, to i tak lepszy ni\u017c jeszcze kilka dni temu, kiedy to przed zawodami w Stuttgarcie 24-latka plasowa\u0142a si\u0119 oczko ni\u017cej. Doj\u015bcie do \u0107wier\u0107fina\u0142u pozwoli\u0142o jej przeskoczy\u0107 przed Iv\u0119 Jovi\u0107. Strata do \u00f3smej Gauff wynosi na ten moment 675 pkt. Od lideruj\u0105cej Rybakiny nasz\u0105 tenisistk\u0119 dzieli za to a\u017c 6957 &#8222;oczek&#8221;.<\/p>\n<p>W przysz\u0142ym tygodniu najlepsze tenisistki globu b\u0119d\u0105 walczy\u0107 w madryckim &#8222;tysi\u0119czniku&#8221;. WTA Finals zaplanowane jest w dniach 7-14 listopada w Rijadzie.<\/p>\n","protected":false},"excerpt":{"rendered":"Po zwyci\u0119stwie za nasz\u0105 zachodni\u0105 granic\u0105 Rybakina dopisa\u0142a na swoje konto 500 pkt i z dorobkiem 3983 &#8222;oczek&#8221;&hellip;\n","protected":false},"author":2,"featured_media":376622,"comment_status":"","ping_status":"","sticky":false,"template":"","format":"standard","meta":{"footnotes":"","_share_on_mastodon":"0"},"categories":[24],"tags":[1352,61195,252,5931,48,46,42,38,40,39,41,47,127,126,156,130,1505],"class_list":["post-376621","post","type-post","status-publish","format-standard","has-post-thumbnail","category-sport","tag-aryna_sabalenka","tag-bottomfeed_styl","tag-iga_swiatek","tag-jelena_rybakina","tag-nat_styl","tag-omp","tag-pl","tag-poland","tag-polish","tag-polska","tag-polski","tag-screening_general","tag-sport","tag-sports","tag-tenis","tag-wiadomosci_sportowe","tag-wta_finals"],"share_on_mastodon":{"url":"https:\/\/pubeurope.com\/@pl\/116432036473251271","error":""},"_links":{"self":[{"href":"https:\/\/www.europesays.com\/pl\/wp-json\/wp\/v2\/posts\/376621","targetHints":{"allow":["GET"]}}],"collection":[{"href":"https:\/\/www.europesays.com\/pl\/wp-json\/wp\/v2\/posts"}],"about":[{"href":"https:\/\/www.europesays.com\/pl\/wp-json\/wp\/v2\/types\/post"}],"author":[{"embeddable":true,"href":"https:\/\/www.europesays.com\/pl\/wp-json\/wp\/v2\/users\/2"}],"replies":[{"embeddable":true,"href":"https:\/\/www.europesays.com\/pl\/wp-json\/wp\/v2\/comments?post=376621"}],"version-history":[{"count":0,"href":"https:\/\/www.europesays.com\/pl\/wp-json\/wp\/v2\/posts\/376621\/revisions"}],"wp:featuredmedia":[{"embeddable":true,"href":"https:\/\/www.europesays.com\/pl\/wp-json\/wp\/v2\/media\/376622"}],"wp:attachment":[{"href":"https:\/\/www.europesays.com\/pl\/wp-json\/wp\/v2\/media?parent=376621"}],"wp:term":[{"taxonomy":"category","embeddable":true,"href":"https:\/\/www.europesays.com\/pl\/wp-json\/wp\/v2\/categories?post=376621"},{"taxonomy":"post_tag","embeddable":true,"href":"https:\/\/www.europesays.com\/pl\/wp-json\/wp\/v2\/tags?post=376621"}],"curies":[{"name":"wp","href":"https:\/\/api.w.org\/{rel}","templated":true}]}}