{"id":37690,"date":"2025-10-08T08:46:18","date_gmt":"2025-10-08T08:46:18","guid":{"rendered":"https:\/\/www.europesays.com\/pl\/37690\/"},"modified":"2025-10-08T08:46:18","modified_gmt":"2025-10-08T08:46:18","slug":"okrzyknieto-ja-najpiekniejsza-dziewczynka-swiata-tak-dzis-wyglada-zdjecia","status":"publish","type":"post","link":"https:\/\/www.europesays.com\/pl\/37690\/","title":{"rendered":"Okrzykni\u0119to j\u0105 &#8222;najpi\u0119kniejsz\u0105 dziewczynk\u0105 \u015bwiata&#8221;. Tak dzi\u015b wygl\u0105da [ZDJ\u0118CIA]"},"content":{"rendered":"<p class=\"ods-c-paragraph \">Thylane Blondeau nie bez powodu zosta\u0142a okrzykni\u0119ta &#8222;najpi\u0119kniejsz\u0105 dziewczynk\u0105 \u015bwiata&#8221;. Francuska modelka i aktorka ju\u017c od najm\u0142odszych lat przykuwa\u0142a uwag\u0119 swoj\u0105 niezwyk\u0142\u0105 urod\u0105. W wieku zaledwie czterech lat zadebiutowa\u0142a na wybiegu Paryskiego Tygodnia Mody, a jej kariera w modelingu szybko nabra\u0142a tempa.<\/p>\n<p class=\"ods-c-paragraph \">Jako 10-latka Blondeau wzbudzi\u0142a mi\u0119dzynarodowe kontrowersje po sesji zdj\u0119ciowej dla magazynu &#8222;Vogue&#8221;, w kt\u00f3rej wyst\u0105pi\u0142a w pe\u0142nym makija\u017cu i strojach stylizowanych na doros\u0142\u0105 kobiet\u0119. Sesja sta\u0142a si\u0119 pocz\u0105tkiem debaty o granicach w dzieci\u0119cym modelingu, jednak nie zahamowa\u0142a dalszego rozwoju kariery m\u0142odej modelki.<\/p>\n<p>Dalszy ci\u0105g artyku\u0142u pod materia\u0142em wideo<\/p>\n<p> Ile lat ma Thylane Blondeau? <\/p>\n<p> Gdzie Thylane Blondeau pojawi\u0142a si\u0119 ostatnio? <\/p>\n<p> Jakie kontrowersje wzbudzi\u0142a Thylane jako dziecko? <\/p>\n<p> Co Thylane powiedzia\u0142a o operacjach plastycznych? <\/p>\n<p>  Okrzykni\u0119to j\u0105 &#8222;najpi\u0119kniejsz\u0105 dziewczynk\u0105 \u015bwiata&#8221;. Tak dzi\u015b wygl\u0105da Thylane Blondeau<\/p>\n<p class=\"ods-c-paragraph \">Thylane Blondeau ma obecnie 24 lata i wci\u0105\u017c aktywnie dzia\u0142a w bran\u017cy modowej. Pojawia si\u0119 na ok\u0142adkach magazyn\u00f3w, pr\u00f3bowa\u0142a r\u00f3wnie\u017c si\u0142 jako projektantka. Jej profil na Instagramie \u015bledzi 6,8 mln os\u00f3b, kt\u00f3re interesuj\u0105 si\u0119 zar\u00f3wno jej \u017cyciem zawodowym, jak i prywatnym.<\/p>\n<p class=\"ods-c-paragraph \">Ostatnio Thylane pojawi\u0142a si\u0119 na Paryskim Tygodniu Mody, ch\u0119tnie pozuj\u0105c do zdj\u0119\u0107 podczas pokazu w\u0142oskiej marki Miu Miu. Fotoreporterzy uchwycili j\u0105 tak\u017ce w t\u0142umie go\u015bci paryskiego \u015bwi\u0119ta mody, robi\u0105c jej kilka zdj\u0119\u0107 na ulicy.<\/p>\n<p><img decoding=\"async\" src=\"https:\/\/www.europesays.com\/pl\/wp-content\/uploads\/2025\/10\/-mEk9lBaHR0cHM6Ly9vY2RuLmV1L3B1bHNjbXMvTURBXy82ODVlMjQ1MjhhZTcxZTBjZjdiMWVmNWI1YTgwMTMwNy5qcGeRlQLNA.jpeg\" height=\"529\" width=\"940\" alt=\"Thylane Blondeau na pokazie Miu Miu\" loading=\"lazy\" class=\"ods-c-image__img ods-c-image__img--vertical\"\/><\/p>\n<p>Thylane Blondeau na pokazie Miu MiuSwan Gallet\/WWD via Getty Images \/ Getty Images<\/p>\n<p class=\"ods-c-paragraph \">24-letnia modelka pojawi\u0142a si\u0119 w delikatnym, naturalnym wydaniu \u2014 z d\u0142ugimi, rozpuszczonymi w\u0142osami u\u0142o\u017conymi w lu\u017ane fale, subtelnym makija\u017cem i przezroczystymi okularami.<\/p>\n<p><img decoding=\"async\" src=\"https:\/\/www.europesays.com\/pl\/wp-content\/uploads\/2025\/10\/Z5Dk9lBaHR0cHM6Ly9vY2RuLmV1L3B1bHNjbXMvTURBXy81NDg3ODZhODJiNjUyZjMyODgwMTAwZDVjYTRhN2EyNS5qcGeRlQLNA.jpeg\" height=\"529\" width=\"940\" alt=\"Thylane Blondeau podczas Paryskiego Tygodnia Mody\" loading=\"lazy\" class=\"ods-c-image__img ods-c-image__img--vertical\"\/><\/p>\n<p>Thylane Blondeau podczas Paryskiego Tygodnia ModyReynaud Julien\/APS-Medias\/ABACA \/ PAP<\/p>\n<p> Thylane Blondeau zaprzecza, \u017ce przesz\u0142a operacje plastyczne   <\/p>\n<p class=\"ods-c-paragraph \">W ostatnim czasie Thylane postanowi\u0142a odpowiedzie\u0107 sceptykom, kt\u00f3rzy sugerowali, \u017ce podda\u0142a si\u0119 operacjom plastycznym. Modelka przyzna\u0142a, \u017ce jest &#8222;zm\u0119czona&#8221; powtarzaj\u0105cymi si\u0119 pytaniami i spekulacjami na temat swojego wygl\u0105du.<\/p>\n<p><img decoding=\"async\" src=\"https:\/\/www.europesays.com\/pl\/wp-content\/uploads\/2025\/10\/iVkk9lBaHR0cHM6Ly9vY2RuLmV1L3B1bHNjbXMvTURBXy82NTNmMjM3ZGE0YTQ4YzlmZTQ0YzZiYzEwNWRmZWRjYy5qcGeRlQLNB.jpeg\" height=\"627\" width=\"940\" alt=\"Thylane Blondeau podczas Paryskiego Tygodnia Mody\" loading=\"lazy\" class=\"ods-c-image__img ods-c-image__img--viewport-width\"\/><\/p>\n<p>Thylane Blondeau podczas Paryskiego Tygodnia ModyReynaud Julien\/APS-Medias\/ABACA \/ PAP<\/p>\n<p class=\"ods-c-paragraph \">&#8222;Wiem, \u017ce dzi\u015b ludzie maj\u0105 tendencje do ingerowania w urod\u0119 w m\u0142odym wieku, ale nic sobie nie robi\u0142am. Por\u00f3wnajcie z moimi zdj\u0119ciami z m\u0142odo\u015bci \u2014 nic si\u0119 nie zmieni\u0142o. Ludzie lubi\u0105 sobie co\u015b wymy\u015bla\u0107, ale makija\u017c ani konturowanie ust nie oznacza, \u017ce zrobi\u0142am sobie usta czy now\u0105 twarz. Powinni\u015bmy z tym sko\u0144czy\u0107&#8221; \u2014 apelowa\u0142a Thylane Blondeau na Instagramie.<\/p>\n<p><img decoding=\"async\" src=\"https:\/\/www.europesays.com\/pl\/wp-content\/uploads\/2025\/10\/Ylpk9lBaHR0cHM6Ly9vY2RuLmV1L3B1bHNjbXMvTURBXy8wZjFkMWRjZmQ2ZmI5MDk5MzFiOWI2NzViNTI0YjdhZC5qcGeRlQLNA.jpeg\" height=\"529\" width=\"940\" alt=\"Thylane Blondeau w 2015 r.\" loading=\"lazy\" class=\"ods-c-image__img ods-c-image__img--vertical\"\/><\/p>\n<p>Thylane Blondeau w 2015 r.PAP\/Abaca \/ PAP<\/p>\n<p class=\"ods-c-paragraph \">Dzi\u0119kujemy, \u017ce przeczyta\u0142a\u015b\/e\u015b nasz artyku\u0142 do ko\u0144ca. W serwisie Plejada.pl ka\u017cdego dnia piszemy o najwa\u017cniejszych wydarzeniach show-biznesowych. <\/p>\n<p class=\"ods-c-paragraph \">B\u0105d\u017a na bie\u017c\u0105co! <a rel=\"nofollow noopener\" href=\"https:\/\/news.google.com\/publications\/CAAiEF0PeAlb7W1llpV_mwV2rL4qFAgKIhBdD3gJW-1tZZaVf5sFdqy-?hl=pl&amp;gl=PL&amp;ceid=PL%3Apl\" id=\"066e9315-58bd-4259-b15c-d6c8a1129557\" target=\"_blank\">Obserwuj<\/a> Plejad\u0119 w Wiadomo\u015bciach Google. Odwied\u017a nas tak\u017ce na <a rel=\"nofollow noopener\" href=\"https:\/\/www.facebook.com\/plejadapl\" id=\"277ac5d1-3475-4408-926b-7a2b0408b159\" target=\"_blank\">Facebooku<\/a>, <a rel=\"nofollow noopener\" href=\"https:\/\/www.instagram.com\/plejadapl\/\" id=\"6b2c0b39-8a34-444d-a2e5-3f29a1675d68\" target=\"_blank\">Instagramie<\/a>, <a rel=\"nofollow noopener\" href=\"https:\/\/www.youtube.com\/c\/plejada\" id=\"e8885461-efd5-4b54-b0c0-10bb932c23ba\" target=\"_blank\">YouTubie<\/a> oraz <a rel=\"nofollow noopener\" href=\"https:\/\/www.tiktok.com\/@plejada_pl\" id=\"add462b9-4bdb-4074-8952-e6037df9d05f\" target=\"_blank\">TikToku<\/a>.<\/p>\n<p class=\"ods-c-paragraph \">Chcesz podzieli\u0107 si\u0119 ciekawym newsem lub zaproponowa\u0107 temat? Skontaktuj si\u0119 z nami, pisz\u0105c maila na adres: <a rel=\"nofollow noopener\" href=\"https:\/\/plejada.pl\/newsy\/okrzyknieto-ja-najpiekniejsza-dziewczynka-swiata-tak-dzis-wyglada-zdjecia\/mailto:plejada@redakcjaonet.pl\" id=\"8e7e376c-e107-42ba-975a-ae026c25a722\" target=\"_blank\">plejada@redakcjaonet.pl<\/a>.<\/p>\n<p><script async src=\"\/\/www.instagram.com\/embed.js\"><\/script><script async src=\"\/\/www.tiktok.com\/embed.js\"><\/script><\/p>\n","protected":false},"excerpt":{"rendered":"Thylane Blondeau nie bez powodu zosta\u0142a okrzykni\u0119ta &#8222;najpi\u0119kniejsz\u0105 dziewczynk\u0105 \u015bwiata&#8221;. Francuska modelka i aktorka ju\u017c od najm\u0142odszych lat&hellip;\n","protected":false},"author":2,"featured_media":37691,"comment_status":"","ping_status":"","sticky":false,"template":"","format":"standard","meta":{"footnotes":""},"categories":[22],"tags":[122,48,125,46,7547,42,38,40,39,41,123,47,10576],"class_list":{"0":"post-37690","1":"post","2":"type-post","3":"status-publish","4":"format-standard","5":"has-post-thumbnail","7":"category-rozrywka","8":"tag-entertainment","9":"tag-nat_styl","10":"tag-newsy","11":"tag-omp","12":"tag-paris_fashion_week","13":"tag-pl","14":"tag-poland","15":"tag-polish","16":"tag-polska","17":"tag-polski","18":"tag-rozrywka","19":"tag-screening_general","20":"tag-thylane_blondeau"},"share_on_mastodon":{"url":"","error":""},"_links":{"self":[{"href":"https:\/\/www.europesays.com\/pl\/wp-json\/wp\/v2\/posts\/37690","targetHints":{"allow":["GET"]}}],"collection":[{"href":"https:\/\/www.europesays.com\/pl\/wp-json\/wp\/v2\/posts"}],"about":[{"href":"https:\/\/www.europesays.com\/pl\/wp-json\/wp\/v2\/types\/post"}],"author":[{"embeddable":true,"href":"https:\/\/www.europesays.com\/pl\/wp-json\/wp\/v2\/users\/2"}],"replies":[{"embeddable":true,"href":"https:\/\/www.europesays.com\/pl\/wp-json\/wp\/v2\/comments?post=37690"}],"version-history":[{"count":0,"href":"https:\/\/www.europesays.com\/pl\/wp-json\/wp\/v2\/posts\/37690\/revisions"}],"wp:featuredmedia":[{"embeddable":true,"href":"https:\/\/www.europesays.com\/pl\/wp-json\/wp\/v2\/media\/37691"}],"wp:attachment":[{"href":"https:\/\/www.europesays.com\/pl\/wp-json\/wp\/v2\/media?parent=37690"}],"wp:term":[{"taxonomy":"category","embeddable":true,"href":"https:\/\/www.europesays.com\/pl\/wp-json\/wp\/v2\/categories?post=37690"},{"taxonomy":"post_tag","embeddable":true,"href":"https:\/\/www.europesays.com\/pl\/wp-json\/wp\/v2\/tags?post=37690"}],"curies":[{"name":"wp","href":"https:\/\/api.w.org\/{rel}","templated":true}]}}