{"id":377579,"date":"2026-04-20T04:14:10","date_gmt":"2026-04-20T04:14:10","guid":{"rendered":"https:\/\/www.europesays.com\/pl\/377579\/"},"modified":"2026-04-20T04:14:10","modified_gmt":"2026-04-20T04:14:10","slug":"pascal-z-tajemnicza-blondynka-u-boku-doda-i-wendzikowska-w-piorach-onet","status":"publish","type":"post","link":"https:\/\/www.europesays.com\/pl\/377579\/","title":{"rendered":"Pascal z tajemnicz\u0105 blondynk\u0105 u boku. Doda i Wendzikowska w pi\u00f3rach &#8211; Onet"},"content":{"rendered":"<ol>\n<li><a href=\"https:\/\/news.google.com\/rss\/articles\/CBMiwwFBVV95cUxPMUNXRko3QzBkZ2s0N204X3UxZmFVaGpHa1k1ZTI5eUVGTEJoWHo1Z3E3M0xhNHN6a0RBclhUODJZMEprQWNYaDMxZlh1VFRtWG9FbWdnYlh5VEM2aE5xbGM0dkFKWm9Ibm5yUUlXdTRObENobGtnT1gtcnBtZmVMNTNmRnZlUWpBNWlHRnBvalNzdVV4REhjQmg1ZUpXSks3czJ3SWtiOVhpRXpLOWJPZTJGX2c2Y0w3aGFzcDJZN1d3c2M?oc=5\" target=\"_blank\" rel=\"nofollow noopener\">Pascal z tajemnicz\u0105 blondynk\u0105 u boku. Doda i Wendzikowska w pi\u00f3rach<\/a>&nbsp;&nbsp;Onet<\/li>\n<li><a href=\"https:\/\/news.google.com\/rss\/articles\/CBMi7gFBVV95cUxPVThQY2VXOHJMRDAyZE1rRV80bVN0OUFpb1BmaVh5OWVlUWpCdkJwX1F2WE1pNTlRR3NKYmhHdHNzREMyVDRVR0hNVDh0VGVxVGI3RWk1c2FFMWp0SkdQejZqU3FaTVJnMDBPUl9vMW5jNW9RTmYtN3pCY0pMWHFLTWFoLWhYeU1ESVBVNm03dzQxbFU4Tm5YOEhrcXBaNnlpLXNIRW1TSXhZNXV1RHNFLTR5djVWdDJWRXdsdmFMMVhWeVAycUZvRWNNVWVfQ0Y2Y2t5cldaa0gxQnFfUTRrSHk1X1dlRUtJSXlLcXp3?oc=5\" target=\"_blank\" rel=\"nofollow noopener\">Gwiazdy bryluj\u0105 na gali: Joanna Opozda w bieli, ci\u0119\u017carna Pamela z Fitlovers, Anna Wendzikowska w pi\u00f3rach&#8230;<\/a>&nbsp;&nbsp;Pudelek.pl<\/li>\n<li><a href=\"https:\/\/news.google.com\/rss\/articles\/CBMiugFBVV95cUxNeGt5X2pqUGNXTWZqOHNsbzR2cGtkTzlwR29UdGtpNmdKc2REOFUyRUxWVUJOMUVnRWxiTVUzZTdjQ2lRR2dYWVg2NGMtOERfc3plNjRmamJUWTdweDRKMXhOeldxN0xXaGFKS0Y0UzlQSTA2VDdTUVV5U1BQUDNXRm1CdWRLRDdEU1VoTUVqbF8zRldyTkxNLVBqTXB1RWZNTzV0MS1BUGJqdm5JM1NlU2JBREZmR3U4REE?oc=5\" target=\"_blank\" rel=\"nofollow noopener\">Doda w prze\u015bwitach, Wendzikowska w pi\u00f3rach. Ale to Opozda skrad\u0142a uwag\u0119<\/a>&nbsp;&nbsp;Plotek.pl<\/li>\n<li><a href=\"https:\/\/news.google.com\/rss\/articles\/CBMiwAFBVV95cUxQbzF6Y2dBTXRlcnZqcjdGNmMySmJSZ1pVY2hhSFVXSDhuQmVlZVZmS3pxZXVkc3dRQXdEZHlsVUstX1dicXYzblpMbUdNTktwdEhrMkdJNXUwMXlFUC1hNFpqbG8zbGdYeVdBaEI3ekcxbllRZHF4cVM4T2dKVEx2NXR2aW9qMTJmOGZ1NmtidzFUazYxYTYtdi1CVGJsNmQyQU4zcXI0SURyN2QzTm1wbHFVLTVEekgxMjhFLUV0N2U?oc=5\" target=\"_blank\" rel=\"nofollow noopener\">Gwiazdy na Gali Osobowo\u015bci i Sukces\u00f3w Roku 2026: Doda, Brodnicki, Szapo\u0142owska, Gojd\u017a, Grabowski<\/a>&nbsp;&nbsp;Kozaczek<\/li>\n<li><a href=\"https:\/\/news.google.com\/rss\/articles\/CBMiqAFBVV95cUxPUlJ3QS1rWDIta25FVzNZN3NHR00xcmtyUTNMeFJDbkN5WTZyVF9aR0dUVWtwb1JLbnM1dXEyNUg4R2tockI0amxabnhyYVRyN2xQbTdtQXdPaXE4QTUxZG5xWnpRUlVSNTMzNGJUVHVVREVJclRhMm5CNkxLclMzZGNDRG5XTVFYc1hEdVRWVFUwRFNVUjBiR1JLclpnaTBNVVIwS3BqZU8?oc=5\" target=\"_blank\" rel=\"nofollow noopener\">Doda ODS\u0141ANIA PO\u015aLADKI na Gali Osobowo\u015bci i Sukcesy Roku (ZDJ\u0118CIA)<\/a>&nbsp;&nbsp;Pudelek.pl<\/li>\n<\/ol>\n","protected":false},"excerpt":{"rendered":"Pascal z tajemnicz\u0105 blondynk\u0105 u boku. Doda i Wendzikowska w pi\u00f3rach&nbsp;&nbsp;Onet Gwiazdy bryluj\u0105 na gali: Joanna Opozda w&hellip;\n","protected":false},"author":2,"featured_media":377580,"comment_status":"","ping_status":"","sticky":false,"template":"","format":"standard","meta":{"footnotes":"","_share_on_mastodon":"0"},"categories":[22],"tags":[8433,11182,761,7104,122,67752,67,53,52,68,51,53626,55,42,38,40,39,41,123,47,196,27904,50],"class_list":["post-377579","post","type-post","status-publish","format-standard","has-post-thumbnail","category-rozrywka","tag-andrzej_grabowski_aktor","tag-anna_wendzikowska","tag-divert_me","tag-doda_piosenkarka_dorota_rabczewska","tag-entertainment","tag-grzegorz_dobek","tag-intextvideo_splayer","tag-new_header","tag-onet3","tag-onet3d","tag-onet3d_2i","tag-pascal_brodnicki","tag-phx","tag-pl","tag-poland","tag-polish","tag-polska","tag-polski","tag-rozrywka","tag-screening_general","tag-styl_zycia","tag-sylwia_madenska","tag-v2021"],"share_on_mastodon":{"url":"https:\/\/pubeurope.com\/@pl\/116435095776391088","error":""},"_links":{"self":[{"href":"https:\/\/www.europesays.com\/pl\/wp-json\/wp\/v2\/posts\/377579","targetHints":{"allow":["GET"]}}],"collection":[{"href":"https:\/\/www.europesays.com\/pl\/wp-json\/wp\/v2\/posts"}],"about":[{"href":"https:\/\/www.europesays.com\/pl\/wp-json\/wp\/v2\/types\/post"}],"author":[{"embeddable":true,"href":"https:\/\/www.europesays.com\/pl\/wp-json\/wp\/v2\/users\/2"}],"replies":[{"embeddable":true,"href":"https:\/\/www.europesays.com\/pl\/wp-json\/wp\/v2\/comments?post=377579"}],"version-history":[{"count":0,"href":"https:\/\/www.europesays.com\/pl\/wp-json\/wp\/v2\/posts\/377579\/revisions"}],"wp:featuredmedia":[{"embeddable":true,"href":"https:\/\/www.europesays.com\/pl\/wp-json\/wp\/v2\/media\/377580"}],"wp:attachment":[{"href":"https:\/\/www.europesays.com\/pl\/wp-json\/wp\/v2\/media?parent=377579"}],"wp:term":[{"taxonomy":"category","embeddable":true,"href":"https:\/\/www.europesays.com\/pl\/wp-json\/wp\/v2\/categories?post=377579"},{"taxonomy":"post_tag","embeddable":true,"href":"https:\/\/www.europesays.com\/pl\/wp-json\/wp\/v2\/tags?post=377579"}],"curies":[{"name":"wp","href":"https:\/\/api.w.org\/{rel}","templated":true}]}}