{"id":377897,"date":"2026-04-20T08:01:06","date_gmt":"2026-04-20T08:01:06","guid":{"rendered":"https:\/\/www.europesays.com\/pl\/377897\/"},"modified":"2026-04-20T08:01:06","modified_gmt":"2026-04-20T08:01:06","slug":"czy-polska-pojdzie-sladami-rumunii-w-sprawie-covid-19","status":"publish","type":"post","link":"https:\/\/www.europesays.com\/pl\/377897\/","title":{"rendered":"Czy Polska p\u00f3jdzie \u015bladami Rumunii w sprawie COVID-19"},"content":{"rendered":"<p>Rumunia pokazuje, \u017ce w sporze z wielkim koncernem liczy si\u0119 nie tylko racja moralna, ale przede wszystkim odwaga pa\u0144stwa, kt\u00f3re potrafi negocjowa\u0107 twardo i bez kompleks\u00f3w. Je\u015bli Polska naprawd\u0119 ma wyci\u0105gn\u0105\u0107 wnioski z tej historii, powinna p\u00f3j\u015b\u0107 \u015bladem Bukaresztu \u2014 nie dlatego, \u017ce Rumunia jest wzorem doskona\u0142o\u015bci, lecz dlatego, \u017ce w tej sprawie przesta\u0142a kl\u0119ka\u0107 przed narracj\u0105 silniejszego.<\/p>\n<p>Rumunia po przegranym procesie z Pfizerem negocjuje dzi\u015b warunki sp\u0142aty ogromnego rachunku \u2013 600 mln euro, za szczepionki na COVID-19. Przypomnijmy, \u017ce Polska ma do sp\u0142acenia ma 1,3 mld euro. To nie jest ju\u017c tylko sp\u00f3r o pieni\u0105dze, ale test tego, czy pa\u0144stwo potrafi broni\u0107 w\u0142asnego interesu, gdy naprzeciw stoi globalny gigant.<\/p>\n<p>W sporze o szczepionki nie chodzi ju\u017c tylko o pieni\u0105dze, ale o elementarn\u0105 zasad\u0119: pa\u0144stwo ma broni\u0107 interesu publicznego, a nie t\u0142umaczy\u0107 si\u0119 z w\u0142asnej bezradno\u015bci. Rumunia, podobnie jak Polska, znalaz\u0142a si\u0119 w sytuacji narzuconych zobowi\u0105za\u0144 i nadmiarowych dostaw, ale zamiast udawa\u0107, \u017ce wszystko da si\u0119 za\u0142atwi\u0107 grzecznym listem, wesz\u0142a w otwarte negocjacje z producentem. To brutalna lekcja realizmu: w relacji z globalnym gigantem milczenie bywa po prostu zaproszeniem do nacisku.<\/p>\n<p>B\u0142\u0105d nie zaczyna si\u0119 w s\u0105dzie<\/p>\n<p>Najwa\u017cniejszy problem nie tkwi w samym wyroku, tylko w tym, \u017ce pa\u0144stwo wcze\u015bniej nie umia\u0142o zbudowa\u0107 mechanizmu kontroli nad zobowi\u0105zaniami, kt\u00f3re samo zaakceptowa\u0142o. Kiedy publiczne decyzje zapadaj\u0105 w po\u015bpiechu, a p\u00f3\u017aniej przez lata trzeba odkr\u0119ca\u0107 skutki politycznej improwizacji, obywatel dostaje rachunek dwa razy: najpierw w kryzysie, potem w s\u0105dzie. <\/p>\n<p>To w\u0142a\u015bnie dlatego Polska nie powinna patrze\u0107 na Rumuni\u0119 z wy\u017cszo\u015bci\u0105, lecz z pewn\u0105 zazdro\u015bci\u0105 o gotowo\u015b\u0107 do twardej obrony w\u0142asnej pozycji.<\/p>\n<p>Dlaczego warto p\u00f3j\u015b\u0107 dalej<\/p>\n<p>Rumunia nie jest idealnym wzorem, ale w tej konkretnej sprawie robi co\u015b, czego Polsce brakowa\u0142o: zamienia oburzenie w strategi\u0119. Z perspektywy Warszawy to cenna wskaz\u00f3wka, \u017ce pa\u0144stwo nie musi wybiera\u0107 mi\u0119dzy uleg\u0142o\u015bci\u0105 a chaosem \u2014 mo\u017ce budowa\u0107 pozycj\u0119 negocjacyjn\u0105, gdy dzia\u0142a konsekwentnie, wsp\u00f3lnie i bez politycznego teatru. <\/p>\n<p>To szczeg\u00f3lnie wa\u017cne dzi\u015b, gdy zdrowie publiczne, finanse pa\u0144stwa i wiarygodno\u015b\u0107 instytucji s\u0105 ze sob\u0105 \u015bci\u015blej zwi\u0105zane ni\u017c kiedykolwiek.<\/p>\n<p>Polska potrzebuje odwagi<\/p>\n<p>Je\u015bli Polska ma \u201ep\u00f3j\u015b\u0107 \u015bladami Rumunii\u201d, to w jednym sensie zdecydowanie powinna: przesta\u0107 traktowa\u0107 silnych partner\u00f3w jak niewidzialny problem. <\/p>\n<p>Pa\u0144stwo, kt\u00f3re nie umie powiedzie\u0107 \u201esprawdzam\u201d, samo zaprasza do kolejnych pora\u017cek, a potem t\u0142umaczy je technikaliami. W tej historii nie chodzi wi\u0119c o rumu\u0144ski sukces, tylko o polski test charakteru: czy umiemy wreszcie dzia\u0142a\u0107 jak pa\u0144stwo, a nie jak kancelaria prawna w trybie obronnym.<\/p>\n<p>Na ko\u0144cu pozostaje jeszcze jedno pytanie, ju\u017c ca\u0142kiem proste i bardzo aktualne: odpowied\u017a, kt\u00f3rej dzi\u015b oczekuj\u0105 obywatele, brzmi nie tylko \u201eco dalej?\u201d, ale te\u017c \u201ekto za to odpowiada?\u201d. W tej sprawie pytania zadali\u015bmy dzi\u015b Pani Minister Zdrowia \u2013 Jolanty Sobiera\u0144skiej-Grendy. <\/p>\n<p>Wi\u0119cej na ten temat czytaj TUTAJ: <a href=\"https:\/\/biznesalert.pl\/rumunia-negocjuje-z-pfizerem\/\" rel=\"nofollow noopener\" target=\"_blank\">Rumunia negocjuje z Pfizerem po przegranym procesie w Brukseli<\/a><\/p>\n<p>BAS<\/p>\n","protected":false},"excerpt":{"rendered":"Rumunia pokazuje, \u017ce w sporze z wielkim koncernem liczy si\u0119 nie tylko racja moralna, ale przede wszystkim odwaga&hellip;\n","protected":false},"author":2,"featured_media":377898,"comment_status":"","ping_status":"","sticky":false,"template":"","format":"standard","meta":{"footnotes":"","_share_on_mastodon":"0"},"categories":[12],"tags":[11341,40573,42,38,40,39,41,12255],"class_list":["post-377897","post","type-post","status-publish","format-standard","has-post-thumbnail","category-polska","tag-ministerstwo-zdrowia","tag-pfizer","tag-pl","tag-poland","tag-polish","tag-polska","tag-polski","tag-szczepionki"],"share_on_mastodon":{"url":"https:\/\/pubeurope.com\/@pl\/116435988501818731","error":""},"_links":{"self":[{"href":"https:\/\/www.europesays.com\/pl\/wp-json\/wp\/v2\/posts\/377897","targetHints":{"allow":["GET"]}}],"collection":[{"href":"https:\/\/www.europesays.com\/pl\/wp-json\/wp\/v2\/posts"}],"about":[{"href":"https:\/\/www.europesays.com\/pl\/wp-json\/wp\/v2\/types\/post"}],"author":[{"embeddable":true,"href":"https:\/\/www.europesays.com\/pl\/wp-json\/wp\/v2\/users\/2"}],"replies":[{"embeddable":true,"href":"https:\/\/www.europesays.com\/pl\/wp-json\/wp\/v2\/comments?post=377897"}],"version-history":[{"count":0,"href":"https:\/\/www.europesays.com\/pl\/wp-json\/wp\/v2\/posts\/377897\/revisions"}],"wp:featuredmedia":[{"embeddable":true,"href":"https:\/\/www.europesays.com\/pl\/wp-json\/wp\/v2\/media\/377898"}],"wp:attachment":[{"href":"https:\/\/www.europesays.com\/pl\/wp-json\/wp\/v2\/media?parent=377897"}],"wp:term":[{"taxonomy":"category","embeddable":true,"href":"https:\/\/www.europesays.com\/pl\/wp-json\/wp\/v2\/categories?post=377897"},{"taxonomy":"post_tag","embeddable":true,"href":"https:\/\/www.europesays.com\/pl\/wp-json\/wp\/v2\/tags?post=377897"}],"curies":[{"name":"wp","href":"https:\/\/api.w.org\/{rel}","templated":true}]}}