{"id":377903,"date":"2026-04-20T08:04:10","date_gmt":"2026-04-20T08:04:10","guid":{"rendered":"https:\/\/www.europesays.com\/pl\/377903\/"},"modified":"2026-04-20T08:04:10","modified_gmt":"2026-04-20T08:04:10","slug":"apoloniusz-tajner-moze-wrocic-do-pzn-a-zwiazek-zmarnowac-cztery-lata","status":"publish","type":"post","link":"https:\/\/www.europesays.com\/pl\/377903\/","title":{"rendered":"Apoloniusz Tajner mo\u017ce wr\u00f3ci\u0107 do PZN. A zwi\u0105zek zmarnowa\u0107 cztery lata"},"content":{"rendered":"<p>Apoloniusz Tajner og\u0142osi\u0142, \u017ce\u00a0b\u0119dzie kandydowa\u0107 w\u00a0najbli\u017cszych wyborach na\u00a0prezesa Polskiego Zwi\u0105zku Narciarskiego. Bo\u00a0nam\u00f3wili go\u00a0do\u00a0tego dzia\u0142acze. Ten sam Tajner ledwie cztery lata temu cieszy\u0142 si\u0119, \u017ce\u00a0to\u00a0koniec i\u00a0\u017ce\u00a0stanowisko opu\u015bci\u0142. Ale\u00a0czasy, jak wida\u0107, si\u0119 zmieniaj\u0105. Tylko\u00a0Polo wci\u0105\u017c utrzymuje si\u0119 na\u00a0sto\u0142kach, co\u00a0zreszt\u0105 nie\u00a0mo\u017ce nas cieszy\u0107. Bo\u00a0jego powr\u00f3t najpewniej oznacza\u0107 b\u0119dzie jedno \u2013 stagnacj\u0119 i\u00a0zero patrzenia w\u00a0przysz\u0142o\u015b\u0107.<\/p>\n<p>Apoloniusz Tajner b\u0119dzie kandydowa\u0107 w\u00a0wyborach na\u00a0prezesa PZN<\/p>\n<p>Nie\u00a0uwa\u017cam, \u017ceby\u00a0Adam Ma\u0142ysz by\u0142 dobrym prezesem. Nie\u00a0uwa\u017cam te\u017c, \u017ceby\u00a0jego niemal czteroletnie rz\u0105dy by\u0142y tak\u00a0tragiczne, jak ludzie pisz\u0105. Natomiast PZN pod\u00a0jego przewodnictwem nadal by\u0142 \u201eskokocentryczny\u201d, nadal cierpia\u0142y inne dyscypliny i\u00a0nadal trudno by\u0142o wskaza\u0107, gdzie w\u0142a\u015bciwie odbywa si\u0119 rozw\u00f3j. No, zyska\u0142 mo\u017ce snowboard alpejski, ale\u00a0raz jeszcze by\u0142 to\u00a0znany w\u00a0Polsce schemat \u2013 s\u0105\u00a0sukcesy i\u00a0dopiero po\u00a0nich damy wam wi\u0119cej \u015brodk\u00f3w.<\/p>\n<p>Niemniej: nie\u00a0wszystko, co\u00a0Ma\u0142ysz robi\u0142, by\u0142o z\u0142e.<\/p>\n<p style=\"text-align: center;\"><a href=\"https:\/\/weszlo.com\/2025\/03\/01\/adam-malysz-prezes-ocena\/\" rel=\"nofollow noopener\" target=\"_blank\">CZYTAJ: ADAM MA\u0141YSZ. JAKIM PREZESEM JEST ORZE\u0141 Z\u00a0WIS\u0141Y?<\/a><\/p>\n<p>A\u00a0mo\u017ce by\u0142oby tego z\u0142a jeszcze mniej, gdyby\u00a0nie\u00a0to, \u017ce\u00a0bywa\u0142o Adamowi nie\u00a0po\u00a0drodze z\u00a0zarz\u0105dem czy\u00a0te\u017c jego niekt\u00f3rymi cz\u0142onkami. Najlepiej \u015bwiadczy o\u00a0tym zreszt\u0105 fakt, \u017ce\u00a0Tajner sam wspomnia\u0142, informuj\u0105c o\u00a0swojej kandydaturze, \u017ce\u00a0zosta\u0142 do\u00a0niej nam\u00f3wiony przez\u00a0delegat\u00f3w.<\/p>\n<p>\u2013 Przy propozycji kandydowania na\u00a0prezesa PZN zastanawiam si\u0119, co\u00a0ja\u00a0mog\u0119 wnie\u015b\u0107 pozytywnego, nie\u00a0ogl\u0105daj\u0105c si\u0119 na\u00a0innych. Trzeba patrze\u0107 w\u00a0przysz\u0142o\u015b\u0107. Generalnie w\u00a0zwi\u0105zku powsta\u0142 chaos. My\u015bl\u0119, \u017ce\u00a0st\u0105d wzi\u0119\u0142a si\u0119 inicjatywa, \u017ceby\u00a0zwr\u00f3ci\u0107 si\u0119 do\u00a0mnie i\u00a0zaproponowa\u0107 powr\u00f3t. To\u00a0by\u0142o dla mnie nieco zaskakuj\u0105ce, ale\u00a0zaakceptowa\u0142em to. Nie\u00a0chc\u0119 i\u015b\u0107 w\u00a0takim kierunku, \u017ceby\u00a0m\u00f3wi\u0107 w\u00a0tym momencie konkretnie, co\u00a0tam trzeba zrobi\u0107, zmieni\u0107, dlaczego i\u00a0tak\u00a0dalej. Je\u017celi zostan\u0119 prezesem, to\u00a0po\u00a0prostu b\u0119d\u0119 dzia\u0142a\u0142 \u2013 opisywa\u0142 w\u00a0rozmowie z\u00a0Eurosportem.<\/p>\n<p style=\"text-align: center;\"><a href=\"https:\/\/weszlo.com\/sensacyjna-deklaracja-tajnera-byly-prezes-chce-wrocic-do-pzn\/\" rel=\"nofollow noopener\" target=\"_blank\">CZYTAJ: SENSACYJNA DEKLARACJA TAJNERA<\/a><\/p>\n<p>Trudno pozby\u0107 si\u0119 wra\u017cenia, \u017ce\u00a0ze\u00a0strony wspomnianych delegat\u00f3w to\u00a0po\u00a0prostu ch\u0119\u0107 powrotu do\u00a0uk\u0142adu, kt\u00f3ry\u00a0znali, lubili i\u00a0w\u00a0kt\u00f3rym\u00a0dobrze im\u00a0si\u0119 dzia\u0142a\u0142o.<\/p>\n<p>Albo\u00a0nie\u00a0dzia\u0142a\u0142o w\u0142a\u015bnie.<\/p>\n<p>Co\u00a0tak\u00a0naprawd\u0119 zrobi\u0142 prezes Tajner?<\/p>\n<p>Apoloniusz Tajner rz\u0105dzi\u0142 Polskim Zwi\u0105zkiem Narciarskim od\u00a0roku 2006 do\u00a02022. Trudno zaprzeczy\u0107 stwierdzeniu, \u017ce\u00a0by\u0142 to\u00a0czas sukces\u00f3w, owszem. Ale\u00a0te\u017c wydaje si\u0119, \u017ce\u00a0Tajner doskonale wiedzia\u0142, w\u00a0kt\u00f3rym\u00a0momencie warto si\u0119 z\u00a0tego stanowiska ewakuowa\u0107. Odszed\u0142 bowiem, gdy\u00a0ko\u0144czy\u0142o si\u0119 z\u0142ote pokolenie polskich skoczk\u00f3w, kiedy nie\u00a0by\u0142o zbyt wielkiej nadziei na\u00a0kolejne sukcesy (jedynym medalem z\u00a0imprez mistrzowskich po\u00a0prezesurze Tajnera \u2013 a\u017c\u00a0do\u00a0medali Kacpra Tomasiaka \u2013 by\u0142o drugie z\u0142oto M\u015a Piotra \u017by\u0142y).<\/p>\n<p>I\u00a0na\u00a0pierwszy rzut oka, wiecie \u2013 by\u0142 prezes Tajner, by\u0142y sukcesy. Przyszed\u0142 prezes Ma\u0142ysz i\u00a0sukcesy si\u0119 nagle urwa\u0142y.<\/p>\n<p>Ale\u00a0to\u00a0powierzchowne spojrzenie. Bo\u00a0pytanie, jakie nale\u017cy sobie postawi\u0107, brzmi: co\u00a0zrobi\u0142 Apoloniusz Tajner, \u017ceby\u00a0te\u00a0sukcesy przed\u0142u\u017cy\u0107? Jakie dzia\u0142ania podj\u0119to, \u017ceby\u00a0nie\u00a0zmarnowa\u0107 pokolenia skoczk\u00f3w z\u00a0lat 90.? Dodatkowo: jak wykorzystano lata genialnego biegania Justyny Kowalczyk? Ile tras biegowych stworzono? Jakie \u015brodki zainwestowano? Jak zadbano o\u00a0narciarstwo alpejskie? Co\u00a0zrobiono, by\u00a0pom\u00f3c kombinacji norweskiej?<\/p>\n<p>I\u00a0wreszcie: w\u00a0ilu przypadkach odpowied\u017a na\u00a0te\u00a0pytania to\u00a0\u201eniemal nic\u201d?<\/p>\n<p>Tajner mia\u0142 \u2013 i\u00a0ma\u00a0nadal \u2013 dryg do\u00a0kamer i\u00a0mikrofon\u00f3w. Znakomicie si\u0119 tego przez\u00a0lata wyuczy\u0142. Jego pierwsze lata na\u00a0stanowisku prezesa by\u0142y faktycznie pr\u00f3b\u0105 ogarni\u0119cia \u2013 nie\u00a0b\u00f3jmy si\u0119 tego s\u0142owa \u2013 burdelu, jaki w\u00a0zwi\u0105zku panowa\u0142. I\u00a0to\u00a0prezes zrobi\u0142, oddajmy mu\u00a0to. Kolejne to\u00a0jednak ju\u017c w\u00a0du\u017cej mierze czysty PR. Stanowiska obsadza\u0142 zaufanymi lud\u017ami (bywa\u0142o, \u017ce\u00a0i\u00a0z\u00a0rodziny lub bliskimi niej), w\u00a0wywiadach m\u00f3wi\u0142 niemal wy\u0142\u0105cznie o\u00a0skokach (no\u00a0i\u00a0o\u00a0Kowalczyk, gdy\u00a0Kowalczyk by\u0142a), a\u00a0do\u00a0tego w\u0142a\u015bciwie nie\u00a0krytykowa\u0142 nikogo i\u00a0niczego \u2013 wszystko zawsze by\u0142o w\u00a0porz\u0105dku. Cz\u0119sto idealnym.<\/p>\n<p>Gdy\u00a0przed\u00a0igrzyskami w\u00a0Pekinie opowiada\u0142 o\u00a0wielu medalach, kt\u00f3re mog\u0105 przywie\u017a\u0107 do\u00a0kraju \u201epodopieczni\u201d jego zwi\u0105zku, wielu ekspert\u00f3w kiwa\u0142o g\u0142owami, wiedz\u0105c, \u017ce\u00a0to\u00a0w\u0142a\u015bciwie niemo\u017cliwe. Ale\u00a0Tajner potem nie\u00a0m\u00f3wi\u0142, \u017ce\u00a0przesadzi\u0142, a\u00a0wr\u0119cz przeciwnie \u2013 podkre\u015bla\u0142 wag\u0119 medalu Dawida Kubackiego, jedynego dla Polski. Naprawd\u0119, \u201ePolo\u201d jak ma\u0142o kto nauczy\u0142 si\u0119, \u017ce\u00a0przede wszystkim trzeba si\u0119 dobrze prezentowa\u0107.<\/p>\n<p>A\u00a0jak b\u0119dzie dobre prezencja\u2026 to\u00a0w\u00a0og\u00f3le jako\u015b to\u00a0b\u0119dzie.<\/p>\n<p>Ma\u0142ysz gani, Tajner chwali\u0142<\/p>\n<p>Adam Ma\u0142ysz nie\u00a0przyszed\u0142 w\u00a02022 roku do\u00a0zwi\u0105zku z\u00a0zewn\u0105trz. By\u0142 wcze\u015bniej dyrektorem ds.\u00a0skok\u00f3w i\u00a0kombinacji norweskiej, m\u00f3g\u0142 obserwowa\u0107, jak funkcjonuje PZN i\u00a0jakie ma\u00a0potrzeby. Cho\u0107 sam przyznawa\u0142 potem, \u017ce\u00a0patrzy\u0142 nieco z\u00a0dystansu, bo\u00a0wi\u0119kszo\u015b\u0107 czasu by\u0142 w\u00a0terenie. I\u00a0mo\u017ce ostatecznie zosta\u0142 zaskoczony tym, co\u00a0w\u00a0zwi\u0105zku zasta\u0142, a\u00a0tak\u017ce tym, jak trudno si\u0119 w\u00a0gabinetach porusza\u0107.<\/p>\n<p>Nie\u00a0ukrywajmy, \u017ce\u00a0Ma\u0142ysz te\u017c ma\u00a0gadane. I\u00a0to\u00a0bardzo. Ale\u00a0jest znacznie bardziej otwartym cz\u0142owiekiem \u2013 powie, co\u00a0jest \u017ale. Uderzy pi\u0119\u015bci\u0105 w\u00a0st\u00f3\u0142. Skrytykuje. Otwarcie opowie dziennikarzom, co\u00a0mu\u00a0si\u0119 nie\u00a0podoba i\u00a0dlaczego. Czasem, faktycznie, powie za\u00a0du\u017co i\u00a0zbyt mocno. Ale\u00a0taka jest jego osoba, po\u00a0prostu.<\/p>\n<p>My\u015blicie jednak, \u017ce\u00a0to\u00a0podoba si\u0119 dzia\u0142aczom? Zw\u0142aszcza tym wieloletnim, kt\u00f3rzy\u00a0swoje sto\u0142ki maj\u0105 ju\u017c nie\u00a0tyle podpisane, co\u00a0wy\u017c\u0142obione kszta\u0142tem w\u0142asnych po\u015bladk\u00f3w?<\/p>\n<p>No\u00a0nie, nie\u00a0mo\u017ce si\u0119 podoba\u0107.<\/p>\n<p>Dzia\u0142acze ceni\u0105 sobie wygod\u0119. W\u00a0wi\u0119kszo\u015bci zwi\u0105zk\u00f3w sportowych odnajdziemy beton \u2013 PZN nie\u00a0jest wyj\u0105tkiem i\u00a0pewnie nigdy nie\u00a0b\u0119dzie. Trzeba si\u0142y przebicia, \u017ceby\u00a0sobie z\u00a0tym betonem poradzi\u0107\u2026 albo\u00a0dobrego budowla\u0144ca, \u017ceby\u00a0u\u0142o\u017cy\u0107 go\u00a0nieco inaczej. Tyle \u017ce\u00a0taki budowlaniec zakres \u015brodk\u00f3w ma\u00a0ograniczony, a\u00a0najlepiej dzia\u0142aj\u0105 pochlebstwa, przymilanie si\u0119. To\u00a0nie\u00a0styl Ma\u0142ysza, to\u00a0styl Tajnera.<\/p>\n<p><img decoding=\"async\" class=\"size-large wp-image-1436888\" src=\"https:\/\/www.europesays.com\/pl\/wp-content\/uploads\/2026\/04\/tajner-malysz-1024x667.jpg\" alt=\"Apoloniusz Tajner i Adam Ma\u0142ysz\" width=\"1024\" height=\"667\" loading=\"lazy\"  \/><\/p>\n<p style=\"text-align: center;\">Apoloniusz Tajner i\u00a0Adam Ma\u0142ysz. Fot.\u00a0Newspix<\/p>\n<p>Ale\u00a0czy\u00a0to\u00a0styl, kt\u00f3ry\u00a0cokolwiek polskiemu narciarstwu da? Tajner mia\u0142 szcz\u0119\u015bcie, wr\u0119cz niebywa\u0142e. Jasne, wspomaga\u0142 je\u00a0czasem dobrymi decyzjami \u2013 cho\u0107by zatrudnianiem odpowiednich trener\u00f3w do\u00a0kadry skoczk\u00f3w \u2013 ale\u00a0generalnie najpierw wyp\u0142yn\u0105\u0142 z\u00a0Ma\u0142yszem u\u00a0boku. Potem okaza\u0142o si\u0119, \u017ce\u00a0inni ludzie potrafi\u0105 przeci\u0105gn\u0105\u0107 jego sukcesy o\u00a0kilka dobrych lat. Wyros\u0142a Justyna Kowalczyk. Na\u00a0fali sukces\u00f3w Adama uda\u0142o si\u0119 \u015bci\u0105gn\u0105\u0107 do\u00a0zwi\u0105zku pieni\u0105dze i\u00a0je\u00a0wykorzysta\u0107 (trzeba mu\u00a0odda\u0107, \u017ce\u00a0o\u00a0tym wie \u2013 wielokrotnie podkre\u015bla\u0142, \u017ce\u00a0Ma\u0142yszomania znacz\u0105co pomog\u0142a zwi\u0105zkowi). Pojawili si\u0119 Kamil Stoch, Piotr \u017by\u0142a, Dawid Kubacki i\u00a0inni.<\/p>\n<p>Tajner spija\u0142 t\u0119\u00a0\u015bmietank\u0119. A\u00a0potem odszed\u0142, gdy\u00a0jej zas\u00f3b by\u0142 na\u00a0wyczerpaniu.<\/p>\n<p>Wytrawny polityk.<\/p>\n<p>Ma\u0142ysz mia\u0142 problemy\u2026 przez\u00a0Tajnera<\/p>\n<p>To\u00a0w\u00a0sumie zabawne, bo\u00a0akurat jako pose\u0142 na\u00a0sejm \u2013 jest nim aktualnie \u2013 specjalnie si\u0119 nie\u00a0wyr\u00f3\u017cnia, bo\u00a0ani nie\u00a0jest aktywny, ani nie\u00a0zabiera cz\u0119sto g\u0142osu. G\u0142osuje niemal zawsze, to\u00a0trzeba mu\u00a0odda\u0107, ale\u00a0g\u0142\u00f3wnie po\u00a0prostu siedzi. I\u00a0mo\u017ce nawet troch\u0119 si\u0119 nudzi. Mo\u017ce to\u00a0ta\u00a0polityka u\u015bwiadomi\u0142a mu, \u017ce\u00a0jako prezes czu\u0142 si\u0119 lepiej?<\/p>\n<p>Bo\u00a0przecie\u017c cztery lata temu m\u00f3wi\u0142 Interii tak:<\/p>\n<p>\u2013 Nie, nie\u00a0t\u0119sknie. Przez\u00a017 lat by\u0142em prezesem i\u00a0tak\u00a0prawd\u0119 powiedziawszy z\u00a0ulg\u0105 przesta\u0142em nim by\u0107. Zale\u017ca\u0142o mi, by\u00a0PZN, kt\u00f3ry\u00a0jest wzorowym zwi\u0105zkiem, odda\u0107 w\u00a0dobre r\u0119ce, a\u00a0gdy\u00a0Adam zgodzi\u0142 si\u0119 kandydowa\u0107, po\u00a0czym zosta\u0142 nowym prezesem, to\u00a0dla mnie [spad\u0142 kamie\u0144 z\u00a0serca]. Naprawd\u0119. Z\u00a0ulg\u0105 zako\u0144czy\u0142em ten etap \u017cycia.<\/p>\n<p>W\u00a0wypowiedziach podkre\u015bla\u0142, \u017ce\u00a0to\u00a0ju\u017c za\u00a0nim, \u017ce\u00a0do\u00a0prezesury nie\u00a0wr\u00f3ci. M\u00f3wi\u0142, \u017ce\u00a0Ma\u0142ysz \u201epchnie zwi\u0105zek do\u00a0przodu\u201d, \u017ce\u00a0to\u00a0\u201eczas na\u00a0m\u0142odszych ludzi\u201d. Nic dziwnego zreszt\u0105, bo\u00a0Tajner odchodz\u0105c mia\u0142 68 lat, by\u0142 ju\u017c tak\u00a0naprawd\u0119 w\u00a0wieku emerytalnym, a\u00a0teraz ma\u00a0na\u00a0karku 72 wiosny. Jasne, mo\u017ce czu\u0107 si\u0119 m\u0142odziej, jasne, mo\u017ce mie\u0107 sporo energii.<\/p>\n<p>Ale\u00a0powr\u00f3t do\u00a0Tajnera, to\u00a0powr\u00f3t nie\u00a0do\u00a0sukces\u00f3w \u2013 cho\u0107 mo\u017cliwe, \u017ce\u00a0Kacper Tomasiak \u201epom\u00f3g\u0142\u201d Tajnerowi w\u00a0podj\u0119ciu decyzji \u2013 a\u00a0do\u00a0kompletnej stagnacji. Bo\u00a0tak\u00a0wygl\u0105da\u0142y jego ostatnie kadencje. Nie\u00a0by\u0142o rozwoju. Nie\u00a0by\u0142o inwestycji. Nie\u00a0by\u0142o my\u015blenia o\u00a0przysz\u0142o\u015bci. Liczy\u0142o si\u0119 tylko\u00a0tu\u00a0i\u00a0teraz, sukcesy na\u00a0ten moment, nie\u00a0to, co\u00a0b\u0119dzie za\u00a0kilka lat.<\/p>\n<p>To\u00a0Tajner zostawi\u0142 Ma\u0142yszowi du\u017co problem\u00f3w. To\u00a0Tajner zakopa\u0142 nasze biegi po\u00a0Justynie Kowalczyk. To\u00a0Tajner sprawi\u0142, \u017ce\u00a0kombinacja norweska w\u00a0Polsce w\u0142a\u015bciwie upad\u0142a. To\u00a0Tajner nie\u00a0zwraca\u0142 uwagi na\u00a0inne sporty, kt\u00f3rymi zarz\u0105dza\u0142, dop\u00f3ki dziennikarze wprost go\u00a0o\u00a0nie\u00a0nie\u00a0zapytali.<\/p>\n<p>A\u00a0teraz to\u00a0Tajner ma\u00a0wr\u00f3ci\u0107 do\u00a0zarz\u0105dzania PZN-em?<\/p>\n<p>No\u00a0i\u00a0w\u00a0porz\u0105dku, je\u015bli delegaci tego chc\u0105 \u2013 niech\u00a0wr\u00f3ci. Ale\u00a0bardzo mo\u017cliwe, \u017ce\u00a0za\u00a0cztery albo\u00a0osiem lat obudzimy si\u0119 najpewniej dok\u0142adnie w\u00a0tym samym miejscu\u2026 a\u00a0mo\u017ce i\u00a0gorszym.<\/p>\n<p>A\u00a0prezesa Tajnera ju\u017c to\u00a0wszystko obchodzi\u0107 nie\u00a0b\u0119dzie. Bo\u00a0i\u00a0czemu by\u00a0mia\u0142o?<\/p>\n<p>SEBASTIAN WARZECHA<\/p>\n<p>Fot.\u00a0Newspix<\/p>\n<p>Czytaj wi\u0119cej o\u00a0skokach na\u00a0Wesz\u0142o:                        <\/p>\n","protected":false},"excerpt":{"rendered":"Apoloniusz Tajner og\u0142osi\u0142, \u017ce\u00a0b\u0119dzie kandydowa\u0107 w\u00a0najbli\u017cszych wyborach na\u00a0prezesa Polskiego Zwi\u0105zku Narciarskiego. Bo\u00a0nam\u00f3wili go\u00a0do\u00a0tego dzia\u0142acze. Ten sam Tajner ledwie&hellip;\n","protected":false},"author":2,"featured_media":377904,"comment_status":"","ping_status":"","sticky":false,"template":"","format":"standard","meta":{"footnotes":"","_share_on_mastodon":"0"},"categories":[24],"tags":[1557,34805,42,38,40,39,41,41170,24782,127,126],"class_list":["post-377903","post","type-post","status-publish","format-standard","has-post-thumbnail","category-sport","tag-adam-malysz","tag-apoloniusz-tajner","tag-pl","tag-poland","tag-polish","tag-polska","tag-polski","tag-polski-zwiazek-narciarski","tag-pzn","tag-sport","tag-sports"],"share_on_mastodon":{"url":"https:\/\/pubeurope.com\/@pl\/116436000357840385","error":""},"_links":{"self":[{"href":"https:\/\/www.europesays.com\/pl\/wp-json\/wp\/v2\/posts\/377903","targetHints":{"allow":["GET"]}}],"collection":[{"href":"https:\/\/www.europesays.com\/pl\/wp-json\/wp\/v2\/posts"}],"about":[{"href":"https:\/\/www.europesays.com\/pl\/wp-json\/wp\/v2\/types\/post"}],"author":[{"embeddable":true,"href":"https:\/\/www.europesays.com\/pl\/wp-json\/wp\/v2\/users\/2"}],"replies":[{"embeddable":true,"href":"https:\/\/www.europesays.com\/pl\/wp-json\/wp\/v2\/comments?post=377903"}],"version-history":[{"count":0,"href":"https:\/\/www.europesays.com\/pl\/wp-json\/wp\/v2\/posts\/377903\/revisions"}],"wp:featuredmedia":[{"embeddable":true,"href":"https:\/\/www.europesays.com\/pl\/wp-json\/wp\/v2\/media\/377904"}],"wp:attachment":[{"href":"https:\/\/www.europesays.com\/pl\/wp-json\/wp\/v2\/media?parent=377903"}],"wp:term":[{"taxonomy":"category","embeddable":true,"href":"https:\/\/www.europesays.com\/pl\/wp-json\/wp\/v2\/categories?post=377903"},{"taxonomy":"post_tag","embeddable":true,"href":"https:\/\/www.europesays.com\/pl\/wp-json\/wp\/v2\/tags?post=377903"}],"curies":[{"name":"wp","href":"https:\/\/api.w.org\/{rel}","templated":true}]}}