{"id":378081,"date":"2026-04-20T09:57:09","date_gmt":"2026-04-20T09:57:09","guid":{"rendered":"https:\/\/www.europesays.com\/pl\/378081\/"},"modified":"2026-04-20T09:57:09","modified_gmt":"2026-04-20T09:57:09","slug":"jakub-palka-zwycieza-w-meczu-polska-kanada-wideo-hej-mielec-pl","status":"publish","type":"post","link":"https:\/\/www.europesays.com\/pl\/378081\/","title":{"rendered":"Jakub Pa\u0142ka zwyci\u0119\u017ca w meczu Polska \u2013 Kanada [WIDEO] &#8211; HEJ.MIELEC.PL"},"content":{"rendered":"<p>            Reprezentacja Polski pokona\u0142a Kanad\u0119 12:8 w towarzyskim meczu rozegranym w Sok\u00f3\u0142ce. By\u0142o to drugie zwyci\u0119stwo Bia\u0142o-Czerwonych nad tym rywalem w ci\u0105gu weekendu \u2013 wcze\u015bniej triumfowali tak\u017ce w Elbl\u0105gu.<\/p>\n<p>W\u015br\u00f3d zwyci\u0119zc\u00f3w nie zabrak\u0142o akcentu z Mielca. \u015awietny wyst\u0119p zanotowa\u0142 Jakub Pa\u0142ka, zawodnik Mieleckiej Szko\u0142y Boksu, kt\u00f3ry wygra\u0142 swoj\u0105 walk\u0119 w kategorii 70 kg. Jego rywalem by\u0142 reprezentant Kanady Lucas St-Martin \u2013 utytu\u0142owany pi\u0119\u015bciarz, wielokrotny mistrz swojego kraju.<\/p>\n<p>Pojedynek zako\u0144czy\u0142 si\u0119 zwyci\u0119stwem mielczanina 2:1, a \u2013 jak podkre\u015blaj\u0105 trenerzy \u2013 sukces ten ma szczeg\u00f3ln\u0105 warto\u015b\u0107. Pa\u0142ka rywalizowa\u0142 bowiem w wy\u017cszej kategorii wagowej ni\u017c na co dzie\u0144.<\/p>\n<p>\u2013 To by\u0142 dojrza\u0142y, inteligentny boks. Plan taktyczny zosta\u0142 w pe\u0142ni wykonany \u2013 ocenia trener Pawe\u0142 R\u00f3g.<\/p>\n<p>Jak dodaje szkoleniowiec, ca\u0142y klub jest niezwykle dumny z postawy swojego zawodnika. \u2013 To dla nas ogromne wyr\u00f3\u017cnienie, \u017ce Jakub mo\u017ce reprezentowa\u0107 Polsk\u0119 z orze\u0142kiem na piersi \u2013 podkre\u015bla.<\/p>\n<p>Na co dzie\u0144 Pa\u0142ka trenuje pod okiem Paw\u0142a Roga oraz Paw\u0142a R\u017canego, rozwijaj\u0105c swoje umiej\u0119tno\u015bci w Mielcu.<\/p>\n<p>&#8211; Nie uwa\u017cam, \u017ce przegra\u0142em jedn\u0105 rund\u0119, bo dobrze si\u0119 w niej pokaza\u0142em. Nieraz punktowa\u0142em mojego przeciwnika. My\u015bl\u0119, \u017ce dobrze przeczyta\u0142em rywala. W Sok\u00f3\u0142ce czuj\u0119 si\u0119 bardzo dobrze. Tu zdoby\u0142em medal na Mistrzostwach Polski \u2013 powiedzia\u0142 Jakub Pa\u0142ka.<\/p>\n<p>Mecz w Sok\u00f3\u0142ce by\u0142 wyr\u00f3wnany, a o ko\u0144cowym zwyci\u0119stwie Polak\u00f3w zdecydowa\u0142y dobre wyst\u0119py w ko\u0144cowej fazie rywalizacji. Bia\u0142o-Czerwoni wygrali trzy z czterech ostatnich walk, piecz\u0119tuj\u0105c triumf 12:8.<\/p>\n<p>Sok\u00f3\u0142ka, Polska &#8211; Kanada 12:8<br \/>55 kg Olivier Rogiewicz &#8211; Alexis Turbide 2:1<br \/>60 kg Elvir Karimov &#8211; Charles Brillon wo<br \/>60 kg \u0141ukasz Dudzi\u0144ski &#8211; Emmanuel Beaudoin 0:3<br \/>65 kg Bartosz Dudzi\u0144ski &#8211; Treyven Barthelus 1:2<br \/>70 kg Jakub Pa\u0142ka &#8211; Lucas St-Martin 2:1<br \/>80 kg Micha\u0142 Pierzcha\u0142a &#8211; Steven Samson 3:0<br \/>85 kg Jakub Ma\u015bcianica &#8211; Youness Chetouani 0:3<br \/>90 kg Dawid Kruczkowski &#8211; Jean-Thomas Cote 3:0<br \/>juniorzy:<br \/>80 kg Kasjan Ga\u0142kiewicz &#8211; Josue Kouie 0:3<br \/>80 kg Borys P\u0142achta &#8211; Miles Diekens-Guillaume 3:0<\/p>\n","protected":false},"excerpt":{"rendered":"Reprezentacja Polski pokona\u0142a Kanad\u0119 12:8 w towarzyskim meczu rozegranym w Sok\u00f3\u0142ce. By\u0142o to drugie zwyci\u0119stwo Bia\u0142o-Czerwonych nad tym&hellip;\n","protected":false},"author":2,"featured_media":378082,"comment_status":"","ping_status":"","sticky":false,"template":"","format":"standard","meta":{"footnotes":"","_share_on_mastodon":"0"},"categories":[12],"tags":[14432,42,38,40,39,41],"class_list":["post-378081","post","type-post","status-publish","format-standard","has-post-thumbnail","category-polska","tag-mielec","tag-pl","tag-poland","tag-polish","tag-polska","tag-polski"],"share_on_mastodon":{"url":"https:\/\/pubeurope.com\/@pl\/116436444500445391","error":""},"_links":{"self":[{"href":"https:\/\/www.europesays.com\/pl\/wp-json\/wp\/v2\/posts\/378081","targetHints":{"allow":["GET"]}}],"collection":[{"href":"https:\/\/www.europesays.com\/pl\/wp-json\/wp\/v2\/posts"}],"about":[{"href":"https:\/\/www.europesays.com\/pl\/wp-json\/wp\/v2\/types\/post"}],"author":[{"embeddable":true,"href":"https:\/\/www.europesays.com\/pl\/wp-json\/wp\/v2\/users\/2"}],"replies":[{"embeddable":true,"href":"https:\/\/www.europesays.com\/pl\/wp-json\/wp\/v2\/comments?post=378081"}],"version-history":[{"count":0,"href":"https:\/\/www.europesays.com\/pl\/wp-json\/wp\/v2\/posts\/378081\/revisions"}],"wp:featuredmedia":[{"embeddable":true,"href":"https:\/\/www.europesays.com\/pl\/wp-json\/wp\/v2\/media\/378082"}],"wp:attachment":[{"href":"https:\/\/www.europesays.com\/pl\/wp-json\/wp\/v2\/media?parent=378081"}],"wp:term":[{"taxonomy":"category","embeddable":true,"href":"https:\/\/www.europesays.com\/pl\/wp-json\/wp\/v2\/categories?post=378081"},{"taxonomy":"post_tag","embeddable":true,"href":"https:\/\/www.europesays.com\/pl\/wp-json\/wp\/v2\/tags?post=378081"}],"curies":[{"name":"wp","href":"https:\/\/api.w.org\/{rel}","templated":true}]}}