{"id":378149,"date":"2026-04-20T10:44:08","date_gmt":"2026-04-20T10:44:08","guid":{"rendered":"https:\/\/www.europesays.com\/pl\/378149\/"},"modified":"2026-04-20T10:44:08","modified_gmt":"2026-04-20T10:44:08","slug":"co-z-systemem-var-w-ostatniej-kolejce-pko-ekstraklasy-jest-glos-przedstawiciela-pzpn-pilkanozna-pl","status":"publish","type":"post","link":"https:\/\/www.europesays.com\/pl\/378149\/","title":{"rendered":"Co z systemem VAR w ostatniej kolejce PKO Ekstraklasy? Jest g\u0142os przedstawiciela PZPN \u2013 Pi\u0142kaNo\u017cna.pl"},"content":{"rendered":"<p class=\"text-4 text-center text-global-text-primary\">Finisz sezonu PKO Bank Polski Ekstraklasy zbli\u017ca si\u0119\u00a0wielkimi krokami. Wszystkie mecze ostatniej kolejki zostan\u0105\u00a0rozegrane o tej samej porze. Jak PZPN poradzi sobie z obs\u0142ug\u0105 systemu VAR?\n        <\/p>\n<p>Od pocz\u0105tku wprowadzenia systemu VAR w naszej lidze jest on obs\u0142ugiwany poprzez wozy, je\u017cd\u017c\u0105ce na konkretne spotkania. Polska federacja nie ma ich jednak na tyle du\u017co, by obs\u0142u\u017cy\u0107 wszystkie mecze w jednym czasie.<\/p>\n<p>W obecnym sezonie tabela jest bardzo p\u0142aska, ka\u017cda kolejka wprowadza olbrzymie zmiany, a to oznacza, \u017ce ka\u017cde spotkanie w ostatniej serii gier mo\u017ce du\u017co wa\u017cy\u0107. Jak PZPN przygotowuje si\u0119 na ten scenariusz?<\/p>\n<p>* {<br \/>\n                    position: sticky;<br \/>\n                    position: -webkit-sticky;<br \/>\n                    top: 170px;<br \/>\n                }<br \/>\n            ]]><\/p>\n<p>\u2013 Robimy wszystko, aby ka\u017cdy mecz 34. kolejki by\u0142 obs\u0142ugiwany przez system VAR \u2013 m\u00f3wi\u0142 w programie Cafe Futbol Marcin Szulc, przewodnicz\u0105cy komisji s\u0119dzi\u00f3w PZPN. \u2013 Wszystkie spotkania maj\u0105 by\u0107\u00a0traktowane na r\u00f3wni. Z tego co wiem, jest mo\u017cliwo\u015b\u0107 wypo\u017cyczenia woz\u00f3w z innego kraju. Sprawa jest w toku, PZPN o tym my\u015bli i zdaje sobie spraw\u0119, jaka jest odpowiedzialno\u015b\u0107 ka\u017cdej decyzji s\u0119dziowskiej \u2013 doda\u0142.<\/p>\n<p>Drugi scenariusz, o kt\u00f3rym w poprzednim tygodniu mo\u017cna by\u0142o us\u0142ysze\u0107, to wprowadzenie centralnego systemu VAR w\u0142a\u015bnie na ostatni\u0105 kolejk\u0119. Na pocz\u0105tku maja mia\u0142yby si\u0119\u00a0odby\u0107 testy, by wszystko by\u0142o gotowe w\u0142a\u015bnie na finisz sezonu. To rozwi\u0105za\u0142oby problem z brakuj\u0105cymi wozami, poniewa\u017c wideoweryfikacja odbywa\u0142aby si\u0119 w jednym miejscu \u2013 w siedzibie PZPN. By\u0142oby to jednak rozwi\u0105zanie obarczone ryzykiem. <\/p>\n","protected":false},"excerpt":{"rendered":"Finisz sezonu PKO Bank Polski Ekstraklasy zbli\u017ca si\u0119\u00a0wielkimi krokami. Wszystkie mecze ostatniej kolejki zostan\u0105\u00a0rozegrane o tej samej porze.&hellip;\n","protected":false},"author":2,"featured_media":378150,"comment_status":"","ping_status":"","sticky":false,"template":"","format":"standard","meta":{"footnotes":"","_share_on_mastodon":"0"},"categories":[52122],"tags":[274,14533,6010,752,42,38,40,39,41,550,3180],"class_list":["post-378149","post","type-post","status-publish","format-standard","has-post-thumbnail","category-pko-bank-polski","tag-ekstraklasa","tag-marcin-szulc","tag-pko-bank-polski","tag-pko-bp","tag-pl","tag-poland","tag-polish","tag-polska","tag-polski","tag-pzpn","tag-var"],"share_on_mastodon":{"url":"https:\/\/pubeurope.com\/@pl\/116436629203838410","error":""},"_links":{"self":[{"href":"https:\/\/www.europesays.com\/pl\/wp-json\/wp\/v2\/posts\/378149","targetHints":{"allow":["GET"]}}],"collection":[{"href":"https:\/\/www.europesays.com\/pl\/wp-json\/wp\/v2\/posts"}],"about":[{"href":"https:\/\/www.europesays.com\/pl\/wp-json\/wp\/v2\/types\/post"}],"author":[{"embeddable":true,"href":"https:\/\/www.europesays.com\/pl\/wp-json\/wp\/v2\/users\/2"}],"replies":[{"embeddable":true,"href":"https:\/\/www.europesays.com\/pl\/wp-json\/wp\/v2\/comments?post=378149"}],"version-history":[{"count":0,"href":"https:\/\/www.europesays.com\/pl\/wp-json\/wp\/v2\/posts\/378149\/revisions"}],"wp:featuredmedia":[{"embeddable":true,"href":"https:\/\/www.europesays.com\/pl\/wp-json\/wp\/v2\/media\/378150"}],"wp:attachment":[{"href":"https:\/\/www.europesays.com\/pl\/wp-json\/wp\/v2\/media?parent=378149"}],"wp:term":[{"taxonomy":"category","embeddable":true,"href":"https:\/\/www.europesays.com\/pl\/wp-json\/wp\/v2\/categories?post=378149"},{"taxonomy":"post_tag","embeddable":true,"href":"https:\/\/www.europesays.com\/pl\/wp-json\/wp\/v2\/tags?post=378149"}],"curies":[{"name":"wp","href":"https:\/\/api.w.org\/{rel}","templated":true}]}}