{"id":378415,"date":"2026-04-20T13:26:07","date_gmt":"2026-04-20T13:26:07","guid":{"rendered":"https:\/\/www.europesays.com\/pl\/378415\/"},"modified":"2026-04-20T13:26:07","modified_gmt":"2026-04-20T13:26:07","slug":"robert-bakiewicz-pokazal-nagranie-straz-graniczna-reaguje-i-apeluje","status":"publish","type":"post","link":"https:\/\/www.europesays.com\/pl\/378415\/","title":{"rendered":"Robert B\u0105kiewicz pokaza\u0142 nagranie. Stra\u017c Graniczna reaguje i apeluje"},"content":{"rendered":"<p><a href=\"https:\/\/wiadomosci.onet.pl\/robert-bakiewicz\" id=\"80a9e271-d815-4e6a-9250-21992bf3c0b6\" rel=\"nofollow noopener\" target=\"_blank\">Robert B\u0105kiewicz<\/a> opublikowa\u0142 na platformie X nagranie, kt\u00f3re mia\u0142o powsta\u0107 przy przej\u015bciu granicznych z Niemcami w Lubieszynie (woj. zachodniopomorskie). Autorem kr\u00f3tkiego filmu jest <a href=\"https:\/\/wiadomosci.onet.pl\/ruch-obrony-granic\" id=\"38a0743d-7c98-4560-8e2c-0fe9be1d3352\" rel=\"nofollow noopener\" target=\"_blank\">Ruch Obrony Granic<\/a>. Jest to inicjatywa za\u0142o\u017cona w\u0142a\u015bnie przez Roberta B\u0105kiewicza, kt\u00f3ra skupia si\u0119 na &#8222;patrolowaniu&#8221; granicy polsko-niemieckiej. Jak twierdz\u0105 jej cz\u0142onkowie, celem ROG jest walka z nielegaln\u0105 migracj\u0105 z Niemiec do Polski.<\/p>\n<blockquote class=\"ods-o-quote\">\n<p class=\"ods-o-quote__paragraph\">Zobaczcie, co si\u0119 dzieje na granicy w Lubieszynie! Niemiecka policja podrzuca nam migrant\u00f3w zaraz po odje\u017adzie patrolu ROG. Zero dokument\u00f3w, zero jakichkolwiek podpis\u00f3w, zero kontroli to\u017csamo\u015bci<\/p>\n<\/blockquote>\n<p>\u2014 napisa\u0142 na platformie X Robert B\u0105kiewicz, sugeruj\u0105c, \u017ce z bia\u0142ego busa widocznego na nagraniu wysiad\u0142a rodzina migrant\u00f3w i w asy\u015bcie niemieckiej policji zosta\u0142a doprowadzona do polskiej granicy.<\/p>\n<p>W swoim wpisie Robert B\u0105kiewicz zwr\u00f3ci\u0142 r\u00f3wnie\u017c uwag\u0119, \u017ce wszystko odby\u0142o si\u0119 bez \u017cadnej procedury, sprawdzania dokument\u00f3w, kontroli to\u017csamo\u015bci itp.<\/p>\n<p>W dalszej cz\u0119\u015bci wpisu polityk zwr\u00f3ci\u0142 si\u0119 do ministra spraw wewn\u0119trznych i administracji Marcina Kierwi\u0144skiego, pytaj\u0105c go, &#8222;na jakiej podstawie prawnej i proceduralnej dosz\u0142o do tego przekazania&#8221; i apeluj\u0105c o &#8222;natychmiastowe wyja\u015bnienia&#8221;.<\/p>\n<p> Dalszy ci\u0105g artyku\u0142u pod materia\u0142em wideo Robert B\u0105kiewicz pokaza\u0142 nagranie. Szybka odpowied\u017a Stra\u017cy Granicznej. &#8222;Zostali zawr\u00f3ceni&#8221;     Na wpis i pytania Roberta B\u0105kiewicza zareagowa\u0142a <a href=\"https:\/\/wiadomosci.onet.pl\/straz-graniczna\" id=\"bc3c902b-0ea1-44d2-b323-89eaa91caf1d\" rel=\"nofollow noopener\" target=\"_blank\">Stra\u017c Graniczna<\/a>.<\/p>\n<blockquote class=\"ods-o-quote\">\n<p class=\"ods-o-quote__paragraph\">W zwi\u0105zku z pojawiaj\u0105cymi si\u0119 w przestrzeni medialnej informacjami dotycz\u0105cymi przekazywania migrant\u00f3w na granicy niemieckiej informujemy, \u017ce 18 kwietnia funkcjonariusze niemieckiej policji w rejonie Lubieszyna odm\u00f3wili wjazdu czterem obywatelom Afganistanu, wobec czego cudzoziemcy zostali zawr\u00f3ceni do Polski<\/p>\n<\/blockquote>\n<p>\u2014 czytamy w komunikacie Stra\u017cy Granicznej.<\/p>\n<p>W dalszej cz\u0119\u015bci wpisu przedstawiciele Stra\u017cy Granicznej podkre\u015blili, \u017ce funkcjonariusze tej formacji przeprowadzili te\u017c kontrol\u0119 legalno\u015bci pobytu innych cudzoziemc\u00f3w. W jej wyniku ustalono, \u017ce spe\u0142niaj\u0105 warunki wjazdu i pobytu na terytorium RP, poniewa\u017c posiadaj\u0105 wa\u017cne paszporty oraz litewskie karty pobytu.<\/p>\n<blockquote class=\"ods-o-quote\">\n<p class=\"ods-o-quote__paragraph\">Strona litewska potwierdzi\u0142a ich legalny pobyt<\/p>\n<\/blockquote>\n<p>\u2014 napisali przedstawiciele Stra\u017cy Granicznej.<\/p>\n<p>Na koniec zaapelowali, aby &#8222;nie wprowadza\u0107 opinii publicznej w b\u0142\u0105d&#8221;.<\/p>\n","protected":false},"excerpt":{"rendered":"Robert B\u0105kiewicz opublikowa\u0142 na platformie X nagranie, kt\u00f3re mia\u0142o powsta\u0107 przy przej\u015bciu granicznych z Niemcami w Lubieszynie (woj.&hellip;\n","protected":false},"author":2,"featured_media":378416,"comment_status":"","ping_status":"","sticky":false,"template":"","format":"standard","meta":{"footnotes":"","_share_on_mastodon":"0"},"categories":[12],"tags":[61195,32,33,36,37,12895,27,49,34,35,1680,2223,28,31,48,56992,25,15268,295,46,42,38,40,39,41,514,524,47,515,29,30,26],"class_list":["post-378415","post","type-post","status-publish","format-standard","has-post-thumbnail","category-polska","tag-bottomfeed_styl","tag-breaking-news","tag-breakingnews","tag-featured-news","tag-featurednews","tag-granica_przejscie_graniczne","tag-headlines","tag-kraj","tag-latest-news","tag-latestnews","tag-marcin_kierwinski","tag-migranci","tag-naglowki","tag-najwazniejsze-artykuly","tag-nat_styl","tag-newbb_tst1","tag-news","tag-nielegalni_migranci","tag-niemcy","tag-omp","tag-pl","tag-poland","tag-polish","tag-polska","tag-polski","tag-robert_bakiewicz","tag-ruch_obrony_granic","tag-screening_general","tag-straz_graniczna","tag-top-stories","tag-topstories","tag-wiadomosci"],"share_on_mastodon":{"url":"","error":"Validation failed: Text character limit of 500 exceeded"},"_links":{"self":[{"href":"https:\/\/www.europesays.com\/pl\/wp-json\/wp\/v2\/posts\/378415","targetHints":{"allow":["GET"]}}],"collection":[{"href":"https:\/\/www.europesays.com\/pl\/wp-json\/wp\/v2\/posts"}],"about":[{"href":"https:\/\/www.europesays.com\/pl\/wp-json\/wp\/v2\/types\/post"}],"author":[{"embeddable":true,"href":"https:\/\/www.europesays.com\/pl\/wp-json\/wp\/v2\/users\/2"}],"replies":[{"embeddable":true,"href":"https:\/\/www.europesays.com\/pl\/wp-json\/wp\/v2\/comments?post=378415"}],"version-history":[{"count":0,"href":"https:\/\/www.europesays.com\/pl\/wp-json\/wp\/v2\/posts\/378415\/revisions"}],"wp:featuredmedia":[{"embeddable":true,"href":"https:\/\/www.europesays.com\/pl\/wp-json\/wp\/v2\/media\/378416"}],"wp:attachment":[{"href":"https:\/\/www.europesays.com\/pl\/wp-json\/wp\/v2\/media?parent=378415"}],"wp:term":[{"taxonomy":"category","embeddable":true,"href":"https:\/\/www.europesays.com\/pl\/wp-json\/wp\/v2\/categories?post=378415"},{"taxonomy":"post_tag","embeddable":true,"href":"https:\/\/www.europesays.com\/pl\/wp-json\/wp\/v2\/tags?post=378415"}],"curies":[{"name":"wp","href":"https:\/\/api.w.org\/{rel}","templated":true}]}}