{"id":378687,"date":"2026-04-20T16:07:09","date_gmt":"2026-04-20T16:07:09","guid":{"rendered":"https:\/\/www.europesays.com\/pl\/378687\/"},"modified":"2026-04-20T16:07:09","modified_gmt":"2026-04-20T16:07:09","slug":"kanye-west-do-polski-nie-wjedzie-radoslaw-sikorski-wspomnial-o-wiezieniu-onet","status":"publish","type":"post","link":"https:\/\/www.europesays.com\/pl\/378687\/","title":{"rendered":"&quot;Kanye West do Polski nie wjedzie&quot;. Rados\u0142aw Sikorski wspomnia\u0142 o wi\u0119zieniu &#8211; Onet"},"content":{"rendered":"<ol>\n<li><a href=\"https:\/\/news.google.com\/rss\/articles\/CBMixgFBVV95cUxOaU5tV1JZVnFHZ0xualRxSEJtNF9lNm56dk14bnhJZHZneTNqdDl0bVZRNjBtdmZ6WnNWOG5aUUpVcUw3QWtITE9lb0Jxd3NtbzJrcjBUaWJKMVF2MTR0NVdqUmR1cjZpQ0puNGtoZER6T3pVUEtTMktqdkhub2JKVEpyVFk5X0NhS2YtQlZtdllVTThJQWFwdTFaRE9tRnFhVDVyVEtHNlhMN25hT2FqZk1kRXZPdUVTX25NckR0V1BfOTZHMFE?oc=5\" target=\"_blank\" rel=\"nofollow noopener\">&#8222;Kanye West do Polski nie wjedzie&#8221;. Rados\u0142aw Sikorski wspomnia\u0142 o wi\u0119zieniu<\/a>&nbsp;&nbsp;Onet<\/li>\n<li><a href=\"https:\/\/news.google.com\/rss\/articles\/CBMiyAFBVV95cUxQNWVHeE5PTEN2SFBjMDItVlljd0Nrdkp0akEwZGx1YUdBVDE4SUdzczE5VFd1dXhsakJSdFlFTkJMZmZUU1dVLXJZNTF0OXpBeEgzeHR2QjRvM1A1azFEQ3N5SXg1eFlWT0I3ZVJOT0k5TElvMngyTXY4djJMbmZqWjdfaXdOY09iM211Zi12UkhKRWtoZ2tscXFVdWZRQ3ZHTWlmTUJWa0VWUjYyQ3VpejdaZzJaanZBN1NaLXpVd01HdTJCSEh0Uw?oc=5\" target=\"_blank\" rel=\"nofollow noopener\">&#8222;Pan Kanye West do Polski nie wjedzie&#8221;. Rados\u0142aw Sikorski stanowczo o raperze<\/a>&nbsp;&nbsp;Onet<\/li>\n<li><a href=\"https:\/\/news.google.com\/rss\/articles\/CBMihwFBVV95cUxPX1BMVnpyTU1USkY0aG5feDcwZFVIUzg5M3cwOURrbE91ZlFibTVlUEtlUm5uLXQxejRqTnE3RVk4RVd5Z1RJTE9NN2lucTNxamdHOHlRUl94dkN4ZHVZMW1LWHN4YXBKc091WHFQNnhRcmdTcng3RDhmNHFwdFRsaWNVU2U1dlU?oc=5\" target=\"_blank\" rel=\"nofollow noopener\">Koncert Kanye Westa w Polsce ODWO\u0141ANY!<\/a>&nbsp;&nbsp;pudelek.pl<\/li>\n<li><a href=\"https:\/\/news.google.com\/rss\/articles\/CBMiiAJBVV95cUxQc0RIZC1wTldqYnBIc1Q3dWZaMWg5V1FmTHBKUW5hWVQyOXJGVjBnRFc3cXByeXRpck1sMTVhQktyaEt5b2l2b2lXaVh3NmtuTWxDTkRVV3pZVUkwSDdSYVlpUFBUQlY2TmZyaU1hVWpJcklHMVZMaVJ6b0JyU0lSNk1mRTFnazhuaUthN0ZFUHhsakwtcFgxZV9OTkZwMDctSlRVN3I3aDdzZEMxUGtmTFBIZ3h2eEFTS01nV0h2RHdKSmZMMVJzR3VtaVdFZ1FzTEZPTmxER2ktd0wwSm45cTJZbDcwc2FiQWp1dnZ3Zy14NzV4NVV6TjZrZ1Q4TTBvQkh0QVdyb1k?oc=5\" target=\"_blank\" rel=\"nofollow noopener\">Organizatorzy koncertu Ye wydali o\u015bwiadczenie: &#8222;Twierdzenia sugeruj\u0105ce, \u017ce koncert nie mo\u017ce sie odby\u0107 z przyczyn formalno-prawnych, nie odzwierciedlaj\u0105 sytuacji&#8221;<\/a>&nbsp;&nbsp;cgm.pl &#8211; Codzienna Gazeta Muzyczna<\/li>\n<li><a href=\"https:\/\/news.google.com\/rss\/articles\/CBMihAJBVV95cUxPci1CbDBYb1VlZ0Zjc3BieVhPTHFNRVR1WEJZQk91aFBjbUlwLTBuT3Uzd2FPVDBmREdmYXByNjBWZURJczRPTklwUXpldmZBYzY5UGd3Um1Ud0c5U0RfbW5HNEIxbWJvZWdta3VUVF9rYXROOGxTcHRrb0RCcWpTZlRmN29Za0xSdEkzYmZRVmw4S1N1TTZpeTVab3h3Q2pPQlp1MlJ0dEtUZ2RES1RWdW1qaWt1cTlRR0M4M3o1aFJRMEg5d21HVVVsR0dEY1FpNEdvUVBja0VMZDJtMkJ6ZWd1S2VvNkcwMkJ0RHdhTWJwaml4OHcyMG84TnNWQkwxd2hPRw?oc=5\" target=\"_blank\" rel=\"nofollow noopener\">Koncert Kanye West w Chorzowie odwo\u0142any. Stadion \u015al\u0105sk nie chce kontrowersyjnego artysty<\/a>&nbsp;&nbsp;Dziennik Zachodni<\/li>\n<\/ol>\n","protected":false},"excerpt":{"rendered":"&#8222;Kanye West do Polski nie wjedzie&#8221;. Rados\u0142aw Sikorski wspomnia\u0142 o wi\u0119zieniu&nbsp;&nbsp;Onet &#8222;Pan Kanye West do Polski nie wjedzie&#8221;.&hellip;\n","protected":false},"author":2,"featured_media":378688,"comment_status":"","ping_status":"","sticky":false,"template":"","format":"standard","meta":{"footnotes":"","_share_on_mastodon":"0"},"categories":[22],"tags":[122,68062,67,41992,261,5201,1503,8426,53,52,68,51,55,42,38,40,39,2847,41,1534,1877,123,47,65,50],"class_list":["post-378687","post","type-post","status-publish","format-standard","has-post-thumbnail","category-rozrywka","tag-entertainment","tag-faszyzm_faszysta_faszysci","tag-intextvideo_splayer","tag-kanye_west_raper_ye","tag-kultura","tag-magdalena_biejat","tag-muzyka_i_muzycy_muzyka_rozrywkowa_spiew","tag-najnowsze","tag-new_header","tag-onet3","tag-onet3d","tag-onet3d_2i","tag-phx","tag-pl","tag-poland","tag-polish","tag-polska","tag-polska_polak_polka_polacy_polki","tag-polski","tag-radoslaw_sikorski_polityk","tag-raper","tag-rozrywka","tag-screening_general","tag-update_me","tag-v2021"],"share_on_mastodon":{"url":"https:\/\/pubeurope.com\/@pl\/116437899494805917","error":""},"_links":{"self":[{"href":"https:\/\/www.europesays.com\/pl\/wp-json\/wp\/v2\/posts\/378687","targetHints":{"allow":["GET"]}}],"collection":[{"href":"https:\/\/www.europesays.com\/pl\/wp-json\/wp\/v2\/posts"}],"about":[{"href":"https:\/\/www.europesays.com\/pl\/wp-json\/wp\/v2\/types\/post"}],"author":[{"embeddable":true,"href":"https:\/\/www.europesays.com\/pl\/wp-json\/wp\/v2\/users\/2"}],"replies":[{"embeddable":true,"href":"https:\/\/www.europesays.com\/pl\/wp-json\/wp\/v2\/comments?post=378687"}],"version-history":[{"count":0,"href":"https:\/\/www.europesays.com\/pl\/wp-json\/wp\/v2\/posts\/378687\/revisions"}],"wp:featuredmedia":[{"embeddable":true,"href":"https:\/\/www.europesays.com\/pl\/wp-json\/wp\/v2\/media\/378688"}],"wp:attachment":[{"href":"https:\/\/www.europesays.com\/pl\/wp-json\/wp\/v2\/media?parent=378687"}],"wp:term":[{"taxonomy":"category","embeddable":true,"href":"https:\/\/www.europesays.com\/pl\/wp-json\/wp\/v2\/categories?post=378687"},{"taxonomy":"post_tag","embeddable":true,"href":"https:\/\/www.europesays.com\/pl\/wp-json\/wp\/v2\/tags?post=378687"}],"curies":[{"name":"wp","href":"https:\/\/api.w.org\/{rel}","templated":true}]}}