{"id":378833,"date":"2026-04-20T17:31:18","date_gmt":"2026-04-20T17:31:18","guid":{"rendered":"https:\/\/www.europesays.com\/pl\/378833\/"},"modified":"2026-04-20T17:31:18","modified_gmt":"2026-04-20T17:31:18","slug":"to-przekonalo-donalda-trumpa-do-ataku-na-iran-prezydent-usa-zabral-glos","status":"publish","type":"post","link":"https:\/\/www.europesays.com\/pl\/378833\/","title":{"rendered":"To przekona\u0142o Donalda Trumpa do ataku na Iran. Prezydent USA zabra\u0142 g\u0142os"},"content":{"rendered":"<p>Donald Trump skrytykowa\u0142 w poniedzia\u0142ek doniesienia medi\u00f3w na temat mo\u017cliwych przyczyn ataku USA na Iran. &#8222;Izrael nigdy mnie nie nam\u00f3wi\u0142 do wojny z Iranem. Skutki [ataku Hamasu na Izrael] 7 pa\u017adziernika [2023 r.] utwierdzi\u0142y mnie [natomiast] w przekonaniu, \u017ce Iran nigdy nie mo\u017ce posiada\u0107 broni j\u0105drowej&#8221; \u2014 napisa\u0142 w poniedzia\u0142ek prezydent USA na swoim portalu spo\u0142eczno\u015bciowym Truth.<\/p>\n<p>&#8222;90 proc. tego, co m\u00f3wi\u0105, to k\u0142amstwa i zmy\u015blone historie, a sonda\u017ce s\u0105 sfa\u0142szowane, podobnie jak wybory prezydenckie w 2020 r. Podobnie jak rezultaty w Wenezueli, o kt\u00f3rych media nie lubi\u0105 m\u00f3wi\u0107, wyniki w Iranie b\u0119d\u0105 niesamowite. Je\u015bli nowi przyw\u00f3dcy Iranu (zmiana re\u017cimu!) b\u0119d\u0105 m\u0105drzy, Iran mo\u017ce mie\u0107 wspania\u0142\u0105 i dostatni\u0105 przysz\u0142o\u015b\u0107!&#8221; \u2014 doda\u0142.<\/p>\n<p>      <img decoding=\"async\" src=\"https:\/\/www.europesays.com\/pl\/wp-content\/uploads\/2026\/04\/oTgk9lBaHR0cHM6Ly9vY2RuLmV1L3B1bHNjbXMvTURBXy80ZjViZDEzZjUxNjQ4NGFhMWY3MWI0ZDc3NGFmYmI5Mi5qcGeRlQLNB.jpeg\" height=\"248\" width=\"357\" alt=\"Donald Trump zabra\u0142 g\u0142os na temat ataku na Iran\" loading=\"lazy\" class=\"ods-c-image__img ods-c-image__img--viewport-width\"\/> <\/p>\n<p>Donald Trump zabra\u0142 g\u0142os na temat ataku na IranDonald Trump \/ Truth Social<\/p>\n<p>  Dalszy ci\u0105g artyku\u0142u pod materia\u0142em wideo Atak USA na Iran. O wp\u0142ywie Izraela pisa\u0142 ameryka\u0144ski dziennik<\/p>\n<p>Nie jest jasne, co konkretnie by\u0142o powodem zamieszczenia wpisu przez Trumpa, lecz o istotnym wp\u0142ywie premiera Izraela Binjamina Netanjahu na decyzj\u0119 USA o ataku na Iran pisa\u0142 m.in. dziennik &#8222;New York Times&#8221;. Jest to te\u017c cz\u0119sty zarzut kierowany wobec Donalda Trumpa przez prawicowych komentator\u00f3w z ruchu MAGA. Chodzi m.in. o Tuckera Carlsona, niegdy\u015b nieformalnego doradc\u0119 g\u0142owy pa\u0144stwa.<\/p>\n<p>Sonda\u017ce wskazuj\u0105 na to, \u017ce wojna z Iranem nie cieszy si\u0119 poparciem zdecydowanej wi\u0119kszo\u015bci Amerykan\u00f3w i przyczynia si\u0119 do s\u0142abn\u0105cych notowa\u0144 prezydenta. Wed\u0142ug opublikowanego w niedziel\u0119 badania NBC News, 67 proc. ankietowanych jest przeciwnych wojnie, z czego 54 proc. stanowczo, a og\u00f3lny poziom aprobaty dla Trumpa osi\u0105gn\u0105\u0142 najni\u017cszy poziom od pocz\u0105tku tego sonda\u017cu \u2014 37 proc.<\/p>\n","protected":false},"excerpt":{"rendered":"Donald Trump skrytykowa\u0142 w poniedzia\u0142ek doniesienia medi\u00f3w na temat mo\u017cliwych przyczyn ataku USA na Iran. &#8222;Izrael nigdy mnie&hellip;\n","protected":false},"author":2,"featured_media":378834,"comment_status":"","ping_status":"","sticky":false,"template":"","format":"standard","meta":{"footnotes":"","_share_on_mastodon":"0"},"categories":[14],"tags":[61195,32,33,44,213,27,663,91,34,35,28,31,48,56812,25,46,40,41,47,80,29,30,26,82,83,84],"class_list":["post-378833","post","type-post","status-publish","format-standard","has-post-thumbnail","category-swiat","tag-bottomfeed_styl","tag-breaking-news","tag-breakingnews","tag-donald_trump","tag-hamas","tag-headlines","tag-iran","tag-izrael","tag-latest-news","tag-latestnews","tag-naglowki","tag-najwazniejsze-artykuly","tag-nat_styl","tag-newbb_tst0","tag-news","tag-omp","tag-polish","tag-polski","tag-screening_general","tag-swiat","tag-top-stories","tag-topstories","tag-wiadomosci","tag-world","tag-world-news","tag-worldnews"],"share_on_mastodon":{"url":"https:\/\/pubeurope.com\/@pl\/116438229884857396","error":""},"_links":{"self":[{"href":"https:\/\/www.europesays.com\/pl\/wp-json\/wp\/v2\/posts\/378833","targetHints":{"allow":["GET"]}}],"collection":[{"href":"https:\/\/www.europesays.com\/pl\/wp-json\/wp\/v2\/posts"}],"about":[{"href":"https:\/\/www.europesays.com\/pl\/wp-json\/wp\/v2\/types\/post"}],"author":[{"embeddable":true,"href":"https:\/\/www.europesays.com\/pl\/wp-json\/wp\/v2\/users\/2"}],"replies":[{"embeddable":true,"href":"https:\/\/www.europesays.com\/pl\/wp-json\/wp\/v2\/comments?post=378833"}],"version-history":[{"count":0,"href":"https:\/\/www.europesays.com\/pl\/wp-json\/wp\/v2\/posts\/378833\/revisions"}],"wp:featuredmedia":[{"embeddable":true,"href":"https:\/\/www.europesays.com\/pl\/wp-json\/wp\/v2\/media\/378834"}],"wp:attachment":[{"href":"https:\/\/www.europesays.com\/pl\/wp-json\/wp\/v2\/media?parent=378833"}],"wp:term":[{"taxonomy":"category","embeddable":true,"href":"https:\/\/www.europesays.com\/pl\/wp-json\/wp\/v2\/categories?post=378833"},{"taxonomy":"post_tag","embeddable":true,"href":"https:\/\/www.europesays.com\/pl\/wp-json\/wp\/v2\/tags?post=378833"}],"curies":[{"name":"wp","href":"https:\/\/api.w.org\/{rel}","templated":true}]}}