{"id":378937,"date":"2026-04-20T18:34:08","date_gmt":"2026-04-20T18:34:08","guid":{"rendered":"https:\/\/www.europesays.com\/pl\/378937\/"},"modified":"2026-04-20T18:34:08","modified_gmt":"2026-04-20T18:34:08","slug":"zuzel-orlen-oil-motor-zachwycony-ciesze-sie-ze-zadaja-temu-klam","status":"publish","type":"post","link":"https:\/\/www.europesays.com\/pl\/378937\/","title":{"rendered":"\u017bu\u017cel. Orlen Oil Motor zachwycony. &#8222;Ciesz\u0119 si\u0119, \u017ce zadaj\u0105 temu k\u0142am&#8221;"},"content":{"rendered":"\n<p class=\"contentpart contentpart--default contentpart--text\" data-position=\"1\"><a href=\"https:\/\/sportowefakty.wp.pl\/zuzel\/orlen-oil-motor-lublin\" rel=\"nofollow noopener\" target=\"_blank\">Orlen Oil Motor Lublin<\/a>\u00a0by\u0142 faworytem pi\u0105tkowego meczu w Cz\u0119stochowie, ale go\u015bcie spodziewali si\u0119, \u017ce ci znacznie wy\u017cej zawiesz\u0105 poprzeczk\u0119 wicemistrzom Polski. &#8211; Zwyci\u0119stwo bardzo wyra\u017ane. Nie b\u0119d\u0119 ukrywa\u0142, \u017ce spodziewa\u0142em si\u0119 wygranej, ale my\u015bla\u0142em, \u017ce <a href=\"https:\/\/sportowefakty.wp.pl\/zuzel\/wlokniarz-czestochowa\" rel=\"nofollow noopener\" target=\"_blank\">Krono-Plast W\u0142\u00f3kniarz Cz\u0119stochowa<\/a>\u00a0zdob\u0119dzie u siebie wi\u0119cej punkt\u00f3w. Jednak jedzie si\u0119 tak, jak rywal pozwala, a nasi zawodnicy nie pozwalali na zbyt wiele &#8211; m\u00f3wi\u0142 <a href=\"https:\/\/sportowefakty.wp.pl\/zuzel\/jacek-ziolkowski\" rel=\"nofollow noopener\" target=\"_blank\">Jacek Zi\u00f3\u0142kowski<\/a>\u00a0w Ekstraliga Media Center.<\/p>\n<p class=\"contentpart contentpart--default contentpart--text\" data-position=\"2\">Poza Mateuszem Cierniakiem w zespole Motoru tak naprawd\u0119 nikt nie rozczarowa\u0142. Przyjezdnych cieszy przede wszystkim postawa <a href=\"https:\/\/sportowefakty.wp.pl\/zuzel\/bartosz-banbor\" rel=\"nofollow noopener\" target=\"_blank\">Bartosza Ba\u0144bora<\/a>\u00a0i\u00a0<a href=\"https:\/\/sportowefakty.wp.pl\/zuzel\/bartosz-jaworski\" rel=\"nofollow noopener\" target=\"_blank\">Bartosza Jaworskiego<\/a>. &#8211;\u00a0Kolejny mecz, w kt\u00f3rym juniorzy pokazuj\u0105 si\u0119 z bardzo dobrej strony. Na razie mo\u017cemy by\u0107 bardzo zadowoleni. W pi\u0105tek kolejne zawody i mam nadziej\u0119, \u017ce nadal b\u0119dzie dobrze &#8211; doda\u0142.<\/p>\n<p>  <img decoding=\"async\" src=\"https:\/\/v.wpimg.pl\/X3dwLnN2d1IFFTpdYUl6R0ZNbgcnEHQREVV2TGEGbUtRT2MdOlZ2RBQUKABgQjQcDRotCStBd1IAAWMeIlM7VgwYIAorQAdEFFk_GCkQJQ\" alt=\"\" width=\"45\" height=\"58\" loading=\"lazy\"\/>  <\/p>\n<p class=\"contentpart contentpart--default contentpart--text\" data-position=\"3\">ZOBACZ WIDEO:\u00a0&#8222;To by\u0142 b\u0142\u0105d&#8221;. Tego ruchu \u017ca\u0142uje prezes GKM-u<\/p>\n<p class=\"contentpart contentpart--default contentpart--text\" data-position=\"5\">Dla Orlen Oil Motoru Lublin to drugi mecz i drugie okaza\u0142e zwyci\u0119stwo w tym sezonie. Nic dziwnego, \u017ce z optymizmem patrz\u0105 ju\u017c na konfrontacj\u0119 ze Stelmet Falubazem Zielona G\u00f3ra, kt\u00f3ra odb\u0119dzie si\u0119 na ich w\u0142asnym torze.<\/p>\n<p class=\"contentpart contentpart--default contentpart--text\" data-position=\"6\">&#8211; Ciesz\u0119 si\u0119, \u017ce zawodnicy jad\u0105 dobrze, bo to drugi mecz i drugie okaza\u0142e zwyci\u0119stwo. Dru\u017cyna jedzie r\u00f3wno, juniorzy pokazuj\u0105 si\u0119 z dobrej strony, a by\u0142y g\u0142osy, \u017ce mamy jedn\u0105 z najs\u0142abszych par m\u0142odzie\u017cowc\u00f3w. Ciesz\u0119 si\u0119, \u017ce zadaj\u0105 temu k\u0142am &#8211; komentowa\u0142 Zi\u00f3\u0142kowski.<\/p>\n","protected":false},"excerpt":{"rendered":"Orlen Oil Motor Lublin\u00a0by\u0142 faworytem pi\u0105tkowego meczu w Cz\u0119stochowie, ale go\u015bcie spodziewali si\u0119, \u017ce ci znacznie wy\u017cej zawiesz\u0105&hellip;\n","protected":false},"author":2,"featured_media":378938,"comment_status":"","ping_status":"","sticky":false,"template":"","format":"standard","meta":{"footnotes":"","_share_on_mastodon":"0"},"categories":[52097],"tags":[6925,8052,6823,774,2164,1334,42,38,40,39,41,174],"class_list":["post-378937","post","type-post","status-publish","format-standard","has-post-thumbnail","category-orlen","tag-bartosz-banbor","tag-bartosz-jaworski","tag-jacek-ziolkowski","tag-orlen","tag-orlen-oil-motor-lublin","tag-pge-ekstraliga","tag-pl","tag-poland","tag-polish","tag-polska","tag-polski","tag-zuzel"],"share_on_mastodon":{"url":"https:\/\/pubeurope.com\/@pl\/116438477724278156","error":""},"_links":{"self":[{"href":"https:\/\/www.europesays.com\/pl\/wp-json\/wp\/v2\/posts\/378937","targetHints":{"allow":["GET"]}}],"collection":[{"href":"https:\/\/www.europesays.com\/pl\/wp-json\/wp\/v2\/posts"}],"about":[{"href":"https:\/\/www.europesays.com\/pl\/wp-json\/wp\/v2\/types\/post"}],"author":[{"embeddable":true,"href":"https:\/\/www.europesays.com\/pl\/wp-json\/wp\/v2\/users\/2"}],"replies":[{"embeddable":true,"href":"https:\/\/www.europesays.com\/pl\/wp-json\/wp\/v2\/comments?post=378937"}],"version-history":[{"count":0,"href":"https:\/\/www.europesays.com\/pl\/wp-json\/wp\/v2\/posts\/378937\/revisions"}],"wp:featuredmedia":[{"embeddable":true,"href":"https:\/\/www.europesays.com\/pl\/wp-json\/wp\/v2\/media\/378938"}],"wp:attachment":[{"href":"https:\/\/www.europesays.com\/pl\/wp-json\/wp\/v2\/media?parent=378937"}],"wp:term":[{"taxonomy":"category","embeddable":true,"href":"https:\/\/www.europesays.com\/pl\/wp-json\/wp\/v2\/categories?post=378937"},{"taxonomy":"post_tag","embeddable":true,"href":"https:\/\/www.europesays.com\/pl\/wp-json\/wp\/v2\/tags?post=378937"}],"curies":[{"name":"wp","href":"https:\/\/api.w.org\/{rel}","templated":true}]}}