{"id":379100,"date":"2026-04-20T20:15:10","date_gmt":"2026-04-20T20:15:10","guid":{"rendered":"https:\/\/www.europesays.com\/pl\/379100\/"},"modified":"2026-04-20T20:15:10","modified_gmt":"2026-04-20T20:15:10","slug":"pocwiartowane-zwloki-w-bagazniku-raperowi-grozi-nawet-kara-smierci-onet","status":"publish","type":"post","link":"https:\/\/www.europesays.com\/pl\/379100\/","title":{"rendered":"Po\u0107wiartowane zw\u0142oki w baga\u017cniku. Raperowi grozi nawet kara \u015bmierci &#8211; Onet"},"content":{"rendered":"<ol>\n<li><a href=\"https:\/\/news.google.com\/rss\/articles\/CBMivAFBVV95cUxPVHdWUldBVmtJcFJSSFFWdnZhWmxRM1hfM0tsNE03NnJPeDFqMXh2T1JrX0Nvalk5TDZPNzRQY1RXcXZtQTNvVktYMnh2V0hwVmRsUFhyZWVhbF8yQmNLZTZUbTdQVGotSmxGaUIxbFJxUlhyY2J0d0kxM3ZweC1fU090OURKemtUamN1dGtQLU1aUjdJeWR4bHV3MUxGRFVkWEotYjg1RXAtUlo5cndPZy1OVlljSllGX0RjcQ?oc=5\" target=\"_blank\" rel=\"nofollow noopener\">Po\u0107wiartowane zw\u0142oki w baga\u017cniku. Raperowi grozi nawet kara \u015bmierci<\/a>&nbsp;&nbsp;Onet<\/li>\n<li><a href=\"https:\/\/news.google.com\/rss\/articles\/CBMivwFBVV95cUxNNTJsQlNjM2N2OWRXR1dCZUNsc05UMFhEOFdVcHljSE1rQ3JBMDhoNXNlMEZwWXdjSnZNckRoZkF3NDRUTEVfRW4yUE8yTHFTUUpRNzhKR1FRS25pRmltU244TEFXZnNEdVFGbWlnbmV5eENGMnNmNHhlc0dGWEdNdUNjVlZkZHFZSVZBa1BPVm95QWhmclNUWGVYbFE5UzJJTkcxa2xfOWVtd2xzTmNObHRYWnN0UlU3dXd1Y2FVRQ?oc=5\" target=\"_blank\" rel=\"nofollow noopener\">USA. Znany wokalista D4vd z zarzutem zab\u00f3jstwa 14-latki. Prokuratura ujawni\u0142a szczeg\u00f3\u0142y<\/a>&nbsp;&nbsp;Gazeta<\/li>\n<li><a href=\"https:\/\/news.google.com\/rss\/articles\/CBMirwFBVV95cUxPMjFrbkhYZ2FlY1BQV2pMRzhXalFSbjcwVmRCRW0yYlROT0hja015SF9kQ2hfTEJLUkhGVFpxVHQtajMxZURscHpNUS1sRU8ydS1sUTBGbG5jZmZCV25SN0tuOVRwMmpfRURydmpXMjlWRFBMZWlXR1gwZEt2VXROY2cxczZYNlRrdDBzU2t1MUpLSmpFckRzNEhBN05fT2FRMC1JOUdtTUwyQklPSVZZ?oc=5\" target=\"_blank\" rel=\"nofollow noopener\">Piosenkarz D4vd oskar\u017cony o zab\u00f3jstwo nastolatki. Zw\u0142oki dziewczyny w baga\u017cniku<\/a>&nbsp;&nbsp;RMF24<\/li>\n<li><a href=\"https:\/\/news.google.com\/rss\/articles\/CBMinAFBVV95cUxNUHVCdzAtaW00eWNZN2xGVWdVTW5mRnJWcEZtSkRFVGduVEdaek8zb3NnYl9ZLTFIVFdDbGtHRkxxbFNvSXF5Y3E4N0hDck9GN2FJd3BzT2dtWkMwUzhvOWpWaEs1SXRWNkxWVGVKUXNKUmpIclBoeVVMNktQdzVsZlNWSTJsTExGUlN5ellKc1F0dE55b0xXUzJpaFY?oc=5\" target=\"_blank\" rel=\"nofollow noopener\">Mord na 14-latce w USA. Zatrzymano podejrzanego muzyka<\/a>&nbsp;&nbsp;WP Wiadomo\u015bci<\/li>\n<li><a href=\"https:\/\/news.google.com\/rss\/articles\/CBMirwFBVV95cUxQd1ZnOFUxTGNhaTUta0pHNkVTQnZOSjRHRlJUUWJuT0VFTTBreFJYUGNIR0VJeUtQWW54amktbXhXTnNWMWp2dlFmRkFWTkJXZkZSY3VYVVBaUThoRF9wS0FzRlQ2R2U3TUIxa1V0M016UVZvWXBFR3ZUdFVqUkZZWEZyUmVKT2xmLWZRWENWTFU5QklfQ05qLV85X0Voc3Nqd0F0bnRZUVNDbE8wbU5Z?oc=5\" target=\"_blank\" rel=\"nofollow noopener\">Znale\u017ali cia\u0142o nastolatki w jego aucie. Ameryka\u0144ski muzyk zatrzymany<\/a>&nbsp;&nbsp;Fakt<\/li>\n<\/ol>\n","protected":false},"excerpt":{"rendered":"Po\u0107wiartowane zw\u0142oki w baga\u017cniku. Raperowi grozi nawet kara \u015bmierci&nbsp;&nbsp;Onet USA. Znany wokalista D4vd z zarzutem zab\u00f3jstwa 14-latki. Prokuratura&hellip;\n","protected":false},"author":2,"featured_media":379101,"comment_status":"","ping_status":"","sticky":false,"template":"","format":"standard","meta":{"footnotes":"","_share_on_mastodon":"0"},"categories":[22],"tags":[122,49569,67,1503,8426,53,52,68,51,55,42,38,251,40,39,41,1877,123,47,65,50,26,3459],"class_list":["post-379100","post","type-post","status-publish","format-standard","has-post-thumbnail","category-rozrywka","tag-entertainment","tag-hollywood_amerykanski_przemysl_filmowy","tag-intextvideo_splayer","tag-muzyka_i_muzycy_muzyka_rozrywkowa_spiew","tag-najnowsze","tag-new_header","tag-onet3","tag-onet3d","tag-onet3d_2i","tag-phx","tag-pl","tag-poland","tag-policja_policjanci_policjant_policjantka_policjantki","tag-polish","tag-polska","tag-polski","tag-raper","tag-rozrywka","tag-screening_general","tag-update_me","tag-v2021","tag-wiadomosci","tag-zabojstwo_morderstwo_morderstwa_zabojstwa"],"share_on_mastodon":{"url":"https:\/\/pubeurope.com\/@pl\/116438874731171146","error":""},"_links":{"self":[{"href":"https:\/\/www.europesays.com\/pl\/wp-json\/wp\/v2\/posts\/379100","targetHints":{"allow":["GET"]}}],"collection":[{"href":"https:\/\/www.europesays.com\/pl\/wp-json\/wp\/v2\/posts"}],"about":[{"href":"https:\/\/www.europesays.com\/pl\/wp-json\/wp\/v2\/types\/post"}],"author":[{"embeddable":true,"href":"https:\/\/www.europesays.com\/pl\/wp-json\/wp\/v2\/users\/2"}],"replies":[{"embeddable":true,"href":"https:\/\/www.europesays.com\/pl\/wp-json\/wp\/v2\/comments?post=379100"}],"version-history":[{"count":0,"href":"https:\/\/www.europesays.com\/pl\/wp-json\/wp\/v2\/posts\/379100\/revisions"}],"wp:featuredmedia":[{"embeddable":true,"href":"https:\/\/www.europesays.com\/pl\/wp-json\/wp\/v2\/media\/379101"}],"wp:attachment":[{"href":"https:\/\/www.europesays.com\/pl\/wp-json\/wp\/v2\/media?parent=379100"}],"wp:term":[{"taxonomy":"category","embeddable":true,"href":"https:\/\/www.europesays.com\/pl\/wp-json\/wp\/v2\/categories?post=379100"},{"taxonomy":"post_tag","embeddable":true,"href":"https:\/\/www.europesays.com\/pl\/wp-json\/wp\/v2\/tags?post=379100"}],"curies":[{"name":"wp","href":"https:\/\/api.w.org\/{rel}","templated":true}]}}