{"id":379150,"date":"2026-04-20T20:47:07","date_gmt":"2026-04-20T20:47:07","guid":{"rendered":"https:\/\/www.europesays.com\/pl\/379150\/"},"modified":"2026-04-20T20:47:07","modified_gmt":"2026-04-20T20:47:07","slug":"szef-fbi-pozywa-atlantic-domaga-sie-ogromnych-pieniedzy","status":"publish","type":"post","link":"https:\/\/www.europesays.com\/pl\/379150\/","title":{"rendered":"Szef FBI pozywa &#8222;Atlantic&#8221;. Domaga si\u0119 ogromnych pieni\u0119dzy"},"content":{"rendered":"\n<p>&#13;<br \/>\n\u201eThe Atlantic\u201d, powo\u0142uj\u0105c si\u0119 na\u00a0informator\u00f3w magazynu, napisa\u0142 to\u00a0od\u00a0dawna \u017ar\u00f3d\u0142o niepokoju w\u00a0agencjach federalnych. &#13;\n<\/p>\n<p>&#13;<br \/>\nWed\u0142ug magazyny Kash Patel <a href=\"https:\/\/dorzeczy.pl\/swiat\/875257\/niepokojace-doniesienia-ws-szefa-fbi.html\" rel=\"nofollow noopener\" target=\"_blank\">mia\u0142 by\u0107 wielokrotnie widziany pod\u00a0wp\u0142ywem alkoholu<\/a> w\u00a0prywatnym klubie Ned&#8217;s w\u00a0Waszyngtonie. W\u00a0miejscu tym mia\u0142 bywa\u0107 z\u00a0pracownikami Bia\u0142ego Domu i\u00a0innymi urz\u0119dnikami ameryka\u0144skiej administracji. Magazyn twierdzi, \u017ce\u00a0szef FBI upija si\u0119 r\u00f3wnie\u017c w\u00a0lokalu Poodle Room w\u00a0Las Vegas. &#13;\n<\/p>\n<p>&#13;<br \/>\nProblem Patela ma\u00a0mie\u0107 bezpo\u015bredni wp\u0142yw na\u00a0jego prac\u0119. Rozm\u00f3wcy magazynu twierdz\u0105, \u017ce\u00a0ju\u017c na\u00a0pocz\u0105tku kadencji z\u00a0powodu jego zakrapianych alkoholem nocy, konieczne by\u0142o przesuwanie porannych spotka\u0144 i\u00a0odpraw na\u00a0godziny p\u00f3\u017aniejsze. Tylko w\u00a0ostatnim roku kilkukrotnie mia\u0142o doj\u015b\u0107 do\u00a0sytuacji, w\u00a0kt\u00f3rej osobi\u015bci ochroniarze Patela mieli mie\u0107 trudno\u015bci z\u00a0jego obudzeniem. W\u00a0jednej z\u00a0takich sytuacji konieczne by\u0142o wyst\u0105pienie o\u00a0u\u017cywany przez antyterroryst\u00f3w sprz\u0119t do\u00a0wywa\u017cania drzwi, bo\u00a0Patel nie\u00a0chcia\u0142 ich otworzy\u0107. &#13;\n<\/p>\n<p>&#13;<br \/>\n&#8222;Urz\u0119dnicy FBI i\u00a0administracji w\u00a0prywatnych rozmowach mieli zastanawia\u0107 si\u0119, czy\u00a0to\u00a0w\u0142a\u015bnie nie\u00a0alkohol by\u0142 powodem podawania przez szefa FBI nieprawdziwych informacji o\u00a0tocz\u0105cych si\u0119 \u015bledztwach, m.in. po\u00a0zab\u00f3jstwie Charliego Kirka&#8221; \u2013\u00a0czytamy. &#13;\n<\/p>\n<p>Szef FBI pozywa &#8222;The Atlantic&#8221;. Domaga si\u0119 gigantycznej kwoty<\/p>\n<p>&#13;<br \/>\nSzef FBI Kash Patel pozwa\u0142 w\u00a0poniedzia\u0142ek magazyn &#8222;Atlantic: o\u00a0250 mln dolar\u00f3w za\u00a0znies\u0142awienie w\u00a0zwi\u0105zku z\u00a0publikacj\u0105. &#13;\n<\/p>\n<p>&#13;<br \/>\n&#8222;Odm\u00f3wiono uwzgl\u0119dnienia uzasadnionej pro\u015bby o\u00a0dodatkowy czas na\u00a0odpowied\u017a na\u00a019 szczeg\u00f3\u0142owych, aczkolwiek absurdalnych, zarzut\u00f3w. Zignorowano szczeg\u00f3\u0142owy list od\u00a0adwokata, wys\u0142any przed publikacj\u0105, w\u00a0kt\u00f3rym wskazano na\u00a0konkretne k\u0142amstwa i\u00a0dostarczono przeciwne dowody. Nie\u00a0przeprowadzono te\u017c wywiadu z\u00a0samym dyrektorem Patelem, ani nie\u00a0dano mu \u017cadnej realnej mo\u017cliwo\u015bci odniesienia si\u0119 do\u00a0zarzut\u00f3w w\u0142asnymi s\u0142owami. To\u00a0nie jest zaniedbanie. To\u00a0dowodzi celowego i\u00a0szkodliwego oczerniania&#8221; \u2013\u00a0czytamy w\u00a0pozwie. &#13;\n<\/p>\n<p>&#13;<br \/>\nRzecznik prasowy &#8222;The Atlantic&#8221; podkre\u015bli\u0142, \u017ce\u00a0magazyn podtrzymuje doniesienia na\u00a0temat Patela i\u00a0b\u0119dzie broni\u0107 pisma oraz\u00a0jego dziennikarzy przed tym &#8222;bezpodstawnym pozwem&#8221;. &#13;\n<\/p>\n<p>&#13;<br \/>\nCzytaj te\u017c:<br \/><a href=\"https:\/\/dorzeczy.pl\/swiat\/875257\/niepokojace-doniesienia-ws-szefa-fbi.html\" rel=\"follow nofollow noopener\" data-schema=\"DORZECZY\" data-image=\"https:\/\/img.dorzeczy.pl\/_thumb\/4e\/50\/27013330fc78a43d31af84ba3b63.jpeg\" target=\"_blank\">Niepokoj\u0105ce doniesienia o\u00a0szefie FBI. &#8222;Nie mogli do\u00a0dobudzi\u0107&#8221;<\/a>&#13;<\/p>\n","protected":false},"excerpt":{"rendered":"&#13; \u201eThe Atlantic\u201d, powo\u0142uj\u0105c si\u0119 na\u00a0informator\u00f3w magazynu, napisa\u0142 to\u00a0od\u00a0dawna \u017ar\u00f3d\u0142o niepokoju w\u00a0agencjach federalnych. &#13; &#13; Wed\u0142ug magazyny Kash&hellip;\n","protected":false},"author":2,"featured_media":379151,"comment_status":"","ping_status":"","sticky":false,"template":"","format":"standard","meta":{"footnotes":"","_share_on_mastodon":"0"},"categories":[14],"tags":[32,33,98,5406,27,68162,34,35,28,31,25,103,40,41,286,80,68163,29,30,26,82,83,84,1116],"class_list":["post-379150","post","type-post","status-publish","format-standard","has-post-thumbnail","category-swiat","tag-breaking-news","tag-breakingnews","tag-dorzeczy","tag-fbi","tag-headlines","tag-kash-patel","tag-latest-news","tag-latestnews","tag-naglowki","tag-najwazniejsze-artykuly","tag-news","tag-obserwator-mediow","tag-polish","tag-polski","tag-pozew","tag-swiat","tag-the-atlantic","tag-top-stories","tag-topstories","tag-wiadomosci","tag-world","tag-world-news","tag-worldnews","tag-znieslawienie"],"share_on_mastodon":{"url":"https:\/\/pubeurope.com\/@pl\/116439000474406860","error":""},"_links":{"self":[{"href":"https:\/\/www.europesays.com\/pl\/wp-json\/wp\/v2\/posts\/379150","targetHints":{"allow":["GET"]}}],"collection":[{"href":"https:\/\/www.europesays.com\/pl\/wp-json\/wp\/v2\/posts"}],"about":[{"href":"https:\/\/www.europesays.com\/pl\/wp-json\/wp\/v2\/types\/post"}],"author":[{"embeddable":true,"href":"https:\/\/www.europesays.com\/pl\/wp-json\/wp\/v2\/users\/2"}],"replies":[{"embeddable":true,"href":"https:\/\/www.europesays.com\/pl\/wp-json\/wp\/v2\/comments?post=379150"}],"version-history":[{"count":0,"href":"https:\/\/www.europesays.com\/pl\/wp-json\/wp\/v2\/posts\/379150\/revisions"}],"wp:featuredmedia":[{"embeddable":true,"href":"https:\/\/www.europesays.com\/pl\/wp-json\/wp\/v2\/media\/379151"}],"wp:attachment":[{"href":"https:\/\/www.europesays.com\/pl\/wp-json\/wp\/v2\/media?parent=379150"}],"wp:term":[{"taxonomy":"category","embeddable":true,"href":"https:\/\/www.europesays.com\/pl\/wp-json\/wp\/v2\/categories?post=379150"},{"taxonomy":"post_tag","embeddable":true,"href":"https:\/\/www.europesays.com\/pl\/wp-json\/wp\/v2\/tags?post=379150"}],"curies":[{"name":"wp","href":"https:\/\/api.w.org\/{rel}","templated":true}]}}