{"id":379369,"date":"2026-04-20T23:05:07","date_gmt":"2026-04-20T23:05:07","guid":{"rendered":"https:\/\/www.europesays.com\/pl\/379369\/"},"modified":"2026-04-20T23:05:07","modified_gmt":"2026-04-20T23:05:07","slug":"twierdza-ze-szef-fbi-regularnie-upija-sie-publicznie-jest-pozew","status":"publish","type":"post","link":"https:\/\/www.europesays.com\/pl\/379369\/","title":{"rendered":"Twierdz\u0105, \u017ce szef FBI &#8222;regularnie upija si\u0119 publicznie&#8221;. Jest pozew"},"content":{"rendered":"<p>Urz\u0119dnik pozwa\u0142 magazyn o 250 mln dol. za znies\u0142awienie. <a href=\"https:\/\/wiadomosci.onet.pl\/swiat\/szef-fbi-podpadl-donaldowi-trumpowi-jego-zachowanie-ma-budzic-niepokoj\/wn1l200\" id=\"713e6ee6-9880-4d23-9706-2531ea5fd989\" rel=\"nofollow noopener\" target=\"_blank\">Magazyn powo\u0142a\u0142 si\u0119 na sze\u015b\u0107 obecnych i by\u0142ych urz\u0119dnik\u00f3w oraz inne osoby znaj\u0105ce rozk\u0142ad zaj\u0119\u0107 szefa FBI<\/a>. Pismo Patela do s\u0105du podkre\u015bla jednak, \u017ce \u017ar\u00f3d\u0142a te &#8222;nie by\u0142y w stanie zna\u0107 fakt\u00f3w&#8221;. Prawnicy dyrektora FBI argumentuj\u0105, \u017ce publikacja stanowi cz\u0119\u015b\u0107 szerszej kampanii maj\u0105cej na celu oczernianie ich klienta. Dalszy ci\u0105g artyku\u0142u pod materia\u0142em wideo Szef FBI idzie do s\u0105du. &#8222;Dowodzi celowego oczerniania&#8221;<\/p>\n<p>&#8222;Odm\u00f3wiono uwzgl\u0119dnienia uzasadnionej pro\u015bby o dodatkowy czas na odpowied\u017a na 19 szczeg\u00f3\u0142owych, aczkolwiek absurdalnych, zarzut\u00f3w. Zignorowano szczeg\u00f3\u0142owy list od adwokata, wys\u0142any przed publikacj\u0105, w kt\u00f3rym wskazano na konkretne k\u0142amstwa i dostarczono przeciwne dowody. Nie przeprowadzono te\u017c wywiadu z samym dyrektorem Patelem, ani nie dano mu \u017cadnej realnej mo\u017cliwo\u015bci odniesienia si\u0119 do zarzut\u00f3w w\u0142asnymi s\u0142owami. To nie jest zaniedbanie. To dowodzi celowego i szkodliwego oczerniania&#8221; \u2014 napisano w pozwie.<\/p>\n<p>Rzecznik &#8222;Atlantic&#8221; wyda\u0142 o\u015bwiadczenie, w kt\u00f3rym podkre\u015bli\u0142 stanowisko redakcji. Magazyn podtrzymuje swoje doniesienia na temat Patela. Zapowiedzia\u0142 r\u00f3wnie\u017c obron\u0119 pisma oraz jego dziennikarzy przed tym &#8222;bezpodstawnym pozwem&#8221;.<\/p>\n<p>Oskar\u017cenia pod adresem szefa FBI. Ma regularnie si\u0119 upija\u0107     <\/p>\n<p>Pi\u0105tkowy artyku\u0142 magazynu zawiera\u0142 informacje, \u017ce Patel regularnie upija si\u0119 publicznie. Wed\u0142ug pisma jego zachowanie jest znane administracji prezydenta Donalda Trumpa i budzi jej niepok\u00f3j. Pismo poda\u0142o, \u017ce w ci\u0105gu ostatniego roku kilkakrotnie zdarzy\u0142o si\u0119, \u017ce cz\u0142onkowie ochrony osobistej mieli trudno\u015bci z dobudzeniem dyrektora FBI, kt\u00f3ry sprawia\u0142 wra\u017cenie pijanego.<\/p>\n<p>W jednym z przypadk\u00f3w ochrona mia\u0142a wyst\u0105pi\u0107 o sprz\u0119t wywa\u017ceniowy u\u017cywany zwykle przez jednostki antyterrorystyczne. Przyczyn\u0105 by\u0142o to, \u017ce szef FBI by\u0142 nieosi\u0105galny za zamkni\u0119tymi drzwiami.<\/p>\n<p>Rzeczniczka Bia\u0142ego Domu Karoline Leavitt przes\u0142a\u0142a &#8222;Atlanticowi&#8221; stanowisko w sprawie. O\u015bwiadczy\u0142a w nim, \u017ce dyrektor FBI pozostaje &#8222;kluczowym graczem w zespole administracji ds. prawa i porz\u0105dku&#8221;.<\/p>\n<p>Magazyn poda\u0142 r\u00f3wnie\u017c, \u017ce Patel obawia si\u0119 o swoj\u0105 posad\u0119 i w administracji trwaj\u0105 ju\u017c rozmowy o jego ewentualnym nast\u0119pcy. Po publikacji w szeregach Demokrat\u00f3w zacz\u0119\u0142y wybrzmiewa\u0107 apele, by dyrektor FBI odszed\u0142 ze stanowiska.<\/p>\n","protected":false},"excerpt":{"rendered":"Urz\u0119dnik pozwa\u0142 magazyn o 250 mln dol. za znies\u0142awienie. Magazyn powo\u0142a\u0142 si\u0119 na sze\u015b\u0107 obecnych i by\u0142ych urz\u0119dnik\u00f3w&hellip;\n","protected":false},"author":2,"featured_media":379370,"comment_status":"","ping_status":"","sticky":false,"template":"","format":"standard","meta":{"footnotes":"","_share_on_mastodon":"0"},"categories":[14],"tags":[61195,32,33,44,5406,27,54171,34,35,28,31,48,56812,25,46,40,41,47,80,29,30,71,26,82,83,84],"class_list":["post-379369","post","type-post","status-publish","format-standard","has-post-thumbnail","category-swiat","tag-bottomfeed_styl","tag-breaking-news","tag-breakingnews","tag-donald_trump","tag-fbi","tag-headlines","tag-kash_patel","tag-latest-news","tag-latestnews","tag-naglowki","tag-najwazniejsze-artykuly","tag-nat_styl","tag-newbb_tst0","tag-news","tag-omp","tag-polish","tag-polski","tag-screening_general","tag-swiat","tag-top-stories","tag-topstories","tag-usa","tag-wiadomosci","tag-world","tag-world-news","tag-worldnews"],"share_on_mastodon":{"url":"https:\/\/pubeurope.com\/@pl\/116439542978251480","error":""},"_links":{"self":[{"href":"https:\/\/www.europesays.com\/pl\/wp-json\/wp\/v2\/posts\/379369","targetHints":{"allow":["GET"]}}],"collection":[{"href":"https:\/\/www.europesays.com\/pl\/wp-json\/wp\/v2\/posts"}],"about":[{"href":"https:\/\/www.europesays.com\/pl\/wp-json\/wp\/v2\/types\/post"}],"author":[{"embeddable":true,"href":"https:\/\/www.europesays.com\/pl\/wp-json\/wp\/v2\/users\/2"}],"replies":[{"embeddable":true,"href":"https:\/\/www.europesays.com\/pl\/wp-json\/wp\/v2\/comments?post=379369"}],"version-history":[{"count":0,"href":"https:\/\/www.europesays.com\/pl\/wp-json\/wp\/v2\/posts\/379369\/revisions"}],"wp:featuredmedia":[{"embeddable":true,"href":"https:\/\/www.europesays.com\/pl\/wp-json\/wp\/v2\/media\/379370"}],"wp:attachment":[{"href":"https:\/\/www.europesays.com\/pl\/wp-json\/wp\/v2\/media?parent=379369"}],"wp:term":[{"taxonomy":"category","embeddable":true,"href":"https:\/\/www.europesays.com\/pl\/wp-json\/wp\/v2\/categories?post=379369"},{"taxonomy":"post_tag","embeddable":true,"href":"https:\/\/www.europesays.com\/pl\/wp-json\/wp\/v2\/tags?post=379369"}],"curies":[{"name":"wp","href":"https:\/\/api.w.org\/{rel}","templated":true}]}}