{"id":379528,"date":"2026-04-21T00:56:09","date_gmt":"2026-04-21T00:56:09","guid":{"rendered":"https:\/\/www.europesays.com\/pl\/379528\/"},"modified":"2026-04-21T00:56:09","modified_gmt":"2026-04-21T00:56:09","slug":"swiatek-spotkala-sie-z-wiktorowskim-oto-powod","status":"publish","type":"post","link":"https:\/\/www.europesays.com\/pl\/379528\/","title":{"rendered":"\u015awi\u0105tek spotka\u0142a si\u0119 z Wiktorowskim. Oto pow\u00f3d"},"content":{"rendered":"\n<p class=\"contentpart contentpart--default contentpart--text\" data-position=\"0\"><a href=\"https:\/\/sportowefakty.wp.pl\/tenis\/iga-swiatek\" rel=\"nofollow noopener\" target=\"_blank\">Iga \u015awi\u0105tek<\/a>\u00a0zameldowa\u0142a si\u0119 na korcie ziemnym w Madrycie i od razu wzbudzi\u0142a wielkie emocje, trenuj\u0105c wsp\u00f3lnie z Japonk\u0105 <a href=\"https:\/\/sportowefakty.wp.pl\/tenis\/naomi-osaka\" rel=\"nofollow noopener\" target=\"_blank\">Naomi Osak\u0105<\/a>\u00a0oraz jej szkoleniowcem&#8230; <a href=\"https:\/\/sportowefakty.wp.pl\/tenis\/tomasz-wiktorowski\" rel=\"nofollow noopener\" target=\"_blank\">Tomaszem Wiktorowskim<\/a>.\u00a0<\/p>\n<p class=\"contentpart contentpart--default contentpart--text\" data-position=\"1\">Spotkanie z by\u0142ym trenerem, z kt\u00f3rym \u015awi\u0105tek odnosi\u0142a du\u017ce sukcesy w latach 2022-2024, sta\u0142o si\u0119 g\u0142\u00f3wnym tematem kuluarowych rozm\u00f3w przed startem turnieju WTA 1000 Mutua Madrid Open 2026.<\/p>\n<p>  <img decoding=\"async\" src=\"https:\/\/v.wpimg.pl\/X3dwLnN2d1IFFTpdYUl6R0ZNbgcnEHQREVV2TGEGbUtRT2MdOlZ2RBQUKABgQjQcDRotCStBd1IAAWMeIlM7VgwYIAorQAdEFFk_GCkQJQ\" alt=\"\" width=\"45\" height=\"58\" loading=\"lazy\"\/>  <\/p>\n<p class=\"contentpart contentpart--default contentpart--text\" data-position=\"2\">ZOBACZ WIDEO: Wielkie emocje w LM. Reakcja ojca Luisa Diaza to hit internetu<\/p>\n<p class=\"contentpart contentpart--default contentpart--text\" data-position=\"4\">To pierwszy raz, gdy Raszynianka przygotowuje si\u0119 do tak wa\u017cnego turnieju rami\u0119 w rami\u0119 z dawnym mentorem, maj\u0105c u boku swojego nowego trenera &#8211; Hiszpana <a href=\"https:\/\/sportowefakty.wp.pl\/tenis\/francisco-roig\" rel=\"nofollow noopener\" target=\"_blank\">Francisco Roiga<\/a>.<\/p>\n<p class=\"contentpart contentpart--default contentpart--text\" data-position=\"5\">Nagranie z treningu w stolicy Hiszpanii szybko obieg\u0142o sie\u0107 (zobacz poni\u017cej), a internauci zauwa\u017cyli, \u017ce \u015awi\u0105tek zaliczy\u0142a drobne sp\u00f3\u017anienie na um\u00f3wiony sparing z Osak\u0105.<\/p>\n<p class=\"contentpart contentpart--default contentpart--text\" data-position=\"6\">Dzi\u0119ki wysokiemu rozstawieniu (numer 4), 24-letnia \u015awi\u0105tek rozpocznie zmagania w Madrycie od II rundy.\u00a0Oficjalnie potwierdzono, \u017ce sze\u015bciokrotna triumfatorka Wielkiego Szlema wyjdzie na kort w czwartek, 23 kwietnia (<a href=\"https:\/\/sportowefakty.wp.pl\/tenis\/1246241\/kiedy-zagra-iga-swiatek-znamy-date-meczu\" rel=\"nofollow noopener\" target=\"blank\">WI\u0118CEJ TUTAJ<\/a>).<\/p>\n<p>  <img decoding=\"async\" src=\"https:\/\/v.wpimg.pl\/X3dwLnN2d1IFFTpdYUl6R0ZNbgcnEHQREVV2TGEGbUtRT2MdOlZ2RBQUKABgQjQcDRotCStBd1IAAWMeIlM7VgwYIAorQAdEFFk_GCkQJQ\" alt=\"\" width=\"45\" height=\"58\" loading=\"lazy\"\/>  <\/p>\n<p class=\"contentpart contentpart--default contentpart--text\" data-position=\"7\">Jej pierwsz\u0105 przeciwniczk\u0105 b\u0119dzie zwyci\u0119\u017cczyni meczu pomi\u0119dzy Australijk\u0105 Dari\u0105 Kasatkin\u0105 a jedn\u0105 z zawodniczek, kt\u00f3re przebrn\u0105 przez trwaj\u0105ce w\u0142a\u015bnie kwalifikacje.<\/p>\n","protected":false},"excerpt":{"rendered":"Iga \u015awi\u0105tek\u00a0zameldowa\u0142a si\u0119 na korcie ziemnym w Madrycie i od razu wzbudzi\u0142a wielkie emocje, trenuj\u0105c wsp\u00f3lnie z Japonk\u0105&hellip;\n","protected":false},"author":2,"featured_media":379529,"comment_status":"","ping_status":"","sticky":false,"template":"","format":"standard","meta":{"footnotes":"","_share_on_mastodon":"0"},"categories":[24],"tags":[158,6458,42,38,40,39,41,127,268,126,156,35010,68237],"class_list":["post-379528","post","type-post","status-publish","format-standard","has-post-thumbnail","category-sport","tag-iga-swiatek","tag-naomi-osaka","tag-pl","tag-poland","tag-polish","tag-polska","tag-polski","tag-sport","tag-sportowybar","tag-sports","tag-tenis","tag-tomasz-wiktorowski","tag-wta-madryt"],"share_on_mastodon":{"url":"https:\/\/pubeurope.com\/@pl\/116439979503834979","error":""},"_links":{"self":[{"href":"https:\/\/www.europesays.com\/pl\/wp-json\/wp\/v2\/posts\/379528","targetHints":{"allow":["GET"]}}],"collection":[{"href":"https:\/\/www.europesays.com\/pl\/wp-json\/wp\/v2\/posts"}],"about":[{"href":"https:\/\/www.europesays.com\/pl\/wp-json\/wp\/v2\/types\/post"}],"author":[{"embeddable":true,"href":"https:\/\/www.europesays.com\/pl\/wp-json\/wp\/v2\/users\/2"}],"replies":[{"embeddable":true,"href":"https:\/\/www.europesays.com\/pl\/wp-json\/wp\/v2\/comments?post=379528"}],"version-history":[{"count":0,"href":"https:\/\/www.europesays.com\/pl\/wp-json\/wp\/v2\/posts\/379528\/revisions"}],"wp:featuredmedia":[{"embeddable":true,"href":"https:\/\/www.europesays.com\/pl\/wp-json\/wp\/v2\/media\/379529"}],"wp:attachment":[{"href":"https:\/\/www.europesays.com\/pl\/wp-json\/wp\/v2\/media?parent=379528"}],"wp:term":[{"taxonomy":"category","embeddable":true,"href":"https:\/\/www.europesays.com\/pl\/wp-json\/wp\/v2\/categories?post=379528"},{"taxonomy":"post_tag","embeddable":true,"href":"https:\/\/www.europesays.com\/pl\/wp-json\/wp\/v2\/tags?post=379528"}],"curies":[{"name":"wp","href":"https:\/\/api.w.org\/{rel}","templated":true}]}}